{"id":94158,"date":"2024-11-18T02:50:02","date_gmt":"2024-11-18T05:50:02","guid":{"rendered":"https:\/\/radioacuariofm.com.ar\/?p=94158"},"modified":"2024-11-18T02:50:20","modified_gmt":"2024-11-18T05:50:20","slug":"en-el-ultimo-debate-alvaro-delgado-y-yamandu-orsi-centraron-su-ofensiva-en-economia-y-seguridad","status":"publish","type":"post","link":"https:\/\/radioacuariofm.com.ar\/?p=94158","title":{"rendered":"en el \u00faltimo debate, Alvaro Delgado y Yamand\u00fa Orsi centraron su ofensiva en econom\u00eda y seguridad"},"content":{"rendered":"<p><img decoding=\"async\" src=\"https:\/\/radioacuariofm.com.ar\/wp-content\/uploads\/2024\/11\/UHxIixQCV_2000x1500__1-1.jpg\"\/><\/p>\n<p><\/p>\n<p>Los candidatos presidenciales del opositor Frente Amplio (FA), <strong>Yamand\u00fa Orsi,<\/strong> y del oficialista Partido Nacional (PN), <strong>\u00c1lvaro Delgado<\/strong>, se enfrentaron este domingo a la noche en <strong>un \u00faltimo y esperado debate en Uruguay, una semana antes del balotaje,<\/strong> en el que marcaron diferencias en los rubros de <strong>seguridad y econom\u00eda<\/strong>, los que concitan m\u00e1s preocupaci\u00f3n en la poblaci\u00f3n.<\/p>\n<p>En un tono mesurado y de respeto al adversario, los dos candidatos, con posturas muy similares en varias \u00e1reas a lo largo de todo el encuentro que dur\u00f3 una hora y media, se comprometieron a <strong>no aumentar impuestos,<\/strong> a fomentar la <strong>apertura del pa\u00eds al capital extranjero<\/strong> y a mantener una <strong>pol\u00edtica de mano dura contra la inseguridad,<\/strong> especialmente contra el alza creciente del narcotr\u00e1fico.<\/p>\n<p>Al intercambiar sus propuestas sobre seguridad, un asunto que apareci\u00f3 intensamente en las campa\u00f1as por <strong>el crecimiento de la violencia delictiva en el pa\u00eds,<\/strong> el oficialista Delgado sostuvo que los a\u00f1os 2018 y 2019 registraron los \u00edndices m\u00e1s altos en t\u00e9rminos de criminalidad. \u201cFueron los a\u00f1os m\u00e1s violentos de Uruguay y nosotros d<strong>ejamos este gobierno con tasas menores de delitos<\/strong>\u201d, consign\u00f3 el postulante oficialista mostrando gr\u00e1ficos ante las c\u00e1maras.<\/p>\n<p>\u201c<strong>El narcotr\u00e1fico es el enemigo <\/strong>de la sociedad y buena parte de lo que reclama el Frente Amplio <strong>ya lo hemos hecho<\/strong> en Uruguay\u201d, dijo Delgado.<\/p>\n<p>  El oficialista Alvaro Delgado saluda a militantes luego del debate. Foto Reuters  <\/p>\n<p>Orsi, por su lado, sostuvo que el tema de seguridad es uno de los asuntos centrales de su propuesta y present\u00f3 a continuaci\u00f3n una serie de medidas concretas: \u201c<strong>Sumaremos 2.000 polic\u00edas <\/strong>en todo el pa\u00eds; crearemos comisar\u00edas m\u00f3viles que puedan llegar a todo el territorio; intensificaremos el patrullaje; llegaremos a la instalaci\u00f3n de <strong>20.000 c\u00e1maras de vigilancia<\/strong>; controlaremos m\u00e1s las fronteras; combatiremos el lavado de activos; y <strong>desactivaremos las 50 bandas que existen hoy<\/strong> en el pa\u00eds\u201d, enumer\u00f3.<\/p>\n<p>Uruguay confronta costos de la canasta primaria mucho m\u00e1s abultados con respecto a sus vecinos, debido a distorsiones con el tipo de cambio que, si se deval\u00faa, impactar\u00e1 en la inflaci\u00f3n. El costo de vida fluct\u00faa por encima del 5,30 por ciento anual. El candidato blanco recort\u00f3 que entre su proyecto y el del Frente Amplio hay<strong> \u201cdos modelos de pa\u00eds\u201d <\/strong>y que los votantes deben analizar <strong>\u201cqui\u00e9n tiene equipo y qui\u00e9n tiene credibilidad\u201d.<\/strong><\/p>\n<p>Al hablar sobre la econom\u00eda, Orsi sostuvo que \u201cnuestro compromiso es la <strong>estabilidad<\/strong>, el equilibrio macroecon\u00f3mico y dar certezas. En 15 a\u00f1os de gobierno del Frente, el Uruguay creci\u00f3 como nunca y eso es lo que repetiremos\u201d<\/p>\n<p>\u201cNo vamos a aumentar los impuestos. Vamos a apoyar a las peque\u00f1as y medianas industrias benefici\u00e1ndolas con el  costo m\u00e1s bajo de la energ\u00eda, resolviendo la burocracia, protegiendo la industria nacional y favoreciendo las compa\u00f1\u00edas p\u00fablicas\u201d, dijo el candidato opositor.<\/p>\n<p>  <img decoding=\"async\" alt=\"Yamand\u00fa Orsi, candidato del Frente Amplio, gan\u00f3 la primera vuelta de las elecciones. Foto Reuters\" src=\"https:\/\/radioacuariofm.com.ar\/wp-content\/uploads\/2024\/11\/xIeF-Oih8_720x0__1.jpg\"\/>Yamand\u00fa Orsi, candidato del Frente Amplio, gan\u00f3 la primera vuelta de las elecciones. Foto Reuters  <\/p>\n<p>Delgado replic\u00f3 que es en la seguridad y la econom\u00eda \u201cdonde nuestras propuestas se diferencian. <strong>Todas las cifras que recibimos en el gobierno no eran buenas sino en alza: el desempleo, la inflaci\u00f3n, el d\u00e9ficit\u201d.<\/strong><\/p>\n<p>\u201cLa pandemia nos afect\u00f3 en el crecimiento, pero en la post pandemia no cerramos el pa\u00eds, como propon\u00edan Orsi y el Frente Amplio, y apoyamos la apertura y la producci\u00f3n. Tenemos as\u00ed <strong>el salario m\u00e1s alto en 49 a\u00f1os en Uruguay.<\/strong> Este es el Uruguay real y el que defendemos\u201d, asegur\u00f3.<\/p>\n<p>\u201cTenemos que trabajar en el costo de vida para que Uruguay sea <strong>un pa\u00eds m\u00e1s barato. <\/strong>No vamos a aumentar los impuestos. Vamos a abrir a Uruguay al mundo con pragmatismo y sin ideolog\u00eda. <strong>Tenemos el riesgo econ\u00f3mico m\u00e1s bajo de Am\u00e9rica latina y eso lo mantendremos\u201d<\/strong>, prometi\u00f3 Delgado.<\/p>\n<p>En los<strong> sondeos, <\/strong>Orsi -un pol\u00edtico promercado y a favor de la jubilaci\u00f3n privada- aparece con <strong>leve ventaja<\/strong> para el balotaje frente al oficialista Delgado que sostiene pr\u00e1cticamente las mismas posiciones y consignas. De modo que ambos abrevan en el mismo electorado centrista y superponiendo discursos, se\u00f1alan los analistas.<\/p>\n<p>En tres sondeos divulgados la \u00faltima semana, tres encuestadoras ubican a <strong>Orsi primero, seguido de cerca por el oficialismo.<\/strong> Para Equipos, hay 45% de intenci\u00f3n de voto para Orsi y un 41% para Delgado. Factum da a Orsi 47% contra 45 a Delgado. Para Opci\u00f3n, en cambio, Orsi tiene 48,5%, frente al 45,1%.<\/p>\n","protected":false},"excerpt":{"rendered":"<p>Los candidatos presidenciales del opositor Frente Amplio (FA), Yamand\u00fa Orsi, y del oficialista Partido Nacional (PN), \u00c1lvaro Delgado, se enfrentaron este domingo a la noche en un \u00faltimo y esperado debate en Uruguay, una semana antes del balotaje, en el que marcaron diferencias en los rubros de seguridad y econom\u00eda, los que concitan m\u00e1s preocupaci\u00f3n [&hellip;]<\/p>\n","protected":false},"author":2,"featured_media":94159,"comment_status":"closed","ping_status":"closed","sticky":false,"template":"","format":"standard","meta":{"footnotes":""},"categories":[33],"tags":[],"class_list":["post-94158","post","type-post","status-publish","format-standard","has-post-thumbnail","hentry","category-el-mundo"],"_links":{"self":[{"href":"https:\/\/radioacuariofm.com.ar\/index.php?rest_route=\/wp\/v2\/posts\/94158","targetHints":{"allow":["GET"]}}],"collection":[{"href":"https:\/\/radioacuariofm.com.ar\/index.php?rest_route=\/wp\/v2\/posts"}],"about":[{"href":"https:\/\/radioacuariofm.com.ar\/index.php?rest_route=\/wp\/v2\/types\/post"}],"author":[{"embeddable":true,"href":"https:\/\/radioacuariofm.com.ar\/index.php?rest_route=\/wp\/v2\/users\/2"}],"replies":[{"embeddable":true,"href":"https:\/\/radioacuariofm.com.ar\/index.php?rest_route=%2Fwp%2Fv2%2Fcomments&post=94158"}],"version-history":[{"count":1,"href":"https:\/\/radioacuariofm.com.ar\/index.php?rest_route=\/wp\/v2\/posts\/94158\/revisions"}],"predecessor-version":[{"id":94162,"href":"https:\/\/radioacuariofm.com.ar\/index.php?rest_route=\/wp\/v2\/posts\/94158\/revisions\/94162"}],"wp:featuredmedia":[{"embeddable":true,"href":"https:\/\/radioacuariofm.com.ar\/index.php?rest_route=\/wp\/v2\/media\/94159"}],"wp:attachment":[{"href":"https:\/\/radioacuariofm.com.ar\/index.php?rest_route=%2Fwp%2Fv2%2Fmedia&parent=94158"}],"wp:term":[{"taxonomy":"category","embeddable":true,"href":"https:\/\/radioacuariofm.com.ar\/index.php?rest_route=%2Fwp%2Fv2%2Fcategories&post=94158"},{"taxonomy":"post_tag","embeddable":true,"href":"https:\/\/radioacuariofm.com.ar\/index.php?rest_route=%2Fwp%2Fv2%2Ftags&post=94158"}],"curies":[{"name":"wp","href":"https:\/\/api.w.org\/{rel}","templated":true}]}}