{"id":94154,"date":"2024-11-18T02:39:59","date_gmt":"2024-11-18T05:39:59","guid":{"rendered":"https:\/\/radioacuariofm.com.ar\/?p=94154"},"modified":"2024-11-18T02:40:18","modified_gmt":"2024-11-18T05:40:18","slug":"con-una-fuerte-presion-de-los-gobernadores-la-casa-rosada-busca-sacar-dictamen-del-presupuesto-en-diputados","status":"publish","type":"post","link":"https:\/\/radioacuariofm.com.ar\/?p=94154","title":{"rendered":"Con una fuerte presi\u00f3n de los gobernadores, la Casa Rosada busca sacar dictamen del Presupuesto en Diputados"},"content":{"rendered":"<p><img decoding=\"async\" src=\"https:\/\/radioacuariofm.com.ar\/wp-content\/uploads\/2024\/11\/g9Vyc4m-g_2000x1500__1-1.jpg\"\/>   <\/p>\n<p>El Gobierno buscar\u00e1 este martes en Diputados <strong>sacar despacho de comisi\u00f3n del proyecto de Presupuesto 2025<\/strong>, en medio de la <strong>presi\u00f3n que ejercen los gobernadores<\/strong>, que reclaman importantes modificaciones al texto original y <strong>amenazan con impulsar una propuesta propia<\/strong> si no hay aceptaci\u00f3n de sus demandas.<\/p>\n<p>La reuni\u00f3n de la comisi\u00f3n de Presupuesto, que comanda <strong>Jos\u00e9 Luis Espert<\/strong>, est\u00e1 convocada para el martes a las 15, pero previamente los distintos bloques se juntar\u00e1n para definir sus estrategias. No est\u00e1 claro c\u00f3mo se posicionar\u00e1 cada bancada. <\/p>\n<p>Desde el PRO como la UCR oficial esperaban una respuesta a los 5 puntos que presentaron durante la reuni\u00f3n que tuvieron la semana pasada con el vicejefe de Gabinete, Jos\u00e9 Rolandi, junto al secretario de Hacienda, Carlos Guberman, y Espert.<\/p>\n<p>Tal como inform\u00f3 este diario, entre los reclamos est\u00e1n el reparto del 1,9% de los impuestos coparticipables que eran destinados para financiar las operaciones de la disuelta AFIP, la liberaci\u00f3n de los fondos retenidos de los Adelantos del Tesoro y que se avance en la transferencia del Impuesto a los Combustibles L\u00edquidos (ICL). A eso se agrega, la normalizaci\u00f3n de la deuda con las cajas previsionales que no fueron transferidas a la ANSeS, lo que depende de una serie de auditor\u00edas.<\/p>\n<p>\u201cEstamos a la espera de modificaciones y que saquen el IVA a los medios\u201d, dijeron desde el macrismo, el principal socio del Gobierno en el Congreso y que tiene 7 firmas en la comisi\u00f3n de Presupuesto. Mientras que en la UCR, el bloque que comanda Rodrigo De Loredo y que puede aportar 3 avales en la comisi\u00f3n, tambi\u00e9n apuestan a un avance de las negociaciones con los gobernadores aunque son conscientes que todo puede fracasar.<\/p>\n<p>El jueves hubo una reuni\u00f3n de los gobernadores con los jefes de los bloques que formaron parte de Juntos por el Cambio y acordaron ir con<strong> \u201cuna estrategia en conjunto\u201d<\/strong> con la intenci\u00f3n de que lo que se apruebe en el Congreso no pueda ser luego vetado por el presidente <strong>Javier Milei<\/strong>.<\/p>\n<p>Por su parte, <strong>Encuentro Federal<\/strong>, el bloque de Miguel Angel Pichetto, cuenta con dos representantes en la comisi\u00f3n de Presupuesto. Esta bancada se mostr\u00f3 dispuesta a respetar lo que digan los gobernadores, que en la reuni\u00f3n realizada el jueves en el Consejo Federal de Inversiones (CFI) dejaron trascender su malestar con la posici\u00f3n del Ejecutivo y deslizaron <strong>la posibilidad de presentar un dictamen propio<\/strong>, gesto que puede ser parte de la negociaci\u00f3n m\u00e1s que una medida concreta.<\/p>\n<p>Sin embargo, como anunci\u00f3 en su momento Nicol\u00e1s Massot, el bloque de Encuentro Federal est\u00e1 m\u00e1s cerca de ir con su dictamen propio, que mantiene el principio del equilibrio fiscal pero que fija incrementos a las partidas para universidades y jubilaciones.<\/p>\n<p>En<strong> Democracia para Siempre<\/strong>, la otra facci\u00f3n del radicalismo que preside Pablo Juliano, tambi\u00e9n tiene 2 firmas en la comisi\u00f3n de Presupuesto y est\u00e1n evaluando la situaci\u00f3n. Por el momento no ten\u00edan intenci\u00f3n de firmar ning\u00fan dictamen y en el recinto iban a apoyar en general con la condici\u00f3n de que le aprueben algunas modificaciones en determinados art\u00edculos. Principalmente buscan mayor presupuesto para la educaci\u00f3n.<\/p>\n<p>El bloque de <strong>Innovaci\u00f3n Federal,<\/strong> que responde a los gobernadores Alberto Weretilneck (R\u00edo Negro), Gustavo S\u00e1enz (Salta) y Hugo Passalacqua (Misiones); tiene 2 firmas en la comisi\u00f3n y sigue con las negociaciones con la Casa Rosada. A\u00fan no est\u00e1 confirmada<strong> la posici\u00f3n que tomar\u00e1 Coalici\u00f3n C\u00edvica <\/strong>que cuestiona algunos puntos como la delegaci\u00f3n de facultades legislativas y reclama aumento para los jubilados.<\/p>\n<p><strong>Uni\u00f3n por la Patria<\/strong>, que tiene 20 diputados en la comisi\u00f3n, ya anunci\u00f3 que presentar\u00e1 un dictamen propio con aumento para las universidades y los jubilados y la reincorporaci\u00f3n del Fondo de Incentivo Docente. La discusi\u00f3n por el presupuesto comenzar\u00e1 a definirse el martes mientras contin\u00faan las negociaciones entre el Gobierno y las provincias.<\/p>\n","protected":false},"excerpt":{"rendered":"<p>El Gobierno buscar\u00e1 este martes en Diputados sacar despacho de comisi\u00f3n del proyecto de Presupuesto 2025, en medio de la presi\u00f3n que ejercen los gobernadores, que reclaman importantes modificaciones al texto original y amenazan con impulsar una propuesta propia si no hay aceptaci\u00f3n de sus demandas. La reuni\u00f3n de la comisi\u00f3n de Presupuesto, que comanda [&hellip;]<\/p>\n","protected":false},"author":2,"featured_media":94155,"comment_status":"closed","ping_status":"closed","sticky":false,"template":"","format":"standard","meta":{"footnotes":""},"categories":[26],"tags":[],"class_list":["post-94154","post","type-post","status-publish","format-standard","has-post-thumbnail","hentry","category-politica"],"_links":{"self":[{"href":"https:\/\/radioacuariofm.com.ar\/index.php?rest_route=\/wp\/v2\/posts\/94154","targetHints":{"allow":["GET"]}}],"collection":[{"href":"https:\/\/radioacuariofm.com.ar\/index.php?rest_route=\/wp\/v2\/posts"}],"about":[{"href":"https:\/\/radioacuariofm.com.ar\/index.php?rest_route=\/wp\/v2\/types\/post"}],"author":[{"embeddable":true,"href":"https:\/\/radioacuariofm.com.ar\/index.php?rest_route=\/wp\/v2\/users\/2"}],"replies":[{"embeddable":true,"href":"https:\/\/radioacuariofm.com.ar\/index.php?rest_route=%2Fwp%2Fv2%2Fcomments&post=94154"}],"version-history":[{"count":1,"href":"https:\/\/radioacuariofm.com.ar\/index.php?rest_route=\/wp\/v2\/posts\/94154\/revisions"}],"predecessor-version":[{"id":94157,"href":"https:\/\/radioacuariofm.com.ar\/index.php?rest_route=\/wp\/v2\/posts\/94154\/revisions\/94157"}],"wp:featuredmedia":[{"embeddable":true,"href":"https:\/\/radioacuariofm.com.ar\/index.php?rest_route=\/wp\/v2\/media\/94155"}],"wp:attachment":[{"href":"https:\/\/radioacuariofm.com.ar\/index.php?rest_route=%2Fwp%2Fv2%2Fmedia&parent=94154"}],"wp:term":[{"taxonomy":"category","embeddable":true,"href":"https:\/\/radioacuariofm.com.ar\/index.php?rest_route=%2Fwp%2Fv2%2Fcategories&post=94154"},{"taxonomy":"post_tag","embeddable":true,"href":"https:\/\/radioacuariofm.com.ar\/index.php?rest_route=%2Fwp%2Fv2%2Ftags&post=94154"}],"curies":[{"name":"wp","href":"https:\/\/api.w.org\/{rel}","templated":true}]}}