{"id":94033,"date":"2024-11-17T20:32:35","date_gmt":"2024-11-17T23:32:35","guid":{"rendered":"https:\/\/radioacuariofm.com.ar\/?p=94033"},"modified":"2024-11-17T20:32:53","modified_gmt":"2024-11-17T23:32:53","slug":"es-el-brazo-armado-de-milei","status":"publish","type":"post","link":"https:\/\/radioacuariofm.com.ar\/?p=94033","title":{"rendered":"Es el brazo armado de Milei"},"content":{"rendered":"<p><img decoding=\"async\" src=\"https:\/\/radioacuariofm.com.ar\/wp-content\/uploads\/2024\/11\/7iilm5tuC_2000x1500__1-1.jpg\"\/>   <\/p>\n<p>El influencer libertario y conductor del canal de streaming oficialista \u201cCarajo\u201d, <strong>Gordo Dan, <\/strong>present\u00f3 en San Miguel la agrupaci\u00f3n \u201c<strong>Las Fuerzas del Cielo\u201d<\/strong> a la que calific\u00f3 como el <strong>\u201cbrazo armado de la Libertad Avanza\u201d <\/strong>en medio de una escenograf\u00eda que mezclaba consignas conservadoras, como \u201cDios, patria y familia\u201d y reminiscencias al Imperio Romano, que caracterizan la est\u00e9tica de la infanter\u00eda digital del oficialismo que comanda<strong> Santiago Caputo.<\/strong><\/p>\n<p>Pero m\u00e1s all\u00e1 del discurso de tono provocador, que suele utilizar un militante que se codea con dirigentes como el asesor estrella del Presidente o el diputado provincial <strong>Agust\u00edn Romo<\/strong> -ambos arquitectos de la Comunicaci\u00f3n Digital del Gobierno-,<strong> pareci\u00f3 jugar al fleje al asimilar al nuevo grupo con la figura del \u201cbrazo armado\u201d de un partido pol\u00edtico, la misma que en los a\u00f1os \u201970 utilizaban agrupaciones guerrilleras (Montoneros o las FAP, del peronismo, o el ERP, del Partido Revolucionario de los Trabajadores).<\/strong><\/p>\n<p>  Los \u201ctuiteros\u201d, el grupo de libertarios que responde a Santiago Caputo y pugna por lugares en las listas de 2025.  <\/p>\n<p>Como sea, Dan,<strong> en verdad Daniel Parisini<\/strong>, utiliz\u00f3 como escenario un teatro de San Miguel donde estuvo acompa\u00f1ado por el mismo Romo. El titular del bloque de LLA en la C\u00e1mara de diputados provincial es referente de la denominada <strong>\u201cBanda de San Miguel\u201d<\/strong>, de la que tambi\u00e9n forman parte el secretario de Culto y Civilizaci\u00f3n, <strong>Nahuel Sotelo<\/strong>, y el diputado nacional <strong>Santiago Santurio<\/strong>.<\/p>\n<h2>Bajo el paraguas de Santiago Caputo<\/h2>\n<p>Durante la presentaci\u00f3n realizada el s\u00e1bado por la noche en San Miguel <strong>colgaron banderas con est\u00e9tica del Imperio Romano<\/strong>, esa suerte de sincretismo que los trolls libertarios suelen utilizar para catalogar a la actual administraci\u00f3n como una etapa fundante de la Argentina. \u201cLa agrupaci\u00f3n Fuerzas del Cielo que se est\u00e1 formando hoy aqu\u00ed es el brazo armado de La Libertad Avanza, es la guardia pretoriana del presidente Javier Milei\u201d, destac\u00f3 Parisini.<\/p>\n<p>Con la presentaci\u00f3n de \u201cLas Fuerzas del Cielo\u201d, este grupo dirigentes pareci\u00f3 hacer notar que con la militancia en las redes sociales \u201cno alcanza\u201d y que en la v\u00edspera de la disputa interna rumo a las legislativas de 2025 tienen la oportunidad de proponer \u201ccandidatos para llenar las listas\u201d en varios distritos.<\/p>\n<p> De esta manera, <strong>el militante, que este a\u00f1o supo mostrarse en varias ocasiones en Casa Rosada <\/strong>-una tarde ingres\u00f3 a las oficinas del ministerio del Interior con Romo, por caso- pareci\u00f3 evidenciar la decisi\u00f3n de los \u201ctuiteros\u201d de desafiar a los \u201cterritoriales\u201d en la cancha, es decir, en la pelea electoral por los distritos algo que, en principio, se les ten\u00eda vedado. Es que Pareja, con la bendici\u00f3nde<strong> Karina Milei<\/strong>, arm\u00f3 el partido a nivel provincial y dispone de los apoderados<\/p>\n<p><strong>\u201cSomos tus soldados m\u00e1s leales, los que estuvieron desde un principio y vamos a estar hasta el final\u201d, puntualiz\u00f3 Parisini, en lo que pareci\u00f3 un mensaje hacia la interna libertaria. <\/strong><\/p>\n<p>Adem\u00e1s, enfatiz\u00f3 que su agrupaci\u00f3n va a defender \u201cel <strong>proyecto de pa\u00eds de nuestro l\u00edder, Javier Milei, y sus ideales<\/strong>: el liberalismo, el respecto irrestricto del proyecto de vida del pr\u00f3jimo, basado en el principio de no agresi\u00f3n y en el derecho a la vida, a la libertad y a la propiedad privada\u201d.<\/p>\n<p>Hacia el final fueron varios los dirigentes que se subieron al escenario, incluido el escritor <strong>Agust\u00edn Laje<\/strong>, que con un p\u00fablico que hac\u00eda pogo bajo el leit motiv del espacio -\u201cme chupan la pija la opini\u00f3n de los kukas\u201d-, cerraron a puro canto el colorido encuentro.<\/p>\n","protected":false},"excerpt":{"rendered":"<p>El influencer libertario y conductor del canal de streaming oficialista \u201cCarajo\u201d, Gordo Dan, present\u00f3 en San Miguel la agrupaci\u00f3n \u201cLas Fuerzas del Cielo\u201d a la que calific\u00f3 como el \u201cbrazo armado de la Libertad Avanza\u201d en medio de una escenograf\u00eda que mezclaba consignas conservadoras, como \u201cDios, patria y familia\u201d y reminiscencias al Imperio Romano, que [&hellip;]<\/p>\n","protected":false},"author":2,"featured_media":94034,"comment_status":"closed","ping_status":"closed","sticky":false,"template":"","format":"standard","meta":{"footnotes":""},"categories":[26],"tags":[],"class_list":["post-94033","post","type-post","status-publish","format-standard","has-post-thumbnail","hentry","category-politica"],"_links":{"self":[{"href":"https:\/\/radioacuariofm.com.ar\/index.php?rest_route=\/wp\/v2\/posts\/94033","targetHints":{"allow":["GET"]}}],"collection":[{"href":"https:\/\/radioacuariofm.com.ar\/index.php?rest_route=\/wp\/v2\/posts"}],"about":[{"href":"https:\/\/radioacuariofm.com.ar\/index.php?rest_route=\/wp\/v2\/types\/post"}],"author":[{"embeddable":true,"href":"https:\/\/radioacuariofm.com.ar\/index.php?rest_route=\/wp\/v2\/users\/2"}],"replies":[{"embeddable":true,"href":"https:\/\/radioacuariofm.com.ar\/index.php?rest_route=%2Fwp%2Fv2%2Fcomments&post=94033"}],"version-history":[{"count":1,"href":"https:\/\/radioacuariofm.com.ar\/index.php?rest_route=\/wp\/v2\/posts\/94033\/revisions"}],"predecessor-version":[{"id":94036,"href":"https:\/\/radioacuariofm.com.ar\/index.php?rest_route=\/wp\/v2\/posts\/94033\/revisions\/94036"}],"wp:featuredmedia":[{"embeddable":true,"href":"https:\/\/radioacuariofm.com.ar\/index.php?rest_route=\/wp\/v2\/media\/94034"}],"wp:attachment":[{"href":"https:\/\/radioacuariofm.com.ar\/index.php?rest_route=%2Fwp%2Fv2%2Fmedia&parent=94033"}],"wp:term":[{"taxonomy":"category","embeddable":true,"href":"https:\/\/radioacuariofm.com.ar\/index.php?rest_route=%2Fwp%2Fv2%2Fcategories&post=94033"},{"taxonomy":"post_tag","embeddable":true,"href":"https:\/\/radioacuariofm.com.ar\/index.php?rest_route=%2Fwp%2Fv2%2Ftags&post=94033"}],"curies":[{"name":"wp","href":"https:\/\/api.w.org\/{rel}","templated":true}]}}