{"id":92603,"date":"2024-11-14T23:51:46","date_gmt":"2024-11-15T02:51:46","guid":{"rendered":"https:\/\/radioacuariofm.com.ar\/?p=92603"},"modified":"2024-11-14T23:52:05","modified_gmt":"2024-11-15T02:52:05","slug":"por-que-no-le-preguntan-a-martin-menem-si-zulema-cobra-la-pension","status":"publish","type":"post","link":"https:\/\/radioacuariofm.com.ar\/?p=92603","title":{"rendered":"\u00bfPor qu\u00e9 no le preguntan a Mart\u00edn Menem si Zulema cobra la pensi\u00f3n?"},"content":{"rendered":"<p><img decoding=\"async\" src=\"https:\/\/radioacuariofm.com.ar\/wp-content\/uploads\/2024\/11\/2y3SCZnQ4_2000x1500__1-1.jpg\"\/>   <\/p>\n<p>El diputado <strong>Germ\u00e1n Mart\u00ednez<\/strong> cuestion\u00f3 la decisi\u00f3n del Gobierno del presidente <strong>Javier Milei<\/strong> de quitarle la jubilaci\u00f3n de privilegio a Cristina Kirchner, tras la ratificaci\u00f3n de su condena por corrupci\u00f3n, y <strong>aludi\u00f3 a la pensi\u00f3n que cobra Zulema Yoma por Carlos Sa\u00fal Menem<\/strong>.<\/p>\n<p>\u201c<strong>\u00bfPor qu\u00e9 no le preguntan al presidente de esta c\u00e1mara, si Zulema Menem cobra o no la pensi\u00f3n?<\/strong> Preg\u00fantenle, \u00bfo se la va a sacar a Zulema?\u201d, se pregunt\u00f3 en referencia al titular de la C\u00e1mara de Diputados, <strong>Mart\u00edn Menem<\/strong>, sobrino del fallecido expresidente.<\/p>\n<p>El presidente del bloque de Diputados de Uni\u00f3n por la Patria, durante su exposici\u00f3n en las comisiones de Presupuesto y Hacienda, agreg\u00f3 que \u201cel t\u00edo del presidente de esta c\u00e1mara <strong>muri\u00f3 condenado en segunda instancia<\/strong>\u201d en una de las dos causas judiciales que pesaban sobre el riojano.<\/p>\n<p><strong>\u201c<\/strong>El t\u00edo del presidente de est\u00e1 c\u00e1mara muri\u00f3 condenado en segunda instancia\u201d, afirm\u00f3 el diputado Mart\u00ednez. Y sentenci\u00f3: \u201c<strong>Si van a jugar a alcahuetes, b\u00e1nquensela\u201d.<\/strong><\/p>\n<p>En 2018, la Sala II de la C\u00e1mara Federal de Casaci\u00f3n Penal confirm\u00f3 la condena de 4 a\u00f1os y medio de prisi\u00f3n para el ex presidente Menem, y de 3 a\u00f1os y medio para el ex ministro de Econom\u00eda Domingo Cavallo, por el pago de sobresueldos en la d\u00e9cada del \u201990.<\/p>\n<p>A esa decisi\u00f3n judicial aludi\u00f3 el legislador de UxP en su exposici\u00f3n donde mostr\u00f3 el malestar por la quita de la jubilaci\u00f3n de privilegio a Cristina Kirchner. <\/p>\n<p>  Javier Milei inaugur\u00f3 el busto de Carlos Menem en la Casa Rosada: \u201cFue el mejor Presidente de los \u00faltimos 40 a\u00f1os\u201d. Foto: Presidencia  <\/p>\n<p>\u201cPor orden del presidente Javier Milei y detr\u00e1s del trabajo del Ministerio de Capital Humano, a trav\u00e9s de la ANSeS, se resolvi\u00f3 dar de baja la asignaci\u00f3n de privilegio que la ex presidenta Cristina Kirchner ven\u00eda percibiendo tanto en la asignaci\u00f3n personal como en la derivada por pensi\u00f3n del fallecido ex presidente N\u00e9stor Kirchner\u201d, anunci\u00f3 Manuel Adorni en conferencia de prensa.<\/p>\n<p>Menem es el presidente preferido de Javier Milei, a punto tal que en mayo de este a\u00f1o, en el ingreso a Casa Rosada, en el centro del Sal\u00f3n de Honor, restituy\u00f3 el busto del riojano junto a la veintena de im\u00e1genes de presidentes. En esa ocasi\u00f3n, el actual Jefe de Estado volvi\u00f3 a definir a Menem como \u201cel mejor presidente de la historia\u201d.<\/p>\n<p>En su alocuci\u00f3n, el diputado Mart\u00ednez tambi\u00e9n apunt\u00f3 a Mauricio Macri por ser el responsable de la \u201cenorme operaci\u00f3n judicial\u201d contra la expresidenta. <\/p>\n<p>\u201cEsta sesi\u00f3n berreta que est\u00e1n convocando para ficha limpia el d\u00eda mi\u00e9rcoles\u2026 Qu\u00e9 casual que los que est\u00e1n arrancando la firma de esa convocatoria son del mismo espacio pol\u00edtico del presidente que jugaba al tenis o al f\u00fatbol en su quinta con los jueces que condenaron a Cristina. Le est\u00e1n armando una sesi\u00f3n a Macri\u201d, manifest\u00f3.<\/p>\n<p>Efectivamente, la semana pr\u00f3xima, el PRO y La Libertad Avanza pidieron una sesi\u00f3n especial para tratar Ficha Limpia, el proyecto para que los condenados por corrupci\u00f3n no puedan ser candidatos y que afectar\u00eda directamente a la ex presidenta, luego de la ratificaci\u00f3n de su condena en la causa Vialidad. <\/p>\n","protected":false},"excerpt":{"rendered":"<p>El diputado Germ\u00e1n Mart\u00ednez cuestion\u00f3 la decisi\u00f3n del Gobierno del presidente Javier Milei de quitarle la jubilaci\u00f3n de privilegio a Cristina Kirchner, tras la ratificaci\u00f3n de su condena por corrupci\u00f3n, y aludi\u00f3 a la pensi\u00f3n que cobra Zulema Yoma por Carlos Sa\u00fal Menem. \u201c\u00bfPor qu\u00e9 no le preguntan al presidente de esta c\u00e1mara, si Zulema [&hellip;]<\/p>\n","protected":false},"author":2,"featured_media":92604,"comment_status":"closed","ping_status":"closed","sticky":false,"template":"","format":"standard","meta":{"footnotes":""},"categories":[26],"tags":[],"class_list":["post-92603","post","type-post","status-publish","format-standard","has-post-thumbnail","hentry","category-politica"],"_links":{"self":[{"href":"https:\/\/radioacuariofm.com.ar\/index.php?rest_route=\/wp\/v2\/posts\/92603","targetHints":{"allow":["GET"]}}],"collection":[{"href":"https:\/\/radioacuariofm.com.ar\/index.php?rest_route=\/wp\/v2\/posts"}],"about":[{"href":"https:\/\/radioacuariofm.com.ar\/index.php?rest_route=\/wp\/v2\/types\/post"}],"author":[{"embeddable":true,"href":"https:\/\/radioacuariofm.com.ar\/index.php?rest_route=\/wp\/v2\/users\/2"}],"replies":[{"embeddable":true,"href":"https:\/\/radioacuariofm.com.ar\/index.php?rest_route=%2Fwp%2Fv2%2Fcomments&post=92603"}],"version-history":[{"count":1,"href":"https:\/\/radioacuariofm.com.ar\/index.php?rest_route=\/wp\/v2\/posts\/92603\/revisions"}],"predecessor-version":[{"id":92606,"href":"https:\/\/radioacuariofm.com.ar\/index.php?rest_route=\/wp\/v2\/posts\/92603\/revisions\/92606"}],"wp:featuredmedia":[{"embeddable":true,"href":"https:\/\/radioacuariofm.com.ar\/index.php?rest_route=\/wp\/v2\/media\/92604"}],"wp:attachment":[{"href":"https:\/\/radioacuariofm.com.ar\/index.php?rest_route=%2Fwp%2Fv2%2Fmedia&parent=92603"}],"wp:term":[{"taxonomy":"category","embeddable":true,"href":"https:\/\/radioacuariofm.com.ar\/index.php?rest_route=%2Fwp%2Fv2%2Fcategories&post=92603"},{"taxonomy":"post_tag","embeddable":true,"href":"https:\/\/radioacuariofm.com.ar\/index.php?rest_route=%2Fwp%2Fv2%2Ftags&post=92603"}],"curies":[{"name":"wp","href":"https:\/\/api.w.org\/{rel}","templated":true}]}}