{"id":89341,"date":"2024-11-04T15:20:02","date_gmt":"2024-11-04T18:20:02","guid":{"rendered":"https:\/\/radioacuariofm.com.ar\/?p=89341"},"modified":"2024-11-04T15:20:08","modified_gmt":"2024-11-04T18:20:08","slug":"colores-y-arte-en-una-muestra-de-alumnos-de-nivel-inicial-2","status":"publish","type":"post","link":"https:\/\/radioacuariofm.com.ar\/?p=89341","title":{"rendered":"Colores y arte en una muestra de alumnos de Nivel Inicial"},"content":{"rendered":"<p><img decoding=\"async\" src=\"https:\/\/radioacuariofm.com.ar\/wp-content\/uploads\/2024\/11\/c40aa050ac7c7f986732bc404dc7fc4e_L-2.jpg\"\/>  <\/p>\n<p>En el marco de la Semana de las Artes, el hall expositor del Centro C\u00edvico se convirti\u00f3 en una colorida galer\u00eda de arte en la que los estudiantes de Nivel Inicial expusieron sus creaciones. La actividad se extendi\u00f3 tambi\u00e9n al Centro Cultural Conte Grand y al Museo Franklin Rawson, con trabajos de alumnos de Nivel Primario, y fue organizada por el Ministerio de Educaci\u00f3n a trav\u00e9s de Supervisi\u00f3n de Artes Visuales de las Zonas 1; 2 y 3.<\/p>\n<p>Los ni\u00f1os del Nivel Inicial de salas de 4 y 5 a\u00f1os y de los Jardines de Infantes Nucleados (JIN) se inspiraron en las obras de reconocidos artistas pl\u00e1sticos sanjuaninos y experimentaron con diversas t\u00e9cnicas, tras la gu\u00eda de los docentes que trabajaron bajo esta premisa de la Semana de las Artes.<\/p>\n<p>Las escuelas adem\u00e1s programaron visitas al Centro C\u00edvico, por lo que los estudiantes, docentes y padres pudieron ver los trabajos en exposici\u00f3n.<\/p>\n<p>La Semana de las Artes fue una iniciativa del Ministerio de Educaci\u00f3n, impulsada por la ministra Silvia Fuentes, para quien fomentar la expresi\u00f3n art\u00edstica en todos los niveles educativos promueve la creatividad, la imaginaci\u00f3n y el desarrollo integral de los ni\u00f1os.<\/p>\n<p>La organizaci\u00f3n estuvo a cargo de Supervisi\u00f3n de Artes Visuales de las Zonas 1; 2 y 3, cuyas supervisoras son Mar\u00eda Ugalde, Estela Luna y Emilia Rodr\u00edguez.<\/p>\n<p>La entrada Colores y arte en una muestra de alumnos de Nivel Inicial se public\u00f3 primero en DIARIO DIGITAL MORENO MEDIOS.<\/p>\n","protected":false},"excerpt":{"rendered":"<p>En el marco de la Semana de las Artes, el hall expositor del Centro C\u00edvico se convirti\u00f3 en una colorida galer\u00eda de arte en la que los estudiantes de Nivel Inicial expusieron sus creaciones. La actividad se extendi\u00f3 tambi\u00e9n al Centro Cultural Conte Grand y al Museo Franklin Rawson, con trabajos de alumnos de Nivel [&hellip;]<\/p>\n","protected":false},"author":2,"featured_media":89342,"comment_status":"closed","ping_status":"closed","sticky":false,"template":"","format":"standard","meta":{"footnotes":""},"categories":[27],"tags":[],"class_list":["post-89341","post","type-post","status-publish","format-standard","has-post-thumbnail","hentry","category-san-juan"],"_links":{"self":[{"href":"https:\/\/radioacuariofm.com.ar\/index.php?rest_route=\/wp\/v2\/posts\/89341","targetHints":{"allow":["GET"]}}],"collection":[{"href":"https:\/\/radioacuariofm.com.ar\/index.php?rest_route=\/wp\/v2\/posts"}],"about":[{"href":"https:\/\/radioacuariofm.com.ar\/index.php?rest_route=\/wp\/v2\/types\/post"}],"author":[{"embeddable":true,"href":"https:\/\/radioacuariofm.com.ar\/index.php?rest_route=\/wp\/v2\/users\/2"}],"replies":[{"embeddable":true,"href":"https:\/\/radioacuariofm.com.ar\/index.php?rest_route=%2Fwp%2Fv2%2Fcomments&post=89341"}],"version-history":[{"count":1,"href":"https:\/\/radioacuariofm.com.ar\/index.php?rest_route=\/wp\/v2\/posts\/89341\/revisions"}],"predecessor-version":[{"id":89344,"href":"https:\/\/radioacuariofm.com.ar\/index.php?rest_route=\/wp\/v2\/posts\/89341\/revisions\/89344"}],"wp:featuredmedia":[{"embeddable":true,"href":"https:\/\/radioacuariofm.com.ar\/index.php?rest_route=\/wp\/v2\/media\/89342"}],"wp:attachment":[{"href":"https:\/\/radioacuariofm.com.ar\/index.php?rest_route=%2Fwp%2Fv2%2Fmedia&parent=89341"}],"wp:term":[{"taxonomy":"category","embeddable":true,"href":"https:\/\/radioacuariofm.com.ar\/index.php?rest_route=%2Fwp%2Fv2%2Fcategories&post=89341"},{"taxonomy":"post_tag","embeddable":true,"href":"https:\/\/radioacuariofm.com.ar\/index.php?rest_route=%2Fwp%2Fv2%2Ftags&post=89341"}],"curies":[{"name":"wp","href":"https:\/\/api.w.org\/{rel}","templated":true}]}}