{"id":87415,"date":"2024-11-01T07:51:40","date_gmt":"2024-11-01T10:51:40","guid":{"rendered":"https:\/\/radioacuariofm.com.ar\/?p=87415"},"modified":"2024-11-01T07:52:00","modified_gmt":"2024-11-01T10:52:00","slug":"esta-desaparecida-no-sabemos-nada-el-relato-de-angustia-de-los-familiares-de-personas-perdidas","status":"publish","type":"post","link":"https:\/\/radioacuariofm.com.ar\/?p=87415","title":{"rendered":"\u201cEst\u00e1 desaparecida, no sabemos nada\u201d, el relato de angustia de los familiares de personas perdidas"},"content":{"rendered":"<p><img decoding=\"async\" src=\"https:\/\/radioacuariofm.com.ar\/wp-content\/uploads\/2024\/11\/kvzw_kW6s_2000x1500__1-1.jpg\"\/><\/p>\n<p><\/p>\n<p>El padre de Paco baj\u00f3 el martes a<strong> sacar el coche del garaje <\/strong>con otros vecinos. Su mujer se qued\u00f3 en casa, poni\u00e9ndose los zapatos. Viven en Paiporta, una de las localidades afectadas por las inundaciones por la DANA, en Valencia, con m\u00e1s de 40 v\u00edctimas confirmadas.<\/p>\n<p>Su hijo fue el mi\u00e9rcoles caminando con su hermano desde Valencia<strong> para buscarlo<\/strong>. \u201cNo sabemos nada, y s\u00e9 que tiene que estar ah\u00ed. Es desesperante\u201d, explicaba desde la comandancia de la Guardia Civil de Patraix, a donde acudi\u00f3 pensando que podr\u00eda denunciar su desaparici\u00f3n. <\/p>\n<p>  Paiporta, una de las localidades afectadas por las inundaciones por la DANA, en Valencia. Foto: Reuters  <\/p>\n<p>El cuartel es una de las dos oficinas ante mortem habilitadas para que los familiares <strong>puedan aportar datos<\/strong> -el tatuaje que lo caracterizaba, la ropa que llevaban puesta cuando desaparecieron- que ayuden en el proceso de identificaci\u00f3n de las v\u00edctimas de la DANA.<\/p>\n<p>Con la misma angustia lleg\u00f3 la hermana de<strong> Eva, \u201cdesaparecida desde las siete de la tarde del martes <\/strong>que sali\u00f3 de su oficina\u201d, explicaba su hermana, desesperada. Sabe que sali\u00f3 acompa\u00f1ada de su compa\u00f1era, \u201cy a ella la consiguieron rescatar, pero a mi hermana se ve que no, se separaron y no sabemos nada de ella\u201d.<\/p>\n<h2>\u201cLlevamos horas llamando y es imposible\u201d<\/h2>\n<p>La mujer, visiblemente alternada, llega buscando ayuda, sin haber conseguido a\u00fan confirmar si su hermana est\u00e1 entre los fallecidos. \u201cHemos llamado al tel\u00e9fono y es imposible.<strong> Llevamos horas llamando y es imposible<\/strong>, el n\u00famero est\u00e1 dando muchos problemas\u201d, explica entre l\u00e1grimas. <\/p>\n<p>  <img decoding=\"async\" alt=\"Cientos de personas cruzan la pasarela de Valencia hacia el barrio valenciano de La Torre, con alimentos y herramientas para ayudar al desescombro tras DANA. Foto: EFE\" src=\"https:\/\/radioacuariofm.com.ar\/wp-content\/uploads\/2024\/11\/k_gFk-cd4_720x0__1.jpg\"\/>Cientos de personas cruzan la pasarela de Valencia hacia el barrio valenciano de La Torre, con alimentos y herramientas para ayudar al desescombro tras DANA. Foto: EFE  <\/p>\n<p>\u201cEstamos desesperados\u201d, reconoce tras una ma\u00f1ana agotadora, dando vueltas por la ciudad de la Ciudad de la Justicia hasta la comandancia de Patraix, sin soltar el tel\u00e9fono al que se aferra. Es una de las primeras personas que se han acercado al cuartel, donde entraron el mi\u00e9rcoles por la tarde diversas personas con muchas preguntas. Como el joven que, tras pasar la noche encaramado a un puente en Godelleta, llegaba con su hermana porque <strong>no localizaban a su padre<\/strong>. Intuyen que <strong>\u201cel coche cay\u00f3 por un barranco<\/strong>\u201d, cuenta llorando su hermana. Su madre les pidi\u00f3 ayuda porque no lo encontraban.<\/p>\n<p>M\u00e1s silencio hay en la Jefatura Superior de Justicia de Valencia donde <strong>la atenci\u00f3n se est\u00e1 haciendo de forma telef\u00f3nica<\/strong>, aunque a sus puertas se acerca una mujer que asegura que <strong>su hija de 30 a\u00f1os no ha vuelto a dormir <\/strong>a casa. Hay mucha gente incomunicada, sin cobertura o directamente con el m\u00f3vil sin bater\u00eda lo que a\u00f1ade angustia a todo aquel  que no encuentra a un ser querido.<\/p>\n<p>Todo ello sucede en una jornada donde los primeros veh\u00edculos f\u00fanebres con restos de<strong> v\u00edctimas de la DANA <\/strong>van accediendo a un s\u00f3tano habilitado en la Ciudad de la Justicia para su identificaci\u00f3n. <\/p>\n<p>  <img decoding=\"async\" alt=\"Autos apilados en el agua, en Valencia. Foto: AP \" src=\"https:\/\/radioacuariofm.com.ar\/wp-content\/uploads\/2024\/11\/MNuu3jFlt_720x0__1.jpg\"\/>Autos apilados en el agua, en Valencia. Foto: AP   <\/p>\n<p>Sorprendidos, los transe\u00fantes preguntan a los periodistas qu\u00e9 sucede y es que en una ciudad que amanece con los rayos de sol y sin rastro de lluvia parece complicado entender que, a escasos kil\u00f3metros, <strong>hay escenarios dantescos de inundaciones, barro y destrucci\u00f3n<\/strong>. Tanto que fuentes judiciales explican que <strong>no ser\u00e1 nada sencilla la identificaci\u00f3n de determinados cad\u00e1veres,<\/strong> algunos de los cu\u00e1les podr\u00edan haber sido arrastrados a poblaciones vecinas. Adem\u00e1s, a\u00f1aden, cuando se localizan, los forenses deben rese\u00f1ar el cuerpo ver si hay doumentaci\u00f3n que lo pudiera identificar y tomarle las primeras huellas.<\/p>\n<p>La prioridad el mi\u00e9rcoles <strong>no era otra que localizar los cuerpos<\/strong> -el conteo de v\u00edctimas fue creciendo durante todo el d\u00eda- y poder trasladarlos a la morgue. La identificaci\u00f3n definitiva, explican fuentes del TSJ, ser\u00e1 un proceso largo y a algunos tendr\u00e1 que hac\u00e9rseles pruebas de ADN.<\/p>\n<p>Con todo, ya se empieza a ponerle rostro a las primas v\u00edctimas mortales de la tragedia por la DANA. Hay hasta cinco ancianos fallecidos en una residencia de Paiporta. Paralelamente, en l\u2019Alc\u00fadia, su alcalde, Andreu Salom, confirmaba la muerte de una madre y su hija. Al parecer la inundaci\u00f3n de la vivienda, un bajo ubicado en una calle c\u00e9ntrica<strong>, provoc\u00f3 un desprendimiento en el interior que caus\u00f3 la muerte a la hija<\/strong>, de unos 50 a\u00f1os de edad. La madre, con problemas en el coraz\u00f3n, tambi\u00e9n falleci\u00f3.<\/p>\n<p>Quienes se vieron sorprendidos en la carretera pidieron ayuda en redes sociales, en la televisi\u00f3n y en la radio, desesperados por la situaci\u00f3n. Como Mara, que relat\u00f3 a sus amigas c\u00f3mo hab\u00eda quedado atrapada desde que sali\u00f3 sobre las cinco de la tarde de Picassent. <strong>Pas\u00f3 la noche dentro del coche<\/strong> hasta que \u201ca las siete de la ma\u00f1ana un chico desesperado pidi\u00f3 ayuda porque ten\u00eda un beb\u00e9 y hemos conseguido salir con el coche\u201d.<\/p>\n<p>  <img decoding=\"async\" alt=\"Los autos se conviertieron en trampas. Foto: AP\" src=\"https:\/\/radioacuariofm.com.ar\/wp-content\/uploads\/2024\/11\/tJuCsdS3t_720x0__1.jpg\"\/>Los autos se conviertieron en trampas. Foto: AP  <\/p>\n<p> Quienes salieron antes, acabaron alojados en los espacios habilitados por el Ayuntamiento de Valencia. \u201c<strong>Los autos empezaron a flotar,<\/strong> la gente <strong>se sub\u00eda al techo<\/strong> y un camionero abri\u00f3 el remolque y nos metimos ah\u00ed\u201d, cuenta Patricia. Ante la magnitud de la cat\u00e1strofe, se han decretado<strong> tres d\u00edas de luto oficial en Espa\u00f1a.<\/strong><\/p>\n<p><em>Tel\u00e9fono para la atenci\u00f3n de familiares de las personas desaparecidas activado por la Generalitat Valenciana<\/em><\/p>\n<h3>900 365 112<\/h3>\n<p>La entrada \u201cEst\u00e1 desaparecida, no sabemos nada\u201d, el relato de angustia de los familiares de personas perdidas se public\u00f3 primero en DIARIO DIGITAL MORENO MEDIOS.<\/p>\n","protected":false},"excerpt":{"rendered":"<p>El padre de Paco baj\u00f3 el martes a sacar el coche del garaje con otros vecinos. Su mujer se qued\u00f3 en casa, poni\u00e9ndose los zapatos. Viven en Paiporta, una de las localidades afectadas por las inundaciones por la DANA, en Valencia, con m\u00e1s de 40 v\u00edctimas confirmadas. Su hijo fue el mi\u00e9rcoles caminando con su [&hellip;]<\/p>\n","protected":false},"author":2,"featured_media":87416,"comment_status":"closed","ping_status":"closed","sticky":false,"template":"","format":"standard","meta":{"footnotes":""},"categories":[33],"tags":[],"class_list":["post-87415","post","type-post","status-publish","format-standard","has-post-thumbnail","hentry","category-el-mundo"],"_links":{"self":[{"href":"https:\/\/radioacuariofm.com.ar\/index.php?rest_route=\/wp\/v2\/posts\/87415","targetHints":{"allow":["GET"]}}],"collection":[{"href":"https:\/\/radioacuariofm.com.ar\/index.php?rest_route=\/wp\/v2\/posts"}],"about":[{"href":"https:\/\/radioacuariofm.com.ar\/index.php?rest_route=\/wp\/v2\/types\/post"}],"author":[{"embeddable":true,"href":"https:\/\/radioacuariofm.com.ar\/index.php?rest_route=\/wp\/v2\/users\/2"}],"replies":[{"embeddable":true,"href":"https:\/\/radioacuariofm.com.ar\/index.php?rest_route=%2Fwp%2Fv2%2Fcomments&post=87415"}],"version-history":[{"count":1,"href":"https:\/\/radioacuariofm.com.ar\/index.php?rest_route=\/wp\/v2\/posts\/87415\/revisions"}],"predecessor-version":[{"id":87421,"href":"https:\/\/radioacuariofm.com.ar\/index.php?rest_route=\/wp\/v2\/posts\/87415\/revisions\/87421"}],"wp:featuredmedia":[{"embeddable":true,"href":"https:\/\/radioacuariofm.com.ar\/index.php?rest_route=\/wp\/v2\/media\/87416"}],"wp:attachment":[{"href":"https:\/\/radioacuariofm.com.ar\/index.php?rest_route=%2Fwp%2Fv2%2Fmedia&parent=87415"}],"wp:term":[{"taxonomy":"category","embeddable":true,"href":"https:\/\/radioacuariofm.com.ar\/index.php?rest_route=%2Fwp%2Fv2%2Fcategories&post=87415"},{"taxonomy":"post_tag","embeddable":true,"href":"https:\/\/radioacuariofm.com.ar\/index.php?rest_route=%2Fwp%2Fv2%2Ftags&post=87415"}],"curies":[{"name":"wp","href":"https:\/\/api.w.org\/{rel}","templated":true}]}}