{"id":86280,"date":"2024-10-27T21:24:11","date_gmt":"2024-10-28T00:24:11","guid":{"rendered":"https:\/\/radioacuariofm.com.ar\/?p=86280"},"modified":"2024-10-27T21:24:18","modified_gmt":"2024-10-28T00:24:18","slug":"el-desafio-de-reactivar-una-economia-cara-en-dolares-y-que-crece-poco","status":"publish","type":"post","link":"https:\/\/radioacuariofm.com.ar\/?p=86280","title":{"rendered":"el desaf\u00edo de reactivar una econom\u00eda cara en d\u00f3lares y que crece poco"},"content":{"rendered":"<p> <br \/>\n<\/p>\n<div id=\"cuerpo\">\n<div class=\"sc-80531b6b-0 lkfeNa container-text text-embed\">\n<p>Uruguay despej\u00f3 la inc\u00f3gnita fiscal que representaba el plebiscito para estatizar las jubilaciones y en menos de un mes definir\u00e1 en un balotaje entre el Frente Amplio, ganador de la elecci\u00f3n, y el candidato del Gobierno. Pero m\u00e1s all\u00e1 de quien resulte ganador, <strong>el pa\u00eds tendr\u00e1 los mismos desaf\u00edos especialmente en la econom\u00eda por ser caro en d\u00f3lares<\/strong>, precios desorbitantes para algunos productos y una deuda p\u00fablica creciente, entre otros puntos.<\/p>\n<\/div>\n<div class=\"sc-80531b6b-0 lkfeNa container-text text-embed\">\n<p>La disyuntiva de continuar con la centroderecha o correrse unos cent\u00edmetros a la centroizquierda no tiene alteraciones para una de las econom\u00edas m\u00e1s estables de Am\u00e9rica Latina. Sin embargo, presenta demandas porque todos coinciden en que es un pa\u00eds caro en d\u00f3lares y la necesidad de crecer porque el promedio de la \u00faltima d\u00e9cada -con alternancia en el poder- <strong>fue en torno al 1%.<\/strong><\/p>\n<\/div>\n<div class=\"sc-80531b6b-0 lkfeNa container-text text-embed\">\n<p>\u00abEl desaf\u00edo va a ser cumplir con la promesa que hicieron todos los candidatos de generar m\u00e1s inversi\u00f3n p\u00fablica en \u00e1reas que son cr\u00edticas cuando no hay recursos, hay un d\u00e9ficit fiscal que es elevado, cuatro y medio del PBI, <strong>una deuda p\u00fablica que es m\u00e1s alta que hace cinco a\u00f1os<\/strong>\u00ab, remarca Ignacio Munyo, director ejecutivo de la consultora Centro de Estudios de la Realidad Econ\u00f3mica y Social (CERES).<\/p>\n<\/div>\n<div class=\"sc-80531b6b-0 lkfeNa container-text text-embed\">\n<p>Uruguay es un pa\u00eds en el que cae la poblaci\u00f3n joven,<strong> la pobreza es del 10,1% <\/strong>pero dentro de ese total el 18,8 % lo conforman los menores hasta los 14 a\u00f1os y llega al 15,3% entre los que van de 14 a 24 a\u00f1os. \u00abHay niveles de pobreza infantil que no son graves para lo que el pa\u00eds pretende ser, pero hay niveles de acceso a la vivienda que son bajos, carencias en educaci\u00f3n, hay muchos servicios que tienen que mejorar para poder avanzar en el desarrollo y eso est\u00e1 planteado en el programa de todos los partidos\u00bb, establece Munyo pero insiste en que el desaf\u00edo ser\u00e1 ver c\u00f3mo lo cumplen.<\/p>\n<\/div>\n<div class=\"sc-80531b6b-0 lkfeNa container-text text-embed\">\n<p>Despu\u00e9s de que Uruguay padeciera la peor sequ\u00eda en m\u00e1s de un siglo entre fines de 2022 y abril del a\u00f1o pasado, que le peg\u00f3 de lleno al sector rural, gran un generador de divisas, las expectativas de <strong>crecimiento para este a\u00f1o son del 3,7%.<\/strong><\/p>\n<\/div>\n<div class=\"sc-198be8ec-0 bLKxAW image-embed  image-embed \"><picture class=\"sc-198be8ec-1 fymITn\"><source media=\"(min-width: 975px)\" width=\"720\" height=\"480\" srcset=\"https:\/\/www.clarin.com\/img\/2024\/10\/27\/21zNaAOtb_720x0__1.jpg\"\/><span class=\"epigraphe\">Una pareja en un banco mientras observa a miembros de diferentes partidos pol\u00edticos repartiendo papeletas, un d\u00eda antes de las elecciones generales, en Montevideo. Foto AP<\/span><span class=\"bkg\"\/><span class=\"picture-open\"><button class=\"open-image\" aria-label=\"Open Image\"\/><\/span><\/picture><\/div>\n<div class=\"sc-80531b6b-0 lkfeNa container-text text-embed\">\n<p>Ese sector es uno de los que presiona por una devaluaci\u00f3n para tener una mayor competitividad, en una econom\u00eda sin retenciones al agro. El tipo de cambio est\u00e1 en 41,5 pesos uruguayos por d\u00f3lar. El sector exportador considera que est\u00e1 atrasado, incluso llegan a hablar de un d\u00f3lar a $54, lo que implica una fuerte devaluaci\u00f3n que generar\u00eda un traslado a precios y <strong>por ende una suba de la inflaci\u00f3n que baj\u00f3 del 8% anual al 6%.<\/strong><\/p>\n<\/div>\n<div class=\"sc-80531b6b-0 lkfeNa container-text text-embed\">\n<p>\u00abHay una tensi\u00f3n que se viene arrastrando desde hace dos o tres a\u00f1os porque<strong> el tipo de cambio en Uruguay se movi\u00f3 a contrapelo del mundo<\/strong> lo que gener\u00f3 los reclamos del sector exportador contra el Banco Central de Uruguay (BCU)\u201d, se\u00f1ala a Clar\u00edn Germ\u00e1n Deagosto, director de la licenciatura en Econom\u00eda de la Universidad Cat\u00f3lica del Uruguay.<\/p>\n<\/div>\n<div class=\"sc-80531b6b-0 lkfeNa container-text text-embed\">\n<p>Pero si sube en esos niveles el tipo de cambio la inflaci\u00f3n volver\u00e1 a los valores del 8% y caer\u00e1 el salario real. \u00abHay un balance muy complejo que ha tenido el equipo econ\u00f3mico a la hora de armonizar el frente de la inflaci\u00f3n, de los precios, con el frente de la competitividad, que afecta la rentabilidad del sector exportador que tiene cierta relevancia. Pero queda resumido en esa frase: <strong>&#8216;El atraso cambiario en Uruguay es como una muerte lenta'\u00bb<\/strong>, acota Deagosto.<\/p>\n<\/div>\n<div class=\"sc-80531b6b-0 lkfeNa container-text text-embed\">\n<p>Seg\u00fan un estudio realizado por el Centro de Estudios para el Desarrollo (CED), Uruguay no solo es el pa\u00eds con el costo de vida m\u00e1s elevado de Sudam\u00e9rica, <strong>sino que adem\u00e1s es m\u00e1s caro que varias naciones europeas.<\/strong><\/p>\n<\/div>\n<div class=\"sc-80531b6b-0 lkfeNa container-text text-embed\">\n<p>Hay productos de higiene como los desodorantes que est\u00e1n seis veces el valor que en pa\u00edses vecinos. Los m\u00e1s cr\u00edticos apuntan a las regulaciones y a una econom\u00eda cerrada que favorece a la concentraci\u00f3n.<\/p>\n<\/div>\n<div class=\"sc-80531b6b-0 lkfeNa container-text text-embed\">\n<p>Por otro lado, el tema que no estuvo en la fr\u00eda campa\u00f1a electoral fue el de la reducci\u00f3n del gasto p\u00fablico. A diferencia de la motosierra que promovi\u00f3 Javier Milei en la Argentina, Munyo habla de que debe haber una \u00abmicrocirug\u00eda\u00bb para un Uruguay que tiene muchas regulaciones que encarecen la econom\u00eda, una carga impositiva alta y un gasto p\u00fablico que no se redujo pese a las promesas. <strong>\u00abLa naranja ya no tiene m\u00e1s jugo\u00bb<\/strong>, concluye.<\/p>\n<\/div>\n<\/div>\n\n","protected":false},"excerpt":{"rendered":"<p>Uruguay despej\u00f3 la inc\u00f3gnita fiscal que representaba el plebiscito para estatizar las jubilaciones y en menos de un mes definir\u00e1 en un balotaje entre el Frente Amplio, ganador de la elecci\u00f3n, y el candidato del Gobierno. Pero m\u00e1s all\u00e1 de quien resulte ganador, el pa\u00eds tendr\u00e1 los mismos desaf\u00edos especialmente en la econom\u00eda por ser [&hellip;]<\/p>\n","protected":false},"author":2,"featured_media":86281,"comment_status":"closed","ping_status":"closed","sticky":false,"template":"","format":"standard","meta":{"footnotes":""},"categories":[33],"tags":[],"class_list":["post-86280","post","type-post","status-publish","format-standard","has-post-thumbnail","hentry","category-el-mundo"],"_links":{"self":[{"href":"https:\/\/radioacuariofm.com.ar\/index.php?rest_route=\/wp\/v2\/posts\/86280","targetHints":{"allow":["GET"]}}],"collection":[{"href":"https:\/\/radioacuariofm.com.ar\/index.php?rest_route=\/wp\/v2\/posts"}],"about":[{"href":"https:\/\/radioacuariofm.com.ar\/index.php?rest_route=\/wp\/v2\/types\/post"}],"author":[{"embeddable":true,"href":"https:\/\/radioacuariofm.com.ar\/index.php?rest_route=\/wp\/v2\/users\/2"}],"replies":[{"embeddable":true,"href":"https:\/\/radioacuariofm.com.ar\/index.php?rest_route=%2Fwp%2Fv2%2Fcomments&post=86280"}],"version-history":[{"count":1,"href":"https:\/\/radioacuariofm.com.ar\/index.php?rest_route=\/wp\/v2\/posts\/86280\/revisions"}],"predecessor-version":[{"id":86282,"href":"https:\/\/radioacuariofm.com.ar\/index.php?rest_route=\/wp\/v2\/posts\/86280\/revisions\/86282"}],"wp:featuredmedia":[{"embeddable":true,"href":"https:\/\/radioacuariofm.com.ar\/index.php?rest_route=\/wp\/v2\/media\/86281"}],"wp:attachment":[{"href":"https:\/\/radioacuariofm.com.ar\/index.php?rest_route=%2Fwp%2Fv2%2Fmedia&parent=86280"}],"wp:term":[{"taxonomy":"category","embeddable":true,"href":"https:\/\/radioacuariofm.com.ar\/index.php?rest_route=%2Fwp%2Fv2%2Fcategories&post=86280"},{"taxonomy":"post_tag","embeddable":true,"href":"https:\/\/radioacuariofm.com.ar\/index.php?rest_route=%2Fwp%2Fv2%2Ftags&post=86280"}],"curies":[{"name":"wp","href":"https:\/\/api.w.org\/{rel}","templated":true}]}}