{"id":84504,"date":"2024-10-24T11:34:45","date_gmt":"2024-10-24T14:34:45","guid":{"rendered":"https:\/\/radioacuariofm.com.ar\/?p=84504"},"modified":"2024-10-24T11:34:53","modified_gmt":"2024-10-24T14:34:53","slug":"fascista-y-mente-retorcida-trump-y-harris-se-dicen-de-todo-y-echan-fuego-a-la-campana","status":"publish","type":"post","link":"https:\/\/radioacuariofm.com.ar\/?p=84504","title":{"rendered":"\u00abfascista\u00bb y \u00abmente retorcida\u00bb, Trump y Harris se dicen de todo y echan fuego a la campa\u00f1a"},"content":{"rendered":"<p> <br \/>\n<\/p>\n<div id=\"storyBody\">\n<section class=\"sc-c44845d9-2 bEFANy dataStory dataStory\"\/>\n<div class=\"sc-80531b6b-0 lkfeNa container-text text-embed\">\n<p><strong>Kamala Harris y Donald Trump<\/strong> han estado <a href=\"https:\/\/www.clarin.com\/mundo\/elecciones-estados-unidos-kamala-harris-ataca-donald-trump-medio-polemica-presuntos-elogios-magnate-hitler_0_UcR9Iuapzx.html\" target=\"_blank\" title=\"intercambiando insultos \" alt=\"intercambiando insultos \" rel=\"noopener\">intercambiando insultos <\/a>mientras la carrera por la Casa Blanca entra en la recta final. Las<strong> elecciones en Estados Unidos<\/strong> son el 5 de noviembre, y son una de las m\u00e1s re\u00f1idas de la historia, lo que explica el tono cada vez m\u00e1s mordaz de los candidatos.<\/p>\n<\/div>\n<div class=\"sc-80531b6b-0 lkfeNa container-text text-embed\">\n<p>Trump viene descalificando a Harris desde que la vicepresidente tom\u00f3 la candidatura dem\u00f3crata que abandon\u00f3 Joe Biden a mitad de a\u00f1o. Pero \u00abKamala\u00bb hab\u00eda guardado las formas hasta unevento televisivo el mi\u00e9rcoles, cuando dijo que cree que su oponente <strong>es un \u00abfascista\u00bb <\/strong>y que Trump quiere <strong>\u00abpoder sin control\u00bb.<\/strong><\/p>\n<\/div>\n<div class=\"sc-80531b6b-0 lkfeNa container-text text-embed\">\n<p>Trump respondi\u00f3 diciendo que Harris<strong> tiene una \u00abmente retorcida\u00bb y es una \u00abamenaza para la democracia\u00bb.<\/strong><\/p>\n<\/div>\n<p><h2>\u00abS\u00ed, es un fascita\u00bb<\/h2>\n<\/p>\n<div class=\"sc-80531b6b-0 lkfeNa container-text text-embed\">\n<p>Kamala Harris fue a un suburbio de Filadelfia el mi\u00e9rcoles por la noche para una reuni\u00f3n p\u00fablica de CNN, donde enfrent\u00f3 preguntas de votantes indecisos. El evento se organiz\u00f3 despu\u00e9s de que Donald Trump <strong>se negara a participar en un segundo debate con ella.<\/strong><\/p>\n<\/div>\n<div class=\"sc-80531b6b-0 lkfeNa container-text text-embed\">\n<p>Harris no dej\u00f3 ninguna duda de que cree que su oponente<strong> puede caracterizarse por la ideolog\u00eda autoritaria de extrema derecha.<\/strong><\/p>\n<\/div>\n<div class=\"sc-80531b6b-0 lkfeNa container-text text-embed\">\n<p>Cuando Anderson Cooper de CNN le pregunt\u00f3 si cree que Trump es un fascista, Harris respondi\u00f3 sin rodeos.<\/p>\n<\/div>\n<div class=\"sc-80531b6b-0 lkfeNa container-text text-embed\">\n<p>\u201c<strong>S\u00ed, lo hago\u201d, dijo. \u00abS\u00ed.\u00bb<\/strong><\/p>\n<\/div>\n<div class=\"sc-198be8ec-0 bLKxAW image-embed  image-embed \"><picture class=\"sc-198be8ec-1 fymITn\"><source media=\"(min-width: 975px)\" width=\"720\" height=\"480\" srcset=\"https:\/\/www.clarin.com\/img\/2024\/10\/24\/7yPbyAIBB_720x0__1.jpg\"\/><span class=\"epigraphe\">Kamala Harris durante un encuentro con la CNN y votantes indecisos. Foto: AP<\/span><span class=\"bkg\"\/><span class=\"picture-open\"><button class=\"open-image\" aria-label=\"Open Image\"\/><\/span><\/picture><\/div>\n<div class=\"sc-80531b6b-0 lkfeNa container-text text-embed\">\n<p>Su respuesta lleg\u00f3 poco despu\u00e9s de que John Kelly, exjefe de gabinete de Trump, utilizara el mismo t\u00e9rmino para describir al candidato republicano.<\/p>\n<\/div>\n<div class=\"sc-80531b6b-0 lkfeNa container-text text-embed\">\n<p>Los comentarios de Harris <strong>fueron una versi\u00f3n m\u00e1s audaz<\/strong> de una respuesta que dio durante una entrevista la semana pasada.<\/p>\n<\/div>\n<div class=\"sc-80531b6b-0 lkfeNa container-text text-embed\">\n<p>El locutor de radio Charlamagne Tha God se refiri\u00f3 a la visi\u00f3n de Trump para el pa\u00eds como fascismo y pregunt\u00f3: \u201c\u00bfPor qu\u00e9 no podemos simplemente decirlo?\u201d.<\/p>\n<\/div>\n<div class=\"sc-80531b6b-0 lkfeNa container-text text-embed\">\n<p><strong>\u201cS\u00ed, podemos decir eso\u201d,<\/strong> dijo Harris.<\/p>\n<\/div>\n<div class=\"sc-80531b6b-0 lkfeNa container-text text-embed\">\n<p>El giro de una Kamala pura sonrisa y a una m\u00e1s beligerante se entiende en un contexto tan re\u00f1ido como el actual. En la recta final de las campa\u00f1as pol\u00edticas -particularmente una tan ajustada la de este a\u00f1o- <strong>existe una tendencia natural entre los candidatos a volverse negativos.<\/strong> Los ataques <strong>tienden a ser m\u00e1s efectivos para motivar a sus partidarios<\/strong> a acudir a las urnas e interrumpir las campa\u00f1as opositoras.<\/p>\n<\/div>\n<p><h2>Una \u00abmente retorcida\u00bb<\/h2>\n<\/p>\n<div class=\"sc-80531b6b-0 lkfeNa container-text text-embed\">\n<p>Trump ama los insultos y las descalificaciones. Y Harris ha recibido toneladas de ellos desde que se subi\u00f3 a la contienda. Al insulto de fascita, Trump respondi\u00f3 en su plataforma Truth Social, escribiendo: \u00abElla est\u00e1 elevando cada vez m\u00e1s su ret\u00f3rica, llegando incluso a llamarme Adolf Hitler y cualquier otra cosa que le venga a su mente retorcida\u00bb.<\/p>\n<\/div>\n<div class=\"sc-80531b6b-0 lkfeNa container-text text-embed\">\n<p>Trump se refiri\u00f3 a Harris como<strong> \u00abcamarada Kamala Harris\u00bb,<\/strong> en referencia a lo que \u00e9l dice son sus <strong>pol\u00edticas de extrema izquierda<\/strong>, y la describi\u00f3 como<strong> una \u00abamenaza a la democracia\u00bb.<\/strong><\/p>\n<\/div>\n<div class=\"sc-198be8ec-0 bLKxAW image-embed  image-embed \"><picture class=\"sc-198be8ec-1 fymITn\"><source media=\"(min-width: 975px)\" width=\"720\" height=\"480\" srcset=\"https:\/\/www.clarin.com\/img\/2024\/10\/24\/5gL1ukG8m_720x0__1.jpg\"\/><img alt=\"Donald Trump, en campa\u00f1a. Foto: EFE\" src=\"https:\/\/www.clarin.com\/img\/2024\/10\/24\/5gL1ukG8m_720x0__1.jpg\" width=\"720\" height=\"480\" decoding=\"async\" data-nimg=\"future\" loading=\"lazy\" style=\"color:transparent\"\/><span class=\"epigraphe\">Donald Trump, en campa\u00f1a. Foto: EFE<\/span><span class=\"bkg\"\/><span class=\"picture-open\"><button class=\"open-image\" aria-label=\"Open Image\"\/><\/span><\/picture><\/div>\n<div class=\"sc-80531b6b-0 lkfeNa container-text text-embed\">\n<p>El mi\u00e9rcoles a la noche, Trump concluy\u00f3 un discurso en Duluth, una ciudad en el \u00e1rea metropolitana de Atlanta, Georgia.<\/p>\n<\/div>\n<div class=\"sc-80531b6b-0 lkfeNa container-text text-embed\">\n<p>En sus declaraciones critic\u00f3 a Joe Biden por pedir a los votantes que lo \u00abencerraran\u00bb y arremeti\u00f3 contra el compa\u00f1ero de f\u00f3rmula de Harris, Tim Walz, a quien llam\u00f3 <strong>\u00abun tipo enfermo\u00bb.<\/strong><\/p>\n<\/div>\n<div class=\"sc-80531b6b-0 lkfeNa container-text text-embed\">\n<p>Tambi\u00e9n hizo referencia al ex presidente dem\u00f3crata Jimmy Carter, de 100 a\u00f1os, cuando dijo a los votantes<strong>: \u00abCreo que vot\u00f3 por m\u00ed\u00bb.<\/strong><\/p>\n<\/div>\n<p><h2>Estados clave: qu\u00e9 dicen las encuestas hoy <\/h2>\n<\/p>\n<div class=\"sc-80531b6b-0 lkfeNa container-text text-embed\">\n<p>Por el momento, los promedios de las encuestas en los siete estados indecisos sugieren que<strong> la carrera llegar\u00e1 hasta el final.<\/strong><\/p>\n<\/div>\n<div class=\"sc-80531b6b-0 lkfeNa container-text text-embed\">\n<p>Actualmente<strong> hay menos de un punto porcentual<\/strong> que separa a los candidatos en Michigan, Nevada, Carolina del Norte, Pensilvania y Wisconsin.<\/p>\n<\/div>\n<p><iframe title=\"Promedio de las encuestas\" aria-label=\"Interactive line chart\" id=\"datawrapper-chart-IrX50\" src=\"https:\/\/datawrapper.dwcdn.net\/IrX50\/5\/\" scrolling=\"no\" frameborder=\"0\" style=\"width: 0; min-width: 100% !important; border: none;\" height=\"600\" data-external=\"1\"><\/iframe><\/p>\n<div class=\"sc-80531b6b-0 lkfeNa container-text text-embed\">\n<p>Trump lleva dos puntos de ventaja en Arizona y Georgia.<\/p>\n<\/div>\n<div class=\"sc-80531b6b-0 lkfeNa container-text text-embed\">\n<p>En Pensilvania, Trump ha ganado 0,2 puntos, seg\u00fan los \u00faltimos promedios de encuestas a nivel estatal. Si bien una ventaja tan peque\u00f1a est\u00e1 dentro del margen de error y significa que el estado est\u00e1 esencialmente empatado, hay que ver si crece en los pr\u00f3ximos d\u00edas.<\/p>\n<\/div>\n<div class=\"sc-80531b6b-0 lkfeNa container-text text-embed\">\n<p><em>Con informaci\u00f3n de Associated Press y BBC News<\/em><\/p>\n<\/div>\n<div class=\"sc-e13a1564-0 jfCUHI Newsletter trinity-skip-it\">\n<div class=\"inner-card-m\">\n<div class=\"related-content\">\n<div class=\"text\">\n<p>Recib\u00ed en tu email todas las noticias, coberturas, historias y an\u00e1lisis de la mano de nuestros periodistas especializados<\/p>\n<p><a class=\"button-link\" href=\"https:\/\/www.clarin.com\/newsletters\">QUIERO RECIBIRLO<\/a><\/div>\n<p><img decoding=\"async\" src=\"https:\/\/www.clarin.com\/img\/clarin-newsletter.png\" alt=\"Newsletter Clarin\" loading=\"lazy\" width=\"110\" height=\"110\"\/><\/div>\n<\/div>\n<\/div>\n<\/div>\n\n","protected":false},"excerpt":{"rendered":"<p>Kamala Harris y Donald Trump han estado intercambiando insultos mientras la carrera por la Casa Blanca entra en la recta final. Las elecciones en Estados Unidos son el 5 de noviembre, y son una de las m\u00e1s re\u00f1idas de la historia, lo que explica el tono cada vez m\u00e1s mordaz de los candidatos. Trump viene [&hellip;]<\/p>\n","protected":false},"author":2,"featured_media":84505,"comment_status":"closed","ping_status":"closed","sticky":false,"template":"","format":"standard","meta":{"footnotes":""},"categories":[33],"tags":[],"class_list":["post-84504","post","type-post","status-publish","format-standard","has-post-thumbnail","hentry","category-el-mundo"],"_links":{"self":[{"href":"https:\/\/radioacuariofm.com.ar\/index.php?rest_route=\/wp\/v2\/posts\/84504","targetHints":{"allow":["GET"]}}],"collection":[{"href":"https:\/\/radioacuariofm.com.ar\/index.php?rest_route=\/wp\/v2\/posts"}],"about":[{"href":"https:\/\/radioacuariofm.com.ar\/index.php?rest_route=\/wp\/v2\/types\/post"}],"author":[{"embeddable":true,"href":"https:\/\/radioacuariofm.com.ar\/index.php?rest_route=\/wp\/v2\/users\/2"}],"replies":[{"embeddable":true,"href":"https:\/\/radioacuariofm.com.ar\/index.php?rest_route=%2Fwp%2Fv2%2Fcomments&post=84504"}],"version-history":[{"count":1,"href":"https:\/\/radioacuariofm.com.ar\/index.php?rest_route=\/wp\/v2\/posts\/84504\/revisions"}],"predecessor-version":[{"id":84506,"href":"https:\/\/radioacuariofm.com.ar\/index.php?rest_route=\/wp\/v2\/posts\/84504\/revisions\/84506"}],"wp:featuredmedia":[{"embeddable":true,"href":"https:\/\/radioacuariofm.com.ar\/index.php?rest_route=\/wp\/v2\/media\/84505"}],"wp:attachment":[{"href":"https:\/\/radioacuariofm.com.ar\/index.php?rest_route=%2Fwp%2Fv2%2Fmedia&parent=84504"}],"wp:term":[{"taxonomy":"category","embeddable":true,"href":"https:\/\/radioacuariofm.com.ar\/index.php?rest_route=%2Fwp%2Fv2%2Fcategories&post=84504"},{"taxonomy":"post_tag","embeddable":true,"href":"https:\/\/radioacuariofm.com.ar\/index.php?rest_route=%2Fwp%2Fv2%2Ftags&post=84504"}],"curies":[{"name":"wp","href":"https:\/\/api.w.org\/{rel}","templated":true}]}}