{"id":83840,"date":"2024-10-21T21:03:14","date_gmt":"2024-10-22T00:03:14","guid":{"rendered":"https:\/\/radioacuariofm.com.ar\/?p=83840"},"modified":"2024-10-21T21:03:23","modified_gmt":"2024-10-22T00:03:23","slug":"el-punto-de-encuentro-de-bukele-y-milei-en-la-relacion-con-la-prensa-y-los-desafios-en-la-region-2","status":"publish","type":"post","link":"https:\/\/radioacuariofm.com.ar\/?p=83840","title":{"rendered":"El \u201cpunto de encuentro\u201d de Bukele y Milei en la relaci\u00f3n con la prensa y los desaf\u00edos en la regi\u00f3n"},"content":{"rendered":"<p><img decoding=\"async\" src=\"https:\/\/radioacuariofm.com.ar\/wp-content\/uploads\/2024\/10\/nayib-bukele-y-javier-milei-en-el-balcon-de-la-PWUDZX5JMBCSNG3MCSEUWY3FOQ-2.jpg\"\/><\/p>\n<p><\/p>\n<p>Escuchar<\/p>\n<p>C\u00d3RDOBA.- <strong>Jos\u00e9 Roberto Dutriz <\/strong>ser\u00e1 el <strong>primer salvadore\u00f1o en presidir la Sociedad Interamericana de Prensa (SIP)<\/strong>. Asumir\u00e1 el cargo este domingo en el marco de la asamblea que se realiza en la ciudad de C\u00f3rdoba. Presidente y director de <em>La Prensa Gr\u00e1fica <\/em>en El Salvador, asegura sentir \u201cl\u00e1stima\u201d de que en su pa\u00eds y en varios otros de Am\u00e9rica Latina gobiernos y medios no puedan dialogar. \u201c<strong>Nos hace falta escucharnos tanto el gobierno como la prensa.<\/strong> No se puede estar se\u00f1alando y estigmatizando; polarizar la sociedad no es bueno para nadie. <strong>La libertad de prensa es una piedra angular para la democracia<\/strong>\u201d, plantea.<\/p>\n<p>En di\u00e1logo conLA NACION, Dutriz plante\u00f3 que <strong>\u201chay un punto de encuentro, un parecido\u201d<\/strong> entre el presidente salvadore\u00f1o, <strong>Nayib Bukele<\/strong>, y el argentino. <strong>Javier Milei, respecto a la forma en que se relacionan con el periodismo<\/strong>, a c\u00f3mo lo cuestionan y a c\u00f3mo reaccionan ante las cr\u00edticas. Plante\u00f3 que la popularidad de ambos \u201c<strong>puede verse afectada positivamente con la legitimidad que le pueden dar los medios<\/strong>, no hay que desistir de intentarlo\u201d.<\/p>\n<figure><figcaption>El salvadore\u00f1o Jos\u00e9 Dutriz es el nuevo presidente de la SIPGentileza SIP<\/figcaption><\/figure>\n<p>Hace un mes la SIP realiz\u00f3 una <strong>misi\u00f3n a El Salvador<\/strong>; sus representantes no fueron recibidos por nadie del gobierno. En ese contexto, el presidente saliente de la instituci\u00f3n, Roberto Rock, alert\u00f3 sobre las<strong> condiciones cada vez m\u00e1s hostiles para ejercer el periodismo<\/strong> en el pa\u00eds. Remarc\u00f3 que hay un<strong> creciente acoso judicial, fiscal y en las redes sociales a los periodistas y un acceso limitado a la informaci\u00f3n p\u00fablica<\/strong>.<\/p>\n<p>Bukele estuvo en la Argentina hace dos semanas despu\u00e9s de encontrarse en la Asamblea General de la ONU con Milei, en Nueva York, donde ambos hicieron cr\u00edticas al organismo multilateral. Los dos presidentes mantienen cierta sinton\u00eda de sus agendas y simpatizan mutuamente.<\/p>\n<p><strong>-\u00bfC\u00f3mo eval\u00faa la situaci\u00f3n que atraviesa la prensa en El Salvador?<\/strong><\/p>\n<p>-Estamos viviendo tiempos complicados en la regi\u00f3n. En El Salvador, en Nicaragua, en Venezuela, en Cuba. Parece que hubi\u00e9ramos regresado a algunas conductas que son peligrosas. Afrontamos un desaf\u00edo doble. Por un lado, la sostenibilidad de los medios que es un reto continental y global. Estamos en ese proceso. Cuando naci\u00f3 la internet y los peri\u00f3dicos avanzaron en sus webs en 1995 o 1996 ten\u00edamos 20 a\u00f1os para prepararnos. Con la Inteligencia Artificial (IA) y las nuevas tecnolog\u00edas que son m\u00e1s disruptivas, estamos mucho m\u00e1s urgidos. El otro de los problemas es competir contra la desinformaci\u00f3n; las <em>fake news<\/em> son un atentado. Es una defraudaci\u00f3n a los millones de audiencias que tenemos los medios con credibilidad. Hay que saber pelear, escoger la batalla. Todos los medios hacemos \u00e9nfasis en la sostenibilidad y en la defensa contra la desinformaci\u00f3n. Son las avenidas principales que transitar\u00e9 como presidente de la SIP.<\/p>\n<p><strong>-\u00bfA qu\u00e9 adjudica ese \u201cregreso\u201d al ataque a los medios, a los hostigamientos a los periodistas?<\/strong><\/p>\n<p>-Mucho tiene que ver con los gobiernos, con los l\u00edderes que est\u00e1n ahora. Hay diferentes estilos. Por ejemplo, est\u00e1 un Milei que es libertario, que tiene una visi\u00f3n muy amplia, una mentalidad empresarial; el paraguayo Santiago Pe\u00f1a, un empresario y acad\u00e9mico, preparado. Son estilos que tienen que convivir, que tienen parecidos y diferentes. Pe\u00f1a es m\u00e1s inclusivo. Est\u00e1 Bukele, el presidente con mayor popularidad de Am\u00e9rica Latina. Todos se mueven en un contexto en el que quieren progreso econ\u00f3mico, que las sociedades de sus pa\u00edses sean libres, con desarrollo humano. Hay que sacar lo mejor de las experiencias, pero est\u00e1n cometiendo el error de cerrar el acceso la informaci\u00f3n. Hay que decirlo con sinceridad. Milei sac\u00f3 el decreto que apag\u00f3 el instituto de acceso a la informaci\u00f3n p\u00fablica; Bukele hizo lo mismo.<\/p>\n<p><strong>-\u00bfVe parecidos entre Milei y Bukele?<\/strong><\/p>\n<p>-Hay una l\u00ednea similar. Milei se ha pasado de tono; ha llamado a los periodistas \u201censobrados\u201d. Esto existi\u00f3 en el pasado en la Argentina, no lo podemos desconocer. En El Salvador ese no es un tema que ahora sea relevante. El mandatario salvadore\u00f1o tiene rasgos similares a Milei. Usar su liderazgo, que lo tiene, y est\u00e1 haciendo cosas importantes por nuestro pa\u00eds, pero desde la \u00f3ptica de la prensa independiente sentimos que se puede hacer mucho m\u00e1s. Uno de los tres Nobel de Econom\u00eda, James Robinson, estuvo en un encuentro nacional de la empresa privada en El Salvador, y se\u00f1al\u00f3 que el pa\u00eds necesita estar de frente a las instituciones y no tenerlas atr\u00e1s del poder. El deber hacer que es que funcionen las instituciones.<\/p>\n<p><strong>-Adem\u00e1s del periodismo, \u00bfqu\u00e9 otros sectores reclaman por la institucionalidad? \u00bfAsusta la falta de institucionalidad?<\/strong><\/p>\n<p>-Asusta, s\u00ed. El fen\u00f3meno en El Salvador es que el empresariado local est\u00e1 tomando cierta confianza, est\u00e1 saliendo del letargo en el que estuvo en los gobiernos de izquierda. Los grupos locales est\u00e1n aprovechando la coyuntura; hay inversi\u00f3n, est\u00e1 creciendo el empleo. Bukele ha logrado una imagen much\u00edsimo m\u00e1s positiva del pa\u00eds que la de los \u00faltimos 10 a\u00f1os y eso se ve, por ejemplo, en la demanda tur\u00edstica. Lo ha puesto en el mapa, tambi\u00e9n con la criptomoneda. Eso para hablar de lo positivo; est\u00e1 claro que el pa\u00eds tiene que seguir avanzando para salir de la pobreza.<\/p>\n<figure><figcaption>El presidente salvadore\u00f1o, Nayib Bukele, en la Asamblea General de Naciones Unidas, el 24 de septiembre de 2024, en la ONU. (AP\/Seth Wenig)Seth Wenig \u2013 AP<\/figcaption><\/figure>\n<p><strong>-Mencion\u00f3 a los empresarios locales, \u00bflos extranjeros est\u00e1n m\u00e1s preocupados por la institucionalidad?<\/strong><\/p>\n<p>-Hay un potencial pero se necesita profundizar la institucionalidad; se necesitan reglas m\u00e1s claras, mejor seguridad jur\u00eddica y respeto a las libertades que exigen un rendimiento de cuentas por parte del gobierno, respeto a la libertad de prensa. Con el FMI no avanz\u00f3 porque no estableci\u00f3 cierto aristas que deber\u00eda haber generado, como es haber impuesto el bitcoin como moneda de curso legal. Tenemos tres monedas: el Col\u00f3n, el d\u00f3lar y el bitcoin, que solo tiene el 3,5% de la poblaci\u00f3n, el resto se maneja con el d\u00f3lar. Es una paradoja que los niveles de Inversi\u00f3n Extranjera Directa (IED) no crezcan; no se logra atraer ese capital y esperamos que eso se supere.<\/p>\n<p><strong>-\u00bfC\u00f3mo lo afecta a usted el hostigamiento a la prensa de Bukele?<\/strong><\/p>\n<p>-Hostigamiento es una palabra importante. Digamos que hay un proyecto deliberado en socavar la sostenibilidad de los medios en general y, principalmente, de los medios escritos. Existe un diario propagand\u00edstico nuevo que podr\u00eda se\u00f1alarse como innecesario. Podr\u00eda haber un peri\u00f3dico p\u00fablico pero no est\u00e1 bien hacerlo en un plano oculto, en una sociedad subsidiaria en la no puede entrar la Corte de Cuentas (auditor\u00eda). Su contenido es un esfuerzo propagand\u00edstico no informativo. La SIP hizo una misi\u00f3n a El Salvador hace un mes y lastimosamente vimos lo que vemos lastimosamente tambi\u00e9n en la Argentina: Bukele no la recibi\u00f3, tampoco nadie de su gabinete. Como lo que vivimos en esta asamblea, a la que Milei mand\u00f3 una carta diciendo que no pod\u00eda estar ac\u00e1 ni tampoco su jefe de gabinete [Guillermo Francos], ni la canciller Diana Mondino como se hab\u00eda anunciado.<\/p>\n<p><strong>-\u00bfQu\u00e9 le provoca esas decisiones?<\/strong><\/p>\n<p>-Lo que sentimos es l\u00e1stima. L\u00e1stima de no poder sentarnos y escucharnos. Nos hace falta escucharnos tanto el gobierno como la prensa. No se puede estar se\u00f1alando y estigmatizando; polarizar la sociedad no es bueno para nadie. La libertad de prensa es una piedra angular para la democracia, que es el sistema m\u00e1s exitoso en que se puede vivir y desarrollarse. El exceso de autoritarismo no es bueno. Lo hemos visto con Hugo Ch\u00e1vez en Venezuela, con Cristina Kirchner en la Argentina. Tenemos mucha esperanza en que este tipo de c\u00f3nclaves y sus conclusiones puedan llegan a hacer cambiar estas actitudes.<\/p>\n<p><strong>-\u00bfConf\u00eda en que Bukele o Milei podr\u00edan cambiar sus conductas para con la prensa?<\/strong><\/p>\n<p>-Lo que se ve entre los dos l\u00edderes es que hay un punto de encuentro, un parecido. No ofrecen conferencias de prensa, por ejemplo. Respetamos esas decisiones, pero no las compartimos. Creemos que hay que sentarnos y escucharnos, que se empiece por algo. Milei y Bukele saben que su popularidad puede verse afectada positivamente con la legitimidad que le pueden dar los medios. No hay que desistir de intentarlo. Si esa insistencia no funciona a nivel de las salas de redacci\u00f3n, hay que hacerlo desde la c\u00fapula empresarial de los medios.<\/p>\n<p><strong>-Cada vez son m\u00e1s los dirigentes que prefieren enviar audios a trav\u00e9s de sus oficinas de prensa que conversar.<\/strong><\/p>\n<p>-Hay que aprender a escucharse. Si esa manera es c\u00f3moda no debe ser m\u00e1s que un primer paso, pero todos los ciudadanos merecen acceso a una informaci\u00f3n que les permita tomar decisiones, todos tienen derecho a tener el rendimiento de cuenta de los gobiernos. Los ciudadanos constituyen los recursos del erario p\u00fablico y tienen derecho a saber qu\u00e9 hacen con sus impuestos, con sus dineros. El Salvador, por ejemplo, tiene una modalidad \u2018de reserva\u2019, de no acceso a determinadas inversiones del Estado y eso no es saludable.<\/p>\n<p><strong>-\u00bfQu\u00e9 planes tiene al frente de la SIP en una regi\u00f3n donde la prensa es atacada en forma creciente por el poder pol\u00edtico?<\/strong><\/p>\n<p>-La SIP tiene 80 a\u00f1os y yo ser\u00e9 su presidente n\u00famero 80 y va a seguir intentando crear los espacios para poder hacer sociedades libres y desarrolladas a trav\u00e9s de la libertad de prensa y de expresi\u00f3n. Visitar\u00e9 Panam\u00e1 el mes pr\u00f3ximo, donde el presidente Jos\u00e9 Mulino suscribir\u00e1 el Acta de Chapultepec y la Declaraci\u00f3n de Salta. Ese es el deber hacer nuestro. Me reunir\u00e9 con Claudia Sheinbaum en M\u00e9xico, donde Andr\u00e9s L\u00f3pez Obrador tampoco nunca recibi\u00f3 a las misiones de la SIP. En estas actividades, en las reuniones que hacemos con referentes, con legisladores, se trata mejorar condiciones. Por caso, se avanz\u00f3 en la despenalizaci\u00f3n de la cr\u00edtica period\u00edstica; ya quedan pocos pa\u00edses que sostienen la penalizaci\u00f3n. En El Salvador qued\u00f3 en el \u00e1mbito civil gracias al lobby de la SIP.<\/p>\n<p>  Conforme a <strong> los criterios de<\/strong>    <\/p>\n<p>La entrada El \u201cpunto de encuentro\u201d de Bukele y Milei en la relaci\u00f3n con la prensa y los desaf\u00edos en la regi\u00f3n se public\u00f3 primero en DIARIO DIGITAL MORENO MEDIOS.<\/p>\n","protected":false},"excerpt":{"rendered":"<p>Escuchar C\u00d3RDOBA.- Jos\u00e9 Roberto Dutriz ser\u00e1 el primer salvadore\u00f1o en presidir la Sociedad Interamericana de Prensa (SIP). Asumir\u00e1 el cargo este domingo en el marco de la asamblea que se realiza en la ciudad de C\u00f3rdoba. Presidente y director de La Prensa Gr\u00e1fica en El Salvador, asegura sentir \u201cl\u00e1stima\u201d de que en su pa\u00eds y [&hellip;]<\/p>\n","protected":false},"author":2,"featured_media":83841,"comment_status":"closed","ping_status":"closed","sticky":false,"template":"","format":"standard","meta":{"footnotes":""},"categories":[33],"tags":[],"class_list":["post-83840","post","type-post","status-publish","format-standard","has-post-thumbnail","hentry","category-el-mundo"],"_links":{"self":[{"href":"https:\/\/radioacuariofm.com.ar\/index.php?rest_route=\/wp\/v2\/posts\/83840","targetHints":{"allow":["GET"]}}],"collection":[{"href":"https:\/\/radioacuariofm.com.ar\/index.php?rest_route=\/wp\/v2\/posts"}],"about":[{"href":"https:\/\/radioacuariofm.com.ar\/index.php?rest_route=\/wp\/v2\/types\/post"}],"author":[{"embeddable":true,"href":"https:\/\/radioacuariofm.com.ar\/index.php?rest_route=\/wp\/v2\/users\/2"}],"replies":[{"embeddable":true,"href":"https:\/\/radioacuariofm.com.ar\/index.php?rest_route=%2Fwp%2Fv2%2Fcomments&post=83840"}],"version-history":[{"count":1,"href":"https:\/\/radioacuariofm.com.ar\/index.php?rest_route=\/wp\/v2\/posts\/83840\/revisions"}],"predecessor-version":[{"id":83843,"href":"https:\/\/radioacuariofm.com.ar\/index.php?rest_route=\/wp\/v2\/posts\/83840\/revisions\/83843"}],"wp:featuredmedia":[{"embeddable":true,"href":"https:\/\/radioacuariofm.com.ar\/index.php?rest_route=\/wp\/v2\/media\/83841"}],"wp:attachment":[{"href":"https:\/\/radioacuariofm.com.ar\/index.php?rest_route=%2Fwp%2Fv2%2Fmedia&parent=83840"}],"wp:term":[{"taxonomy":"category","embeddable":true,"href":"https:\/\/radioacuariofm.com.ar\/index.php?rest_route=%2Fwp%2Fv2%2Fcategories&post=83840"},{"taxonomy":"post_tag","embeddable":true,"href":"https:\/\/radioacuariofm.com.ar\/index.php?rest_route=%2Fwp%2Fv2%2Ftags&post=83840"}],"curies":[{"name":"wp","href":"https:\/\/api.w.org\/{rel}","templated":true}]}}