{"id":82405,"date":"2024-10-15T16:50:52","date_gmt":"2024-10-15T19:50:52","guid":{"rendered":"https:\/\/radioacuariofm.com.ar\/?p=82405"},"modified":"2024-10-15T16:51:13","modified_gmt":"2024-10-15T19:51:13","slug":"maduro-cometio-crimenes-de-lesa-humanidad-en-las-elecciones-de-julio-denuncia-un-nuevo-informe-de-la-onu-sobre-venezuela","status":"publish","type":"post","link":"https:\/\/radioacuariofm.com.ar\/?p=82405","title":{"rendered":"Maduro cometi\u00f3 \u201ccr\u00edmenes de lesa humanidad\u201d en las elecciones de julio, denuncia un nuevo informe de la ONU sobre Venezuela"},"content":{"rendered":"<p><img decoding=\"async\" src=\"https:\/\/radioacuariofm.com.ar\/wp-content\/uploads\/2024\/10\/IeZ6eEAuv_2000x1500__1-1.jpg\"\/><\/p>\n<p><\/p>\n<p>Cuatro d\u00edas despu\u00e9s de lograr su renovaci\u00f3n por dos a\u00f1os, la Misi\u00f3n Internacional Independiente de la ONU para Venezuela <strong>public\u00f3 un contundente informe<\/strong> en que ve motivos razonables para creer que el Gobierno de Nicol\u00e1s Maduro cometi\u00f3 \u201ccr\u00edmenes de lesa humanidad\u201d en las elecciones de julio.<\/p>\n<p>El documento de <strong>158 p\u00e1ginas <\/strong>abarca el periodo comprendido entre el 1 de septiembre de 2023 y el 31 de agosto de 2024 y acusa a fuerzas de seguridad y grupos civiles armados progubernamentales de<strong> asesinatos, desapariciones forzadas, actos de tortura y violencia sexual y de g\u00e9nero<\/strong> antes, durante y despu\u00e9s de unos comicios marcados por la persecuci\u00f3n de opositores y la represi\u00f3n de las protestas.<\/p>\n<p>Las fuerzas de seguridad <strong>estuvieron \u201cinvolucradas masivamente\u201d en violaciones de derechos humanos<\/strong> tales como detenciones arbitrarias, uso excesivo de la fuerza para reprimir protestas, o tratos crueles y degradantes, indica el documento, se\u00f1alando como responsables a los servicios de inteligencia civil (SEBIN) y militar (DGCIM), as\u00ed como a la Guardia Nacional Bolivariana y a la Polic\u00eda Nacional.<\/p>\n<p>  Polic\u00edas motorizados durante enfrentamientos con manifestantes. Foto: AP \/ ARCHIVO  <\/p>\n<p>Tambi\u00e9n asegura que \u201clas declaraciones de las m\u00e1ximas autoridades del Estado, sobre todo despu\u00e9s del 28 de julio, <strong>incitaron a la represi\u00f3n<\/strong> y contribuyeron a generar un clima de hostilidad y violencia\u201d.<\/p>\n<p>Otras instituciones se\u00f1aladas en el informe son el Consejo Nacional Electoral, que <strong>\u201cincumpli\u00f3 las medidas b\u00e1sicas de transparencia e integridad\u201d<\/strong>, la Asamblea Nacional, \u201cinstrumental en la aprobaci\u00f3n de nuevas leyes contrarias a los derechos humanos y restrictivas del espacio c\u00edvico y democr\u00e1tico\u201d, o el sistema de justicia, que \u201csigui\u00f3 operando con falta de independencia\u201d.<\/p>\n<p>Aunque anteriores informes de la misi\u00f3n constituida en 2019 ya acusaron al Estado venezolano de graves violaciones de derechos humanos, el nuevo documento destaca que el perfil de las v\u00edctimas de la represi\u00f3n \u201cse ampli\u00f3 de manera significativa\u201d en el periodo electoral abarcando no s\u00f3lo a l\u00edderes de la oposici\u00f3n y sociales.<\/p>\n<p>  <img decoding=\"async\" alt=\"&quot;las declaraciones de las m\u00e1ximas autoridades del Estado, sobre todo despu\u00e9s del 28 de julio, incitaron a la represi\u00f3n&quot;, dice el informe. Foto: AFP\" src=\"https:\/\/radioacuariofm.com.ar\/wp-content\/uploads\/2024\/10\/vKdnQ1IFi_720x0__1.jpg\"\/>\u201clas declaraciones de las m\u00e1ximas autoridades del Estado, sobre todo despu\u00e9s del 28 de julio, incitaron a la represi\u00f3n\u201d, dice el informe. Foto: AFP  <\/p>\n<p>En el contexto electoral los abusos tambi\u00e9n fueron sufridos por \u201cciudadanos comunes, simplemente por demostrar su desacuerdo con el Gobierno o con los resultados de las elecciones presidenciales anunciados por las autoridades\u201d, indic\u00f3.<\/p>\n<h2>Detenciones y amenazas<\/h2>\n<p>La misi\u00f3n que preside la jurista portuguesa<strong> Marta Vali\u00f1as<\/strong> destaca en el informe que en los 10 meses anteriores a las elecciones al menos 48 personas fueron detenidas en relaci\u00f3n con conspiraciones invocadas por el Gobierno, muchas de ellas en la llamada operaci\u00f3n Brazalete Blanco, y en la campa\u00f1a electoral hubo otras 121 detenciones por colaborar en actividades de la oposici\u00f3n.<\/p>\n<p>Ese tipo de campa\u00f1as \u201csirvieron de justificaci\u00f3n para la represi\u00f3n selectiva de militares, pol\u00edticos y activistas de la sociedad civil\u201d, se\u00f1al\u00f3 el informe del grupo de expertos, que junto a Vali\u00f1as est\u00e1 formado por el chileno Francisco Cox y la argentina Patricia Tappat\u00e1.<\/p>\n<p>  <img decoding=\"async\" alt=\"En los 10 meses anteriores a las elecciones al menos 48 personas fueron detenidas. Foto: Reuters\" src=\"https:\/\/radioacuariofm.com.ar\/wp-content\/uploads\/2024\/10\/dMFtvmqc-_720x0__1.jpg\"\/>En los 10 meses anteriores a las elecciones al menos 48 personas fueron detenidas. Foto: Reuters  <\/p>\n<p>La represi\u00f3n <strong>aument\u00f3 tras los resultados electorales<\/strong>, cuando las autoridades, seg\u00fan el informe, \u201cpusieron en marcha una campa\u00f1a de detenciones masivas e indiscriminadas sin precedente\u201d, con un n\u00famero de detenciones, que pudieron contarse por miles, \u201cs\u00f3lo comparable con las protestas de 2014, 2017 y 2019\u201d.<\/p>\n<p>Muchas de estas detenciones<strong> formaron parte de la \u201coperaci\u00f3n Tun Tun\u201d, <\/strong>dise\u00f1ada para amenazar y \u201cgenerar temor en la poblaci\u00f3n\u201d, afirm\u00f3 la misi\u00f3n.<\/p>\n<p>En el marco de esa operaci\u00f3n,<strong> se lleg\u00f3 a marcar con una X las casas de personas percibidas como opositoras,<\/strong> o se alent\u00f3 a grupos afines al Gobierno a se\u00f1alar y denunciar a \u00e9stas mediante una aplicaci\u00f3n de celular que se habilit\u00f3 a tal fin.<\/p>\n<p>Entre las violaciones de derechos humanos que destaca el informe figura la detenci\u00f3n en el periodo postelectoral de 158 menores de edad \u201cacusados de graves delitos como terrorismo\u201d, detenidos en la mayor parte de los casos sin informar a sus familiares o a abogados, por lo que permanecieron incomunicados durante d\u00edas.<\/p>\n<h2>Muertes en las protestas<\/h2>\n<p>El informe documenta al menos 25 muertes, incluidas las de dos menores de edad, durante los primeros d\u00edas de protestas electorales, y se\u00f1ala que al menos ocho de esos incidentes mortales fueron en manifestaciones donde las fuerzas de seguridad del Estado o grupos de civiles afines al Gobierno hicieron uso de armas de fuego.<\/p>\n<p>  <img decoding=\"async\" alt=\"El informe documenta al menos 25 muertes, incluidas las de dos menores de edad. Foto: Reuters\" src=\"https:\/\/radioacuariofm.com.ar\/wp-content\/uploads\/2024\/10\/llLGtRBwn_720x0__1.jpg\"\/>El informe documenta al menos 25 muertes, incluidas las de dos menores de edad. Foto: Reuters  <\/p>\n<p>La misi\u00f3n tambi\u00e9n denunci\u00f3 numerosos casos de torturas y de violencia sexual, estos \u00faltimos no s\u00f3lo contra detenidos sino tambi\u00e9n en mujeres y ni\u00f1as que hab\u00edan acudido a centros de detenci\u00f3n para visitar a sus familiares.<\/p>\n<p>Las torturas incluyeron \u201cpu\u00f1etazos, golpes con planchas de madera o con botes envueltos en espuma, descargas el\u00e9ctricas incluso en los genitales, asfixia con bolsas pl\u00e1sticas, inmersi\u00f3n en agua fr\u00eda y privaci\u00f3n forzada de sue\u00f1o\u201d, detalla.<\/p>\n<p>\u201cLas violaciones graves de derechos humanos investigadas durante este periodo representan una continuaci\u00f3n de la misma l\u00ednea de conducta caracterizada como cr\u00edmenes de lesa humanidad en informes previos de la misi\u00f3n\u201d, concluye el documento.<\/p>\n<p>La entrada Maduro cometi\u00f3 \u201ccr\u00edmenes de lesa humanidad\u201d en las elecciones de julio, denuncia un nuevo informe de la ONU sobre Venezuela se public\u00f3 primero en DIARIO DIGITAL MORENO MEDIOS.<\/p>\n","protected":false},"excerpt":{"rendered":"<p>Cuatro d\u00edas despu\u00e9s de lograr su renovaci\u00f3n por dos a\u00f1os, la Misi\u00f3n Internacional Independiente de la ONU para Venezuela public\u00f3 un contundente informe en que ve motivos razonables para creer que el Gobierno de Nicol\u00e1s Maduro cometi\u00f3 \u201ccr\u00edmenes de lesa humanidad\u201d en las elecciones de julio. El documento de 158 p\u00e1ginas abarca el periodo comprendido [&hellip;]<\/p>\n","protected":false},"author":2,"featured_media":82406,"comment_status":"closed","ping_status":"closed","sticky":false,"template":"","format":"standard","meta":{"footnotes":""},"categories":[33],"tags":[],"class_list":["post-82405","post","type-post","status-publish","format-standard","has-post-thumbnail","hentry","category-el-mundo"],"_links":{"self":[{"href":"https:\/\/radioacuariofm.com.ar\/index.php?rest_route=\/wp\/v2\/posts\/82405","targetHints":{"allow":["GET"]}}],"collection":[{"href":"https:\/\/radioacuariofm.com.ar\/index.php?rest_route=\/wp\/v2\/posts"}],"about":[{"href":"https:\/\/radioacuariofm.com.ar\/index.php?rest_route=\/wp\/v2\/types\/post"}],"author":[{"embeddable":true,"href":"https:\/\/radioacuariofm.com.ar\/index.php?rest_route=\/wp\/v2\/users\/2"}],"replies":[{"embeddable":true,"href":"https:\/\/radioacuariofm.com.ar\/index.php?rest_route=%2Fwp%2Fv2%2Fcomments&post=82405"}],"version-history":[{"count":1,"href":"https:\/\/radioacuariofm.com.ar\/index.php?rest_route=\/wp\/v2\/posts\/82405\/revisions"}],"predecessor-version":[{"id":82411,"href":"https:\/\/radioacuariofm.com.ar\/index.php?rest_route=\/wp\/v2\/posts\/82405\/revisions\/82411"}],"wp:featuredmedia":[{"embeddable":true,"href":"https:\/\/radioacuariofm.com.ar\/index.php?rest_route=\/wp\/v2\/media\/82406"}],"wp:attachment":[{"href":"https:\/\/radioacuariofm.com.ar\/index.php?rest_route=%2Fwp%2Fv2%2Fmedia&parent=82405"}],"wp:term":[{"taxonomy":"category","embeddable":true,"href":"https:\/\/radioacuariofm.com.ar\/index.php?rest_route=%2Fwp%2Fv2%2Fcategories&post=82405"},{"taxonomy":"post_tag","embeddable":true,"href":"https:\/\/radioacuariofm.com.ar\/index.php?rest_route=%2Fwp%2Fv2%2Ftags&post=82405"}],"curies":[{"name":"wp","href":"https:\/\/api.w.org\/{rel}","templated":true}]}}