{"id":75366,"date":"2024-09-19T12:09:49","date_gmt":"2024-09-19T15:09:49","guid":{"rendered":"https:\/\/radioacuariofm.com.ar\/?p=75366"},"modified":"2024-09-19T12:09:56","modified_gmt":"2024-09-19T15:09:56","slug":"un-obispo-irlandes-fue-enterrado-en-la-boveda-de-una-catedral-sus-secretos-no","status":"publish","type":"post","link":"https:\/\/radioacuariofm.com.ar\/?p=75366","title":{"rendered":"Un obispo irland\u00e9s fue enterrado en la b\u00f3veda de una catedral. Sus secretos no"},"content":{"rendered":"<p> <br \/>\n<\/p>\n<div id=\"cuerpo\">\n<div class=\"sc-80531b6b-0 XSMmt container-text text-embed\">\n<p>GALWAY, Irlanda \u2014 La misa funeral por Eamonn Casey parec\u00eda digna de uno de los obispos cat\u00f3licos m\u00e1s conocidos de toda Irlanda. <\/p>\n<\/div>\n<div class=\"sc-80531b6b-0 XSMmt container-text text-embed\">\n<p>El espect\u00e1culo de aquel fresco d\u00eda de marzo de 2017 incluy\u00f3 a 11 obispos y cinco docenas de sacerdotes, todos de blanco, desliz\u00e1ndose como si estuvieran en el aire por el pasillo central de la catedral de Galway, repleta de bancos.<\/p>\n<\/div>\n<div class=\"sc-80531b6b-0 XSMmt container-text text-embed\">\n<p>El incienso y la incomodidad se mezclaron. <\/p>\n<\/div>\n<div class=\"sc-80531b6b-0 XSMmt container-text text-embed\">\n<p>Casey, que ten\u00eda 89 a\u00f1os, hab\u00eda sido en su d\u00eda el l\u00edder <strong>carism\u00e1tico y progresista<\/strong> de la di\u00f3cesis de Galway, en el oeste de Irlanda. <\/p>\n<\/div>\n<div class=\"sc-80531b6b-0 XSMmt container-text text-embed\">\n<p>Pero la revelaci\u00f3n en 1992 de que hab\u00eda tenido<strong> un hijo<\/strong> con una prima estadounidense lejana, y luego se hab\u00eda negado a tener nada que ver con el ni\u00f1o, hab\u00eda sacudido al pa\u00eds predominantemente cat\u00f3lico y lo hab\u00eda enviado al desierto.<\/p>\n<\/div>\n<div class=\"sc-198be8ec-0 jDgmbe image-embed  image-embed \"><picture class=\"sc-198be8ec-1 eBcrLb\"><source media=\"(min-width: 975px)\" width=\"720\" height=\"480\" srcset=\"https:\/\/www.clarin.com\/img\/2024\/09\/19\/nGPVzvVfK_720x0__1.jpg\"\/><span class=\"epigraphe\">El documental que se emiti\u00f3 en julio, \u00abBishop Casey&#8217;s Buried Secrets\u00bb, se bas\u00f3 en parte en los reportajes de la Sra. Sheridan para el Limerick Leader y el Irish Mail on Sunday. Foto Paulo Nunes dos Santos para The New York Times<\/span><span class=\"bkg\"\/><span class=\"picture-open\"><button class=\"open-image\" aria-label=\"Open Image\"\/><\/span><\/picture><\/div>\n<div class=\"sc-80531b6b-0 XSMmt container-text text-embed\">\n<p>En el funeral, un compa\u00f1ero obispo se refiri\u00f3 a las acciones \u201cprofundamente perturbadoras\u201d de Casey. Luego, los portadores del f\u00e9retro llevaron su ata\u00fad de madera hasta la cripta de la catedral, el aparente final de la historia de un cl\u00e9rigo carism\u00e1tico pero <strong>hip\u00f3crita<\/strong> cuyas transgresiones al menos hab\u00edan sido con un adulto que consinti\u00f3 en hacerlo.<\/p>\n<\/div>\n<div class=\"sc-80531b6b-0 XSMmt container-text text-embed\">\n<p>Pero el pasado es paciente. <\/p>\n<\/div>\n<div class=\"sc-80531b6b-0 XSMmt container-text text-embed\">\n<p>A fines de julio, siete a\u00f1os despu\u00e9s de la muerte de Casey, la emisora \u200b\u200bnacional de Irlanda, RT\u00c9, emiti\u00f3 un documental que da que pensar, en el que se afirmaba que una aventura amorosa era el menor de los delitos encubiertos del hombre. <\/p>\n<\/div>\n<div class=\"sc-80531b6b-0 XSMmt container-text text-embed\">\n<p>Las inquietantes acusaciones, incluida la de que hab\u00eda comenzado a<strong> <a href=\"https:\/\/www.clarin.com\/policiales\/estupor-jujuy-condenaron-padre-coco-15-anos-prision-abuso-sexual-menor-edad_0_mV6zY2zbUY.html\" target=\"_blank\" title=\"abusar sexualmente\" alt=\"abusar sexualmente\" rel=\"noopener\">abusar sexualmente<\/a> de una sobrina<\/strong> cuando ella ten\u00eda 5 a\u00f1os, han encendido ahora las demandas de que sus restos sean retirados de la cripta, es decir, que sea efectivamente desalojado del terreno sagrado reservado para los ex obispos de Galway.<\/p>\n<\/div>\n<p><h2>Reclamo<\/h2>\n<\/p>\n<div class=\"sc-80531b6b-0 XSMmt container-text text-embed\">\n<p>Entre quienes defienden una medida tan dr\u00e1stica se encuentra el presentador Joe Duffy, cuyo popular programa de radio con llamadas, \u201cLiveline\u201d, a menudo apela a la psiquis nacional. <\/p>\n<\/div>\n<div class=\"sc-80531b6b-0 XSMmt container-text text-embed\">\n<p>Duffy dijo que las l\u00edneas telef\u00f3nicas de su programa \u201cse incendiaron\u201d despu\u00e9s de las nuevas acusaciones, con personas furiosas que llamaban exigiendo la exhumaci\u00f3n del obispo.<\/p>\n<\/div>\n<div class=\"sc-198be8ec-0 jDgmbe image-embed  image-embed \"><picture class=\"sc-198be8ec-1 eBcrLb\"><source media=\"(min-width: 975px)\" width=\"720\" height=\"480\" srcset=\"https:\/\/www.clarin.com\/img\/2024\/09\/19\/TdU1DiDSE_720x0__1.jpg\"\/><img alt=\"Placa de los obispos enterrados en la cripta de la catedral de Galway. El nombre de Eamonn Casey aparece junto a los de otros seis obispos.Foto .Paulo Nunes dos Santos para The New York Times\" src=\"https:\/\/www.clarin.com\/img\/2024\/09\/19\/TdU1DiDSE_720x0__1.jpg\" width=\"720\" height=\"480\" decoding=\"async\" data-nimg=\"future\" loading=\"lazy\" style=\"color:transparent\"\/><span class=\"epigraphe\">Placa de los obispos enterrados en la cripta de la catedral de Galway. El nombre de Eamonn Casey aparece junto a los de otros seis obispos.Foto .Paulo Nunes dos Santos para The New York Times<\/span><span class=\"bkg\"\/><span class=\"picture-open\"><button class=\"open-image\" aria-label=\"Open Image\"\/><\/span><\/picture><\/div>\n<div class=\"sc-80531b6b-0 XSMmt container-text text-embed\">\n<p>\u201cPara la iglesia, sacarlo de la cripta ser\u00eda un gran acto de expiaci\u00f3n\u201d, dijo Duffy.<\/p>\n<\/div>\n<div class=\"sc-80531b6b-0 XSMmt container-text text-embed\">\n<p> \u201cPero no quieren hacerlo. Literalmente quieren que sea enterrado\u201d.<\/p>\n<\/div>\n<div class=\"sc-80531b6b-0 XSMmt container-text text-embed\">\n<p>Para enfrentar los pecados clericales del pasado, \u00bfes mejor desenterrar los restos de un obispo depredador para reflejar la <a href=\"https:\/\/www.clarin.com\/sociedad\/orfanato-horror-enjaulaban-torturaban-chicos-campo-concentracion_0_efoi7uIrpK.html\" target=\"_blank\" title=\"expiaci\u00f3n\" alt=\"expiaci\u00f3n\" rel=\"noopener\">expiaci\u00f3n<\/a> de la iglesia? <\/p>\n<\/div>\n<div class=\"sc-80531b6b-0 XSMmt container-text text-embed\">\n<p>\u00bfO, como algunos han argumentado, es mejor dejar los restos donde est\u00e1n como un recordatorio eterno de la traici\u00f3n pastoral?<\/p>\n<\/div>\n<div class=\"sc-80531b6b-0 XSMmt container-text text-embed\">\n<p>En circunstancias normales, la jerarqu\u00eda cat\u00f3lica no se dignar\u00eda a participar en pedidos de exhumaci\u00f3n. <\/p>\n<\/div>\n<div class=\"sc-80531b6b-0 XSMmt container-text text-embed\">\n<p>Pero con un notable comunicado de prensa de julio con un titular igualmente notable \u2014\u201cDeclaraci\u00f3n de la Di\u00f3cesis de Galway sobre el entierro de los restos del obispo Eamonn Casey\u201d\u2014 los l\u00edderes de la iglesia se\u00f1alaron su reconocimiento de un tema vol\u00e1til que no se pod\u00eda olvidar con oraciones.<\/p>\n<\/div>\n<div class=\"sc-80531b6b-0 XSMmt container-text text-embed\">\n<p>Reconociendo que se trata de \u201cun tema muy delicado que afecta profundamente a las personas de diferentes maneras y que tiene diferentes facetas\u201d, la di\u00f3cesis dijo que el asunto requerir\u00eda \u201cun per\u00edodo de cuidadosa consideraci\u00f3n y consulta, que ya ha comenzado\u201d.<\/p>\n<\/div>\n<div class=\"sc-80531b6b-0 XSMmt container-text text-embed\">\n<p>\u201cSe requiere tiempo y espacio para completar de manera adecuada y apropiada este proyecto\u201d, continu\u00f3 la declaraci\u00f3n diocesana. <\/p>\n<\/div>\n<div class=\"sc-80531b6b-0 XSMmt container-text text-embed\">\n<p>\u201cNo haremos ning\u00fan otro comentario p\u00fablico hasta que estemos en condiciones de proporcionar una actualizaci\u00f3n\u201d.<\/p>\n<\/div>\n<p><h2>Un anfitri\u00f3n del Papa y un hip\u00f3crita<\/h2>\n<\/p>\n<div class=\"sc-80531b6b-0 XSMmt container-text text-embed\">\n<p>Cuando Anne Sheridan, una reportera veterana, comenz\u00f3 a investigar el pasado de Casey en 2016, el hombre era tanto la personificaci\u00f3n del enga\u00f1o clerical como un remanente de otra \u00e9poca irlandesa.<\/p>\n<\/div>\n<div class=\"sc-80531b6b-0 XSMmt container-text text-embed\">\n<p>El omnipresente cl\u00e9rigo salt\u00f3 a la fama en la d\u00e9cada de 1960 como capell\u00e1n franco de la comunidad de emigrantes irlandeses marginados en Londres antes de ascender finalmente en 1976 al prestigioso puesto de obispo de Galway. <\/p>\n<\/div>\n<div class=\"sc-198be8ec-0 jDgmbe image-embed  image-embed \"><picture class=\"sc-198be8ec-1 eBcrLb\"><source media=\"(min-width: 975px)\" width=\"720\" height=\"480\" srcset=\"https:\/\/www.clarin.com\/img\/2024\/09\/19\/xpUVSOrjD_720x0__1.jpg\"\/><img alt=\"Anne Sheridan, una veterana reportera, comenz\u00f3 a investigar las denuncias contra el obispo Casey en 2016 y revel\u00f3 que cinco mujeres hab\u00edan denunciado de forma independiente ante las autoridades eclesi\u00e1sticas haber sufrido abusos sexuales por parte del cl\u00e9rigo. Foto Paulo Nunes dos Santos para The New York Times\" src=\"https:\/\/www.clarin.com\/img\/2024\/09\/19\/xpUVSOrjD_720x0__1.jpg\" width=\"720\" height=\"480\" decoding=\"async\" data-nimg=\"future\" loading=\"lazy\" style=\"color:transparent\"\/><span class=\"epigraphe\">Anne Sheridan, una veterana reportera, comenz\u00f3 a investigar las denuncias contra el obispo Casey en 2016 y revel\u00f3 que cinco mujeres hab\u00edan denunciado de forma independiente ante las autoridades eclesi\u00e1sticas haber sufrido abusos sexuales por parte del cl\u00e9rigo. Foto Paulo Nunes dos Santos para The New York Times<\/span><span class=\"bkg\"\/><span class=\"picture-open\"><button class=\"open-image\" aria-label=\"Open Image\"\/><\/span><\/picture><\/div>\n<div class=\"sc-80531b6b-0 XSMmt container-text text-embed\">\n<p>Considerado por muchos como un <strong>cambio refrescante<\/strong> respecto del catolicismo irland\u00e9s represivo de la \u00e9poca, Casey habl\u00f3 a favor de la justicia social, brome\u00f3 en programas de televisi\u00f3n nocturnos y condujo autos sed\u00e1n caros por estrechas carreteras secundarias. <\/p>\n<\/div>\n<div class=\"sc-80531b6b-0 XSMmt container-text text-embed\">\n<p>Cuando el Papa Juan Pablo II visit\u00f3 Irlanda en 1979, Casey fue un anfitri\u00f3n de facto, pero tambi\u00e9n un hip\u00f3crita.<\/p>\n<\/div>\n<div class=\"sc-80531b6b-0 XSMmt container-text text-embed\">\n<p>A principios de los a\u00f1os 70, mientras se desempe\u00f1aba como obispo de Kerry, tuvo una aventura con su prima lejana Annie Murphy, que entonces ten\u00eda 25 a\u00f1os y que hab\u00eda llegado a Irlanda desde los Estados Unidos para recuperarse de un aborto espont\u00e1neo y un divorcio. <\/p>\n<\/div>\n<div class=\"sc-80531b6b-0 XSMmt container-text text-embed\">\n<p>Cuando m\u00e1s tarde ella dio a luz a su hijo, Casey intent\u00f3 presionarla para que diera al beb\u00e9 en adopci\u00f3n y luego ignor\u00f3 la existencia del ni\u00f1o, todo mientras denunciaba p\u00fablicamente la dif\u00edcil situaci\u00f3n de las madres solteras.<\/p>\n<\/div>\n<div class=\"sc-80531b6b-0 XSMmt container-text text-embed\">\n<p>Murphy termin\u00f3 la relaci\u00f3n y regres\u00f3 con el ni\u00f1o, Peter, a los Estados Unidos. <\/p>\n<\/div>\n<div class=\"sc-80531b6b-0 XSMmt container-text text-embed\">\n<p>A lo largo de los a\u00f1os, el obispo le envi\u00f3 pagos mensuales de manutenci\u00f3n.<\/p>\n<\/div>\n<div class=\"sc-80531b6b-0 XSMmt container-text text-embed\">\n<p>Pero cuando \u00e9l rechaz\u00f3 su demanda de involucrarse m\u00e1s en la vida de su hijo, Murphy present\u00f3 una demanda de paternidad en Nueva York, despu\u00e9s de lo cual Casey le envi\u00f3 <strong>$100,000 en fondos diocesanos<\/strong> para la educaci\u00f3n de Peter.<\/p>\n<\/div>\n<div class=\"sc-80531b6b-0 XSMmt container-text text-embed\">\n<p>Murphy comparti\u00f3 su historia en 1992 con <strong>The Irish Times<\/strong> y, como resultado, fue vilipendiada en algunos sectores. <\/p>\n<\/div>\n<div class=\"sc-80531b6b-0 XSMmt container-text text-embed\">\n<p>Casey renunci\u00f3, abandon\u00f3 Irlanda y, al poco tiempo, estaba cumpliendo penitencia como <strong>misionero en Ecuador<\/strong>.<\/p>\n<\/div>\n<div class=\"sc-80531b6b-0 XSMmt container-text text-embed\">\n<p>Despu\u00e9s de un per\u00edodo en Inglaterra, regres\u00f3 en 2006 a una Irlanda transformada, donde un esc\u00e1ndalo aparentemente interminable (que inclu\u00eda revelaciones sobre sacerdotes ped\u00f3filos e instituciones crueles para madres solteras) hab\u00eda debilitado la influencia de la jerarqu\u00eda cat\u00f3lica en la vida cotidiana irlandesa.<\/p>\n<\/div>\n<div class=\"sc-80531b6b-0 XSMmt container-text text-embed\">\n<p>Las ofensas conocidas de Casey parec\u00edan veniales en comparaci\u00f3n; se hab\u00eda disculpado repetidamente y se hab\u00eda reencontrado con su hijo. <\/p>\n<\/div>\n<div class=\"sc-80531b6b-0 XSMmt container-text text-embed\">\n<p>Cuando se retir\u00f3 a la comunidad rural de Shanaglish en Galway, los lugare\u00f1os celebraron su llegada con fuegos artificiales.<\/p>\n<\/div>\n<div class=\"sc-80531b6b-0 XSMmt container-text text-embed\">\n<p>El anciano obispo viv\u00eda con la enfermedad de Alzheimer en un asilo de ancianos en 2016 cuando Sheridan recibi\u00f3 una carta an\u00f3nima sobre el hombre, alguien de quien hab\u00eda o\u00eddo hablar toda su vida. <\/p>\n<\/div>\n<div class=\"sc-80531b6b-0 XSMmt container-text text-embed\">\n<p>Al igual que Casey, Sheridan se hab\u00eda criado en Kerry, donde todo el mundo conoc\u00eda al cl\u00e9rigo y su conducci\u00f3n temeraria, recordada en una atrevida canci\u00f3n de la cantante folk Christy Moore.<\/p>\n<\/div>\n<div class=\"sc-80531b6b-0 XSMmt container-text text-embed\">\n<p>El documental que se emiti\u00f3 en julio, \u201cLos secretos enterrados del obispo Casey\u201d, que se bas\u00f3 en parte en los reportajes de Sheridan para los peri\u00f3dicos Limerick Leader y Irish Mail on Sunday, revel\u00f3 que<strong> cinco mujeres<\/strong> se hab\u00edan quejado de forma independiente ante las autoridades eclesi\u00e1sticas de haber sido abusadas sexualmente por Casey cuando eran ni\u00f1as. <\/p>\n<\/div>\n<div class=\"sc-80531b6b-0 XSMmt container-text text-embed\">\n<p>Las denuncias, que se remontan a d\u00e9cadas atr\u00e1s, involucraban a las tres di\u00f3cesis irlandesas en las que sirvi\u00f3.<\/p>\n<\/div>\n<div class=\"sc-80531b6b-0 XSMmt container-text text-embed\">\n<p>Sheridan y dos productores de RT\u00c9, Roger Childs y Birthe Tonseth, informaron que la di\u00f3cesis de Galway hab\u00eda insistido durante a\u00f1os en que solo conoc\u00eda una denuncia, que se present\u00f3 ante la polic\u00eda pero no result\u00f3 en un procesamiento. <\/p>\n<\/div>\n<div class=\"sc-80531b6b-0 XSMmt container-text text-embed\">\n<p>Finalmente, sin embargo, la di\u00f3cesis reconoci\u00f3 tener cinco acusaciones de abuso infantil en sus archivos, adem\u00e1s de dos denuncias de mujeres que dijeron que el abuso de confianza del obispo hab\u00eda involucrado actos sexuales.<\/p>\n<\/div>\n<div class=\"sc-80531b6b-0 XSMmt container-text text-embed\">\n<p>Sheridan descubri\u00f3 que una denuncia por abuso infantil, presentada en 2001, hab\u00eda dado lugar a un acuerdo confidencial, mientras que otra fue resuelta por la Di\u00f3cesis de Limerick con un pago de m\u00e1s de 100.000 d\u00f3lares tras la muerte de Casey.<\/p>\n<\/div>\n<div class=\"sc-80531b6b-0 XSMmt container-text text-embed\">\n<p>El documental se centraba en Patricia Donovan, sobrina del obispo, que dijo que hab\u00eda abusado sexualmente de ella durante al menos una d\u00e9cada, desde que ten\u00eda 5 a\u00f1os, en los a\u00f1os 60. <\/p>\n<\/div>\n<div class=\"sc-80531b6b-0 XSMmt container-text text-embed\">\n<p>Ella lo retrat\u00f3 como un ped\u00f3filo intr\u00e9pido que \u00abpensaba que pod\u00eda hacer lo que quisiera, cuando quisiera y como quisiera\u00bb.<\/p>\n<\/div>\n<div class=\"sc-80531b6b-0 XSMmt container-text text-embed\">\n<p>Donovan present\u00f3 denuncias ante la polic\u00eda y funcionarios de la iglesia en Inglaterra (donde viv\u00eda) a finales de 2005, y poco despu\u00e9s ante las autoridades de Irlanda. <\/p>\n<\/div>\n<div class=\"sc-80531b6b-0 XSMmt container-text text-embed\">\n<p>Sus acusaciones, descritas como<strong> cre\u00edbles<\/strong> por un destacado consultor en protecci\u00f3n infantil que aparece en el documental, no dieron lugar a cargos penales. <\/p>\n<\/div>\n<div class=\"sc-80531b6b-0 XSMmt container-text text-embed\">\n<p>Aun as\u00ed, impulsaron a los funcionarios de la iglesia en Inglaterra a presionar para que Casey abandonara su pa\u00eds.<\/p>\n<\/div>\n<div class=\"sc-80531b6b-0 XSMmt container-text text-embed\">\n<p>Regres\u00f3 a Irlanda para retirarse, pero para entonces el Vaticano hab\u00eda restringido silenciosamente su ministerio, prohibi\u00e9ndole llevar a cabo deberes sacerdotales en p\u00fablico. <\/p>\n<\/div>\n<div class=\"sc-80531b6b-0 XSMmt container-text text-embed\">\n<p>En una declaraci\u00f3n escrita a Sheridan, un portavoz de la Di\u00f3cesis de Galway dijo:<\/p>\n<\/div>\n<div class=\"sc-80531b6b-0 XSMmt container-text text-embed\">\n<p> \u201cEsta prohibici\u00f3n fue una fuente de disgusto para el obispo Casey y en unas pocas ocasiones documentadas p\u00fablicamente, se sabe que viol\u00f3 esta prohibici\u00f3n\u201d.<\/p>\n<\/div>\n<p><h2>Traici\u00f3n pastoral<\/h2>\n<\/p>\n<div class=\"sc-80531b6b-0 XSMmt container-text text-embed\">\n<p>Las \u00faltimas revelaciones han provocado rabia. <\/p>\n<\/div>\n<div class=\"sc-80531b6b-0 XSMmt container-text text-embed\">\n<p>Los encubrimientos de sacerdotes ped\u00f3filos por parte de la Iglesia Cat\u00f3lica se hab\u00edan vuelto demasiado familiares en Irlanda, pero este caso involucraba a un obispo notorio que en a\u00f1os posteriores hab\u00eda sido tratado casi como un p\u00edcaro adorable.<\/p>\n<\/div>\n<div class=\"sc-80531b6b-0 XSMmt container-text text-embed\">\n<p>\u201cTraici\u00f3n es la palabra que ahora se usa con m\u00e1s frecuencia cuando se menciona el legado del obispo Casey\u201d, dijo Sheridan.<\/p>\n<\/div>\n<div class=\"sc-80531b6b-0 XSMmt container-text text-embed\">\n<p>A esa sensaci\u00f3n de traici\u00f3n se suman los recuerdos de la despedida que le dio la jerarqu\u00eda de la iglesia a Casey: <\/p>\n<\/div>\n<div class=\"sc-80531b6b-0 XSMmt container-text text-embed\">\n<p>una catedral repleta que inclu\u00eda al presidente de Irlanda, Michael D. Higgins, decenas de cl\u00e9rigos y una solemne recesi\u00f3n que condujo a la exclusiva cripta de abajo.<\/p>\n<\/div>\n<div class=\"sc-80531b6b-0 XSMmt container-text text-embed\">\n<p>S\u00f3lo aquellos familiarizados con el protocolo cat\u00f3lico habr\u00edan detectado las modificaciones al ritual dise\u00f1adas para restarle importancia a su elevado estatus como obispo, o habr\u00edan notado la ausencia de cualquier arzobispo o representante del Vaticano. <\/p>\n<\/div>\n<div class=\"sc-80531b6b-0 XSMmt container-text text-embed\">\n<p>El servicio fue ruidoso y silencioso.<\/p>\n<\/div>\n<div class=\"sc-80531b6b-0 XSMmt container-text text-embed\">\n<p>Ahora, la gente est\u00e1 volviendo a visitar esa ceremonia y exigiendo que los restos de Casey sean retirados del lugar de descanso de honor de la catedral.<\/p>\n<\/div>\n<div class=\"sc-80531b6b-0 XSMmt container-text text-embed\">\n<p> Incluso el primer ministro del pa\u00eds, Simon Harris, ha intervenido. Acogi\u00f3 con agrado los planes de la polic\u00eda nacional de revisar su expediente del caso Casey, e inst\u00f3 a la di\u00f3cesis de Galway \u00aba garantizar que su consideraci\u00f3n y consulta ulteriores se centren en las v\u00edctimas\u00bb.<\/p>\n<\/div>\n<div class=\"sc-80531b6b-0 XSMmt container-text text-embed\">\n<p>Mientras tanto, la di\u00f3cesis de Limerick ha indicado que est\u00e1 preparada para recibir esos restos, diciendo en una declaraci\u00f3n que, si fuera necesario, \u00abcooperar\u00eda plenamente para facilitar tal traslado\u00bb.<\/p>\n<\/div>\n<div class=\"sc-80531b6b-0 XSMmt container-text text-embed\">\n<p>Hasta que la jerarqu\u00eda cat\u00f3lica decida qu\u00e9 hacer, si es que hay algo que hacer, Eamonn Casey se quedar\u00e1 donde est\u00e1, junto a los restos de otros seis obispos debajo de un edificio sagrado en la antigua ciudad de Galway.<\/p>\n<\/div>\n<div class=\"sc-80531b6b-0 XSMmt container-text text-embed\">\n<p>La catedral, conocida formalmente como la Catedral de Nuestra Se\u00f1ora Asunta al Cielo y San Nicol\u00e1s, es una parada favorita de Brian Nolan, el propietario de Galway Walks Tours. <\/p>\n<\/div>\n<div class=\"sc-80531b6b-0 XSMmt container-text text-embed\">\n<p>Ha guiado a qui\u00e9n sabe cu\u00e1ntos visitantes por las estrechas calles de la ciudad y al otro lado del r\u00edo Corrib para contemplar su imponente sombra.<\/p>\n<\/div>\n<div class=\"sc-80531b6b-0 XSMmt container-text text-embed\">\n<p>Explica que su construcci\u00f3n comenz\u00f3 en 1958 en el sitio de la antigua c\u00e1rcel de la ciudad. <\/p>\n<\/div>\n<div class=\"sc-80531b6b-0 XSMmt container-text text-embed\">\n<p>Que se construy\u00f3 con piedra caliza extra\u00edda localmente. <\/p>\n<\/div>\n<div class=\"sc-80531b6b-0 XSMmt container-text text-embed\">\n<p>Que sus pisos son de m\u00e1rmol de Connemara.<\/p>\n<\/div>\n<div class=\"sc-80531b6b-0 XSMmt container-text text-embed\">\n<p>Nolan no se refiere al famoso cl\u00e9rigo enterrado en la cripta debajo de ese m\u00e1rmol, aunque tiene una opini\u00f3n: dejemos al hombre donde est\u00e1.<\/p>\n<\/div>\n<div class=\"sc-80531b6b-0 XSMmt container-text text-embed\">\n<p>\u00abSi alguna vez vi una met\u00e1fora de un lugar en el que no quer\u00eda estar, es all\u00ed abajo\u00bb, dijo. <\/p>\n<\/div>\n<div class=\"sc-80531b6b-0 XSMmt container-text text-embed\">\n<p>\u00abEs fr\u00edo, no es querido, no es visitado\u00bb.<\/p>\n<\/div>\n<div class=\"sc-80531b6b-0 XSMmt container-text text-embed\">\n<p><strong>c.2024 The New York Times Company<\/strong><\/p>\n<\/div>\n<\/div>\n\n","protected":false},"excerpt":{"rendered":"<p>GALWAY, Irlanda \u2014 La misa funeral por Eamonn Casey parec\u00eda digna de uno de los obispos cat\u00f3licos m\u00e1s conocidos de toda Irlanda. El espect\u00e1culo de aquel fresco d\u00eda de marzo de 2017 incluy\u00f3 a 11 obispos y cinco docenas de sacerdotes, todos de blanco, desliz\u00e1ndose como si estuvieran en el aire por el pasillo central [&hellip;]<\/p>\n","protected":false},"author":2,"featured_media":75367,"comment_status":"closed","ping_status":"closed","sticky":false,"template":"","format":"standard","meta":{"footnotes":""},"categories":[33],"tags":[],"class_list":["post-75366","post","type-post","status-publish","format-standard","has-post-thumbnail","hentry","category-el-mundo"],"_links":{"self":[{"href":"https:\/\/radioacuariofm.com.ar\/index.php?rest_route=\/wp\/v2\/posts\/75366","targetHints":{"allow":["GET"]}}],"collection":[{"href":"https:\/\/radioacuariofm.com.ar\/index.php?rest_route=\/wp\/v2\/posts"}],"about":[{"href":"https:\/\/radioacuariofm.com.ar\/index.php?rest_route=\/wp\/v2\/types\/post"}],"author":[{"embeddable":true,"href":"https:\/\/radioacuariofm.com.ar\/index.php?rest_route=\/wp\/v2\/users\/2"}],"replies":[{"embeddable":true,"href":"https:\/\/radioacuariofm.com.ar\/index.php?rest_route=%2Fwp%2Fv2%2Fcomments&post=75366"}],"version-history":[{"count":1,"href":"https:\/\/radioacuariofm.com.ar\/index.php?rest_route=\/wp\/v2\/posts\/75366\/revisions"}],"predecessor-version":[{"id":75368,"href":"https:\/\/radioacuariofm.com.ar\/index.php?rest_route=\/wp\/v2\/posts\/75366\/revisions\/75368"}],"wp:featuredmedia":[{"embeddable":true,"href":"https:\/\/radioacuariofm.com.ar\/index.php?rest_route=\/wp\/v2\/media\/75367"}],"wp:attachment":[{"href":"https:\/\/radioacuariofm.com.ar\/index.php?rest_route=%2Fwp%2Fv2%2Fmedia&parent=75366"}],"wp:term":[{"taxonomy":"category","embeddable":true,"href":"https:\/\/radioacuariofm.com.ar\/index.php?rest_route=%2Fwp%2Fv2%2Fcategories&post=75366"},{"taxonomy":"post_tag","embeddable":true,"href":"https:\/\/radioacuariofm.com.ar\/index.php?rest_route=%2Fwp%2Fv2%2Ftags&post=75366"}],"curies":[{"name":"wp","href":"https:\/\/api.w.org\/{rel}","templated":true}]}}