{"id":73190,"date":"2024-03-07T11:20:36","date_gmt":"2024-03-07T14:20:36","guid":{"rendered":"https:\/\/radioacuariofm.com.ar\/?p=73190"},"modified":"2024-03-07T11:20:36","modified_gmt":"2024-03-07T14:20:36","slug":"el-teatro-del-bicentenario-presenta-requiem-aeternam","status":"publish","type":"post","link":"https:\/\/radioacuariofm.com.ar\/?p=73190","title":{"rendered":"El Teatro del Bicentenario presenta R\u00e9quiem Aeternam"},"content":{"rendered":"<p><img decoding=\"async\" src=\"https:\/\/grupomorenomedios.com.ar\/wp-content\/uploads\/2024\/03\/1v-5.jpg\"\/><\/p>\n<p>El pr\u00f3ximo 29 de marzo a las 21hs, el Teatro del Bicentenario -dependiente del Ministerio de Turismo, Cultura y Deportes- levantar\u00e1 el tel\u00f3n de su sala principal para presentar R\u00e9quiem. La ic\u00f3nica obra de Mozart ser\u00e1 interpretada por el Coro Universitario de la Facultad de Filosof\u00eda, Humanidades y Artes de la Universidad Nacional de San Juan, bajo la direcci\u00f3n del M\u00ba Jorge Luis Romero.<\/p>\n<p>La famosa Misa de R\u00e9quiem contar\u00e1 tambi\u00e9n con un cuarteto solista y una orquesta cl\u00e1sica integrada por instrumentistas sanjuaninos, todos bajo la direcci\u00f3n musical del Maestro Romero. Este evento se enmarca dentro de la conmemoraci\u00f3n de los 80 a\u00f1os del terremoto del a\u00f1o 1944 en la ciudad de San Juan. Es por esto, que el concierto se realizar\u00e1 en memoria del<br \/>acontecimiento que afect\u00f3 a tantas familias sanjuaninas.<\/p>\n<p>Una propuesta visual imponente Por el car\u00e1cter multidisciplinario de esta producci\u00f3n, es la primera vez que el R\u00e9quiem de Mozart se ejecuta en San Juan con un espect\u00e1culo visual<br \/>que complementa y enriquece la experiencia sonora de solistas, coro y orquesta en vivo. Esto ofrecer\u00e1 una puesta en escena multisensorial para el p\u00fablico contempor\u00e1neo, renovando el inter\u00e9s de las nuevas audiencias en esta obra maestra de la m\u00fasica cl\u00e1sica.<\/p>\n<p><strong>Requiem Aeternam sube a escena el pr\u00f3ximo viernes 29 de marzo, a las 21hs.<\/strong> Las entradas de $5000, $6000 y $7000 pueden adquirirse en Boleter\u00eda de lunes a viernes de 10 a 14hs, de 17 30 a 21hs, y los s\u00e1bados de 10 a 14hs. Tambi\u00e9n se encuentran disponibles ONLINE a trav\u00e9s de <a href=\"https:\/\/tbsj.tuentrada.com\/list\/events\" rel=\"noreferrer noopener\" target=\"_blank\">https:\/\/tbsj.tuentrada.com\/list\/events<\/a><\/p>\n<p>La entrada <a href=\"https:\/\/grupomorenomedios.com.ar\/el-teatro-del-bicentenario-presenta-requiem-aeternam\/\" rel=\"noreferrer noopener\" target=\"_blank\">El Teatro del Bicentenario presenta R\u00e9quiem Aeternam<\/a> se public\u00f3 primero en <a href=\"https:\/\/grupomorenomedios.com.ar\/\" rel=\"noreferrer noopener\" target=\"_blank\">DIARIO DIGITAL MORENO MEDIOS<\/a>.<\/p>\n","protected":false},"excerpt":{"rendered":"<p>El pr\u00f3ximo 29 de marzo a las 21hs, el Teatro del Bicentenario -dependiente del Ministerio de Turismo, Cultura y Deportes- levantar\u00e1 el tel\u00f3n de su sala principal para presentar R\u00e9quiem. La ic\u00f3nica obra de Mozart ser\u00e1 interpretada por el Coro Universitario de la Facultad de Filosof\u00eda, Humanidades y Artes de la Universidad Nacional de San Juan, bajo la direcci\u00f3n del M\u00ba Jorge Luis Romero.<\/p>\n<p>La famosa Misa de R\u00e9quiem contar\u00e1 tambi\u00e9n con un cuarteto solista y una orquesta cl\u00e1sica integrada por instrumentistas sanjuaninos, todos bajo la direcci\u00f3n musical del Maestro Romero. Este evento se enmarca dentro de la conmemoraci\u00f3n de los 80 a\u00f1os del terremoto del a\u00f1o 1944 en la ciudad de San Juan. Es por esto, que el concierto se realizar\u00e1 en memoria del<br \/>\nacontecimiento que afect\u00f3 a tantas familias sanjuaninas.<\/p>\n<p>Una propuesta visual imponente Por el car\u00e1cter multidisciplinario de esta producci\u00f3n, es la primera vez que el R\u00e9quiem de Mozart se ejecuta en San Juan con un espect\u00e1culo visual<br \/>\nque complement..<\/p>\n","protected":false},"author":2,"featured_media":73191,"comment_status":"closed","ping_status":"closed","sticky":false,"template":"","format":"standard","meta":{"footnotes":""},"categories":[34],"tags":[],"class_list":["post-73190","post","type-post","status-publish","format-standard","has-post-thumbnail","hentry","category-cultura-y-turismo"],"_links":{"self":[{"href":"https:\/\/radioacuariofm.com.ar\/index.php?rest_route=\/wp\/v2\/posts\/73190","targetHints":{"allow":["GET"]}}],"collection":[{"href":"https:\/\/radioacuariofm.com.ar\/index.php?rest_route=\/wp\/v2\/posts"}],"about":[{"href":"https:\/\/radioacuariofm.com.ar\/index.php?rest_route=\/wp\/v2\/types\/post"}],"author":[{"embeddable":true,"href":"https:\/\/radioacuariofm.com.ar\/index.php?rest_route=\/wp\/v2\/users\/2"}],"replies":[{"embeddable":true,"href":"https:\/\/radioacuariofm.com.ar\/index.php?rest_route=%2Fwp%2Fv2%2Fcomments&post=73190"}],"version-history":[{"count":0,"href":"https:\/\/radioacuariofm.com.ar\/index.php?rest_route=\/wp\/v2\/posts\/73190\/revisions"}],"wp:featuredmedia":[{"embeddable":true,"href":"https:\/\/radioacuariofm.com.ar\/index.php?rest_route=\/wp\/v2\/media\/73191"}],"wp:attachment":[{"href":"https:\/\/radioacuariofm.com.ar\/index.php?rest_route=%2Fwp%2Fv2%2Fmedia&parent=73190"}],"wp:term":[{"taxonomy":"category","embeddable":true,"href":"https:\/\/radioacuariofm.com.ar\/index.php?rest_route=%2Fwp%2Fv2%2Fcategories&post=73190"},{"taxonomy":"post_tag","embeddable":true,"href":"https:\/\/radioacuariofm.com.ar\/index.php?rest_route=%2Fwp%2Fv2%2Ftags&post=73190"}],"curies":[{"name":"wp","href":"https:\/\/api.w.org\/{rel}","templated":true}]}}