{"id":71292,"date":"2024-02-23T10:06:25","date_gmt":"2024-02-23T13:06:25","guid":{"rendered":"https:\/\/radioacuariofm.com.ar\/?p=71292"},"modified":"2024-02-23T10:06:27","modified_gmt":"2024-02-23T13:06:27","slug":"viernes-agradable-en-san-juan-la-maxima-alcanzara-los-29-grados","status":"publish","type":"post","link":"https:\/\/radioacuariofm.com.ar\/?p=71292","title":{"rendered":"Viernes agradable en San Juan: la m\u00e1xima alcanzar\u00e1 los 29 grados"},"content":{"rendered":"<p><img decoding=\"async\" src=\"https:\/\/radioacuariofm.com.ar\/wp-content\/uploads\/2024\/02\/cielo-nublado.webp-1.jpg\"\/><\/p>\n<p>Seg\u00fan el pron\u00f3stico del tiempo del Servicio Meteorol\u00f3gico Nacional (SMN), se espera para en San Juan una jornada agradable.<\/p>\n<p>Para este viernes, el SMN prev\u00e9 cielo mayormente nublado, viento Sur rotando hacia el Este y una temperatura que oscilar\u00e1 entre 17 grado y 29 de m\u00e1xima.<\/p>\n<p>En tanto el s\u00e1bado, el organismo prev\u00e9 un term\u00f3metro que pasar\u00e1 de una m\u00ednima de 15 grado a una m\u00e1xima de 32.<\/p>\n<p>Ya para el domingo est\u00e1 pronosticado m\u00e1s soleado y unos 33 grados de m\u00e1xima.<\/p>\n<p>La entrada Viernes agradable en San Juan: la m\u00e1xima alcanzar\u00e1 los 29 grados se public\u00f3 primero en DIARIO DIGITAL MORENO MEDIOS.<\/p>\n","protected":false},"excerpt":{"rendered":"<p>Seg\u00fan el pron\u00f3stico del tiempo del Servicio Meteorol\u00f3gico Nacional (SMN), se espera para en San Juan una jornada agradable. Para este viernes, el SMN prev\u00e9 cielo mayormente nublado, viento Sur rotando hacia el Este y una temperatura que oscilar\u00e1 entre 17 grado y 29 de m\u00e1xima. En tanto el s\u00e1bado, el organismo prev\u00e9 un term\u00f3metro [&hellip;]<\/p>\n","protected":false},"author":2,"featured_media":71293,"comment_status":"closed","ping_status":"closed","sticky":false,"template":"","format":"standard","meta":{"footnotes":""},"categories":[27],"tags":[],"class_list":["post-71292","post","type-post","status-publish","format-standard","has-post-thumbnail","hentry","category-san-juan"],"_links":{"self":[{"href":"https:\/\/radioacuariofm.com.ar\/index.php?rest_route=\/wp\/v2\/posts\/71292","targetHints":{"allow":["GET"]}}],"collection":[{"href":"https:\/\/radioacuariofm.com.ar\/index.php?rest_route=\/wp\/v2\/posts"}],"about":[{"href":"https:\/\/radioacuariofm.com.ar\/index.php?rest_route=\/wp\/v2\/types\/post"}],"author":[{"embeddable":true,"href":"https:\/\/radioacuariofm.com.ar\/index.php?rest_route=\/wp\/v2\/users\/2"}],"replies":[{"embeddable":true,"href":"https:\/\/radioacuariofm.com.ar\/index.php?rest_route=%2Fwp%2Fv2%2Fcomments&post=71292"}],"version-history":[{"count":1,"href":"https:\/\/radioacuariofm.com.ar\/index.php?rest_route=\/wp\/v2\/posts\/71292\/revisions"}],"predecessor-version":[{"id":71295,"href":"https:\/\/radioacuariofm.com.ar\/index.php?rest_route=\/wp\/v2\/posts\/71292\/revisions\/71295"}],"wp:featuredmedia":[{"embeddable":true,"href":"https:\/\/radioacuariofm.com.ar\/index.php?rest_route=\/wp\/v2\/media\/71293"}],"wp:attachment":[{"href":"https:\/\/radioacuariofm.com.ar\/index.php?rest_route=%2Fwp%2Fv2%2Fmedia&parent=71292"}],"wp:term":[{"taxonomy":"category","embeddable":true,"href":"https:\/\/radioacuariofm.com.ar\/index.php?rest_route=%2Fwp%2Fv2%2Fcategories&post=71292"},{"taxonomy":"post_tag","embeddable":true,"href":"https:\/\/radioacuariofm.com.ar\/index.php?rest_route=%2Fwp%2Fv2%2Ftags&post=71292"}],"curies":[{"name":"wp","href":"https:\/\/api.w.org\/{rel}","templated":true}]}}