{"id":71223,"date":"2024-02-22T21:57:39","date_gmt":"2024-02-23T00:57:39","guid":{"rendered":"https:\/\/radioacuariofm.com.ar\/?p=71223"},"modified":"2024-02-22T21:57:42","modified_gmt":"2024-02-23T00:57:42","slug":"al-borde-de-una-conflictividad-social-extrema-fuerte-advertencia-de-la-cgt-al-fmi-por-las-medidas-de-milei","status":"publish","type":"post","link":"https:\/\/radioacuariofm.com.ar\/?p=71223","title":{"rendered":"\u201cAl borde de una conflictividad social extrema\u201d: fuerte advertencia de la CGT al FMI por las medidas de Milei"},"content":{"rendered":"<p><img decoding=\"async\" src=\"https:\/\/radioacuariofm.com.ar\/wp-content\/uploads\/2024\/02\/NRYavquY6_1200x630__1-1.jpg\"\/><\/p>\n<p>&quot;Estamos <strong>al borde de una conflictividad social extrema<\/strong>&quot;. Esa cruda advertencia constituy\u00f3 la l\u00ednea principal del mensaje que el titular de la UOCRA, Gerardo Mart\u00ednez, en nombre de la CGT, le transmiti\u00f3 este jueves en una reuni\u00f3n cara a cara <strong>a la n\u00famero dos del Fondo Monetario Internacional, Gita Gopinath,<\/strong> como balance de las medidas dispuestas por el gobierno de Javier Milei en sus primeros dos meses de gesti\u00f3n.<\/p>\n<p>El sindicalista, que concurri\u00f3 solo al encuentro con todo el staff del FMI que acompa\u00f1a a Gopinath en su visita al pa\u00eds, expuso su preocupaci\u00f3n por el deterioro de la situaci\u00f3n socioecon\u00f3mica y sus efectos en el escenario laboral y productivo, reproch\u00f3 la falta de di\u00e1logo de la administraci\u00f3n libertaria y <strong>cuestion\u00f3 la profundidad del ajuste<\/strong> sobre trabajadores, jubilados y los sectores m\u00e1s vulnerables.<\/p>\n<p>&quot;Observamos que<strong> el caos social ser\u00e1 muy grande<\/strong> porque lo que se ve hasta ahora es solo un mega ajuste sin ning\u00fan tipo de contenci\u00f3n&quot;, cont\u00f3 Mart\u00ednez a <strong>Clar\u00edn<\/strong> acerca de la mirada que le transmiti\u00f3 a los representantes del Fondo durante el encuentro, que se extendi\u00f3 por espacio de 35 minutos y tuvo lugar apenas una hora despu\u00e9s de la reuni\u00f3n que Gopinath mantuvo con Milei en la Casa Rosada.<\/p>\n<p>Al respecto, el dirigente <strong>defendi\u00f3 el paro general que la CGT<\/strong> concret\u00f3 el pasado 24 de enero, cuando hab\u00edan transcurrido poco m\u00e1s de 40 d\u00edas del inicio del gobierno de Milei, al se\u00f1alar que fue una reacci\u00f3n ante la negativa de la Casa Rosada a habilitar una mesa de di\u00e1logo que, seg\u00fan remarc\u00f3, permitiera discutir &quot;todas las medidas restrictivas que han generado un nivel de recesi\u00f3n jam\u00e1s visto&quot;.<\/p>\n<p>El encuentro entre Mart\u00ednez y la n\u00famero dos del FMI, <strong>anticipado este mi\u00e9rcoles por Clar\u00edn<\/strong>, se produjo en medio de la fuerte tensi\u00f3n instalada en el v\u00ednculo entre el Gobierno y la central obrera que amenaza seguir escalando en las pr\u00f3ximas semanas. <\/p>\n<p>Desde la c\u00fapula cegetista rechazaron cualquier posibilidad de acelerar la convocatoria a una nueva medida de fuerza general en el corto plazo, aunque se multiplica el escenario de conflictos por mejoras salariales en m\u00faltiples actividades. A la medida de fuerza de La Fraternidad que el mi\u00e9rcoles paraliz\u00f3 el servicio de trenes, se sum\u00f3 este jueves la huelga de trabajadores de Sanidad, en tanto que para el lunes est\u00e1 prevista una protesta de los trabajadores de ATE y los gremios docentes amenazan con no comenzar las clases ante la falta de convocatoria a la paritaria federal de la actividad.<\/p>\n<p>En su conversaci\u00f3n con Gopinath, el titular de la UOCRA alert\u00f3 sobre ese escenario de conflictividad y critic\u00f3 que el Presidente insista en rechazar cualquier instancia de di\u00e1logo el sindicalismo y otros sectores sociales. &quot;Les transmit\u00ed que creemos que en la situaci\u00f3n actual de la Argentina no hay una sola fuerza pol\u00edtica capaz de encontrar las soluciones y que por eso se impone la necesidad de una mesa de dialogo pol\u00edtico, econ\u00f3mico y social con el af\u00e1n de buscar consensos&quot;, indic\u00f3 el gremialista sobre la reuni\u00f3n con el staff del Fondo.<\/p>\n<p>En el mismo sentido tambi\u00e9n advirti\u00f3 que &quot;no se ve hasta ahora un plan de estabilizaci\u00f3n econ\u00f3mica&quot; detr\u00e1s de las medidas dispuestas por Milei desde su llegada al Gobierno y cuestion\u00f3 puntualmente el megaDNU 70\/23, cuyo cap\u00edtulo de reforma laboral est\u00e1 frenado por un fallo judicial tras una presentaci\u00f3n de la central obrera que reclam\u00f3 por su inconstitucionalidad. <\/p>\n<p>&quot;Es un plan de feroz ajuste fiscal que afecta a las clases mas vulnerables, a los jubilados y asalariados, y que va a afectar dram\u00e1ticamente el nivel de vida de la sociedad, los niveles de producci\u00f3n y consumo y el crecimiento econ\u00f3mico potencial de la Argentina&quot;, subray\u00f3 Mart\u00ednez sobre el mensaje sindical al Fondo.<\/p>\n<p>La entrada \u201cAl borde de una conflictividad social extrema\u201d: fuerte advertencia de la CGT al FMI por las medidas de Milei se public\u00f3 primero en DIARIO DIGITAL MORENO MEDIOS.<\/p>\n","protected":false},"excerpt":{"rendered":"<p>&quot;Estamos al borde de una conflictividad social extrema&quot;. Esa cruda advertencia constituy\u00f3 la l\u00ednea principal del mensaje que el titular de la UOCRA, Gerardo Mart\u00ednez, en nombre de la CGT, le transmiti\u00f3 este jueves en una reuni\u00f3n cara a cara a la n\u00famero dos del Fondo Monetario Internacional, Gita Gopinath, como balance de las medidas [&hellip;]<\/p>\n","protected":false},"author":2,"featured_media":71224,"comment_status":"closed","ping_status":"closed","sticky":false,"template":"","format":"standard","meta":{"footnotes":""},"categories":[26],"tags":[],"class_list":["post-71223","post","type-post","status-publish","format-standard","has-post-thumbnail","hentry","category-politica"],"_links":{"self":[{"href":"https:\/\/radioacuariofm.com.ar\/index.php?rest_route=\/wp\/v2\/posts\/71223","targetHints":{"allow":["GET"]}}],"collection":[{"href":"https:\/\/radioacuariofm.com.ar\/index.php?rest_route=\/wp\/v2\/posts"}],"about":[{"href":"https:\/\/radioacuariofm.com.ar\/index.php?rest_route=\/wp\/v2\/types\/post"}],"author":[{"embeddable":true,"href":"https:\/\/radioacuariofm.com.ar\/index.php?rest_route=\/wp\/v2\/users\/2"}],"replies":[{"embeddable":true,"href":"https:\/\/radioacuariofm.com.ar\/index.php?rest_route=%2Fwp%2Fv2%2Fcomments&post=71223"}],"version-history":[{"count":1,"href":"https:\/\/radioacuariofm.com.ar\/index.php?rest_route=\/wp\/v2\/posts\/71223\/revisions"}],"predecessor-version":[{"id":71226,"href":"https:\/\/radioacuariofm.com.ar\/index.php?rest_route=\/wp\/v2\/posts\/71223\/revisions\/71226"}],"wp:featuredmedia":[{"embeddable":true,"href":"https:\/\/radioacuariofm.com.ar\/index.php?rest_route=\/wp\/v2\/media\/71224"}],"wp:attachment":[{"href":"https:\/\/radioacuariofm.com.ar\/index.php?rest_route=%2Fwp%2Fv2%2Fmedia&parent=71223"}],"wp:term":[{"taxonomy":"category","embeddable":true,"href":"https:\/\/radioacuariofm.com.ar\/index.php?rest_route=%2Fwp%2Fv2%2Fcategories&post=71223"},{"taxonomy":"post_tag","embeddable":true,"href":"https:\/\/radioacuariofm.com.ar\/index.php?rest_route=%2Fwp%2Fv2%2Ftags&post=71223"}],"curies":[{"name":"wp","href":"https:\/\/api.w.org\/{rel}","templated":true}]}}