{"id":69999,"date":"2024-02-15T13:50:32","date_gmt":"2024-02-15T16:50:32","guid":{"rendered":"https:\/\/radioacuariofm.com.ar\/?p=69999"},"modified":"2024-02-15T13:50:36","modified_gmt":"2024-02-15T16:50:36","slug":"el-gobierno-de-marcelo-orrego-desplazo-del-tribunal-de-tasaciones-a-omar-blanco-alfredo-ceballos-y-ramiro-cascon-entendiendo-que-sus-nombramientos-fueron-concretados-en-violacion-a-dis","status":"publish","type":"post","link":"https:\/\/radioacuariofm.com.ar\/?p=69999","title":{"rendered":"El gobierno de Marcelo Orrego desplaz\u00f3 del Tribunal de Tasaciones\u00a0a Omar Blanco, Alfredo Ceballos y Ramiro Casc\u00f3n, entendiendo que sus nombramientos fueron concretados \u2018en violaci\u00f3n a disposiciones legales\u2019."},"content":{"rendered":"<p><img decoding=\"async\" src=\"https:\/\/radioacuariofm.com.ar\/wp-content\/uploads\/2024\/02\/318768-1.jpg\"\/><\/p>\n<p>Lo que hab\u00eda corrido a voces hace tiempo finalmente se concret\u00f3, el gobierno de Marcelo Orrego desplaz\u00f3 del Tribunal de Tasaciones a Omar Blanco, Alfredo Ceballos y Ramiro Casc\u00f3n, entendiendo que sus nombramientos fueron concretados \u2018en violaci\u00f3n a disposiciones legales\u2019.<\/p>\n<p>Y ahora, el \u00e1rea de control tiene una nueva cabeza, aunque no en tribunal, sino que se encuentra intervenida. La m\u00e1xima autoridad ahora es Sergio Aldunate, quien fuera titular del 9\u00b0 distrito de Vialidad Nacional cuando Mauricio Macri era presidente.<\/p>\n<p>El pr\u00f3ximo paso que debiera darse en esta \u00e1rea es la designaci\u00f3n de los integrantes del tribunal para ponerle fin a la intervenci\u00f3n que ahora comanda Aldunate.<\/p>\n<p>gentileza: canal 13 san juan<\/p>\n<p>La entrada El gobierno de Marcelo Orrego desplaz\u00f3 del Tribunal de Tasaciones a Omar Blanco, Alfredo Ceballos y Ramiro Casc\u00f3n, entendiendo que sus nombramientos fueron concretados \u2018en violaci\u00f3n a disposiciones legales\u2019. se public\u00f3 primero en DIARIO DIGITAL MORENO MEDIOS.<\/p>\n","protected":false},"excerpt":{"rendered":"<p>Lo que hab\u00eda corrido a voces hace tiempo finalmente se concret\u00f3, el gobierno de Marcelo Orrego desplaz\u00f3 del Tribunal de Tasaciones a Omar Blanco, Alfredo Ceballos y Ramiro Casc\u00f3n, entendiendo que sus nombramientos fueron concretados \u2018en violaci\u00f3n a disposiciones legales\u2019. Y ahora, el \u00e1rea de control tiene una nueva cabeza, aunque no en tribunal, sino [&hellip;]<\/p>\n","protected":false},"author":2,"featured_media":70000,"comment_status":"closed","ping_status":"closed","sticky":false,"template":"","format":"standard","meta":{"footnotes":""},"categories":[27],"tags":[],"class_list":["post-69999","post","type-post","status-publish","format-standard","has-post-thumbnail","hentry","category-san-juan"],"_links":{"self":[{"href":"https:\/\/radioacuariofm.com.ar\/index.php?rest_route=\/wp\/v2\/posts\/69999","targetHints":{"allow":["GET"]}}],"collection":[{"href":"https:\/\/radioacuariofm.com.ar\/index.php?rest_route=\/wp\/v2\/posts"}],"about":[{"href":"https:\/\/radioacuariofm.com.ar\/index.php?rest_route=\/wp\/v2\/types\/post"}],"author":[{"embeddable":true,"href":"https:\/\/radioacuariofm.com.ar\/index.php?rest_route=\/wp\/v2\/users\/2"}],"replies":[{"embeddable":true,"href":"https:\/\/radioacuariofm.com.ar\/index.php?rest_route=%2Fwp%2Fv2%2Fcomments&post=69999"}],"version-history":[{"count":1,"href":"https:\/\/radioacuariofm.com.ar\/index.php?rest_route=\/wp\/v2\/posts\/69999\/revisions"}],"predecessor-version":[{"id":70002,"href":"https:\/\/radioacuariofm.com.ar\/index.php?rest_route=\/wp\/v2\/posts\/69999\/revisions\/70002"}],"wp:featuredmedia":[{"embeddable":true,"href":"https:\/\/radioacuariofm.com.ar\/index.php?rest_route=\/wp\/v2\/media\/70000"}],"wp:attachment":[{"href":"https:\/\/radioacuariofm.com.ar\/index.php?rest_route=%2Fwp%2Fv2%2Fmedia&parent=69999"}],"wp:term":[{"taxonomy":"category","embeddable":true,"href":"https:\/\/radioacuariofm.com.ar\/index.php?rest_route=%2Fwp%2Fv2%2Fcategories&post=69999"},{"taxonomy":"post_tag","embeddable":true,"href":"https:\/\/radioacuariofm.com.ar\/index.php?rest_route=%2Fwp%2Fv2%2Ftags&post=69999"}],"curies":[{"name":"wp","href":"https:\/\/api.w.org\/{rel}","templated":true}]}}