{"id":69995,"date":"2024-02-15T13:50:28","date_gmt":"2024-02-15T16:50:28","guid":{"rendered":"https:\/\/radioacuariofm.com.ar\/?p=69995"},"modified":"2024-02-15T13:50:31","modified_gmt":"2024-02-15T16:50:31","slug":"el-dirigente-peronista-guillermo-moreno-en-su-visita-a-la-provincia-realizo-una-lectura-de-la-derrota-del-justicialismo-en-san-juan-el-ex-gobernador-sergio-unac-no-tenia-ninguna-razonabilidad","status":"publish","type":"post","link":"https:\/\/radioacuariofm.com.ar\/?p=69995","title":{"rendered":"El dirigente peronista Guillermo Moreno en su visita a la provincia realiz\u00f3 una lectura de la derrota del justicialismo en San Juan el ex gobernador Sergio U\u00f1ac \u2018No ten\u00eda ninguna razonabilidad que pierda, se lo llev\u00f3 la ola\u2019 aseguro."},"content":{"rendered":"<p><img decoding=\"async\" src=\"https:\/\/radioacuariofm.com.ar\/wp-content\/uploads\/2024\/02\/more2-jpg.webp-1.jpg\"\/><\/p>\n<p>Las \u00faltimas elecciones fueron una caja de sorpresas para muchos gobiernos locales, aunque ya se pod\u00eda observar la tendencia en las provincias que hab\u00edan adelantado los comicios. En la mayor\u00eda que comandaba el peronismo, fueron cayendo y cambiando de color pol\u00edtico. Sin embargo, en las elecciones presidenciales, en las que se eligieron cargos nacionales, el golpe fue m\u00e1s notorio. Es que ni siquiera los gobernadores que hab\u00edan demostrado fuerza semanas antes, pudieron volver a dar se\u00f1as de fortaleza porque el sector libertario se qued\u00f3 en su mayor\u00eda con victorias. Y fue precisamente San Juan una de esas provincias en las que el peronismo perdi\u00f3 terreno al caer en las urnas y hasta perder bancas en el Congreso. En este contexto, Guillermo Moreno de visita en San Juan y en Canal 13, dijo que la derrota de U\u00f1ac no tiene \u2018ninguna razonabilidad\u2019.<\/p>\n<p>Al hacer el an\u00e1lisis de lo ocurrido con el peronismo en la provincia tras las \u00faltimas elecciones, Moreno dijo que la derrota \u2018no ten\u00eda ninguna razonabilidad que perdiera el gobernador U\u00f1ac y ojo que no lo conozco, hab\u00eda hecho una buena gesti\u00f3n. No ten\u00eda ninguna razonabilidad que pierda San Luis, que hab\u00eda hecho buenas gestiones y as\u00ed hubo un mont\u00f3n de muchachos. Se los llev\u00f3 la ola\u2019.<\/p>\n<p>Moreno argument\u00f3 sus palabras al mencionar que \u2018el Gobierno de Alberto y Cristina fue un asco. Que vos pases hambre con Macri, es l\u00f3gico porque Macri no paga. Pero que venga Cristina y Alberto, en un gobierno peronista y que vos tengas hambre, no puede ser. Yo en soledad estuve diciendo que esto no era peronismo, pero no alcanz\u00f3 y se los llev\u00f3 puesto a un mont\u00f3n de gobernadores\u2019.<\/p>\n<p>En su materia de impulsar el resurgimiento del sector pol\u00edtico al que representa y acerca del trabajo que viene haciendo en todas las provincias, se\u00f1al\u00f3 que \u2018el peronismo mendocino tiene brotes verdes, entonces San Juan debe estar teniendo flores, porque obvio que esta es una provincia con m\u00e1s raigambre peronista que Mendoza\u2019.<\/p>\n<p>Y cerr\u00f3 al mencionar que \u2018el clima nacional va a ser que este gobierno, que fracas\u00f3, tenga que irrumpir el peronismo. Para eso tiene que estar organizado y tener un plan de gobierno, porque el gobierno es un medio, no un fin\u2019.<\/p>\n<p>gentileza: canal 13 san juan<\/p>\n<p>La entrada El dirigente peronista Guillermo Moreno en su visita a la provincia realiz\u00f3 una lectura de la derrota del justicialismo en San Juan el ex gobernador Sergio U\u00f1ac \u2018No ten\u00eda ninguna razonabilidad que pierda, se lo llev\u00f3 la ola\u2019 aseguro. se public\u00f3 primero en DIARIO DIGITAL MORENO MEDIOS.<\/p>\n","protected":false},"excerpt":{"rendered":"<p>Las \u00faltimas elecciones fueron una caja de sorpresas para muchos gobiernos locales, aunque ya se pod\u00eda observar la tendencia en las provincias que hab\u00edan adelantado los comicios. En la mayor\u00eda que comandaba el peronismo, fueron cayendo y cambiando de color pol\u00edtico. Sin embargo, en las elecciones presidenciales, en las que se eligieron cargos nacionales, el [&hellip;]<\/p>\n","protected":false},"author":2,"featured_media":69996,"comment_status":"closed","ping_status":"closed","sticky":false,"template":"","format":"standard","meta":{"footnotes":""},"categories":[27],"tags":[],"class_list":["post-69995","post","type-post","status-publish","format-standard","has-post-thumbnail","hentry","category-san-juan"],"_links":{"self":[{"href":"https:\/\/radioacuariofm.com.ar\/index.php?rest_route=\/wp\/v2\/posts\/69995","targetHints":{"allow":["GET"]}}],"collection":[{"href":"https:\/\/radioacuariofm.com.ar\/index.php?rest_route=\/wp\/v2\/posts"}],"about":[{"href":"https:\/\/radioacuariofm.com.ar\/index.php?rest_route=\/wp\/v2\/types\/post"}],"author":[{"embeddable":true,"href":"https:\/\/radioacuariofm.com.ar\/index.php?rest_route=\/wp\/v2\/users\/2"}],"replies":[{"embeddable":true,"href":"https:\/\/radioacuariofm.com.ar\/index.php?rest_route=%2Fwp%2Fv2%2Fcomments&post=69995"}],"version-history":[{"count":1,"href":"https:\/\/radioacuariofm.com.ar\/index.php?rest_route=\/wp\/v2\/posts\/69995\/revisions"}],"predecessor-version":[{"id":69998,"href":"https:\/\/radioacuariofm.com.ar\/index.php?rest_route=\/wp\/v2\/posts\/69995\/revisions\/69998"}],"wp:featuredmedia":[{"embeddable":true,"href":"https:\/\/radioacuariofm.com.ar\/index.php?rest_route=\/wp\/v2\/media\/69996"}],"wp:attachment":[{"href":"https:\/\/radioacuariofm.com.ar\/index.php?rest_route=%2Fwp%2Fv2%2Fmedia&parent=69995"}],"wp:term":[{"taxonomy":"category","embeddable":true,"href":"https:\/\/radioacuariofm.com.ar\/index.php?rest_route=%2Fwp%2Fv2%2Fcategories&post=69995"},{"taxonomy":"post_tag","embeddable":true,"href":"https:\/\/radioacuariofm.com.ar\/index.php?rest_route=%2Fwp%2Fv2%2Ftags&post=69995"}],"curies":[{"name":"wp","href":"https:\/\/api.w.org\/{rel}","templated":true}]}}