{"id":69151,"date":"2024-02-08T12:06:14","date_gmt":"2024-02-08T15:06:14","guid":{"rendered":"https:\/\/radioacuariofm.com.ar\/?p=69151"},"modified":"2024-02-08T12:06:16","modified_gmt":"2024-02-08T15:06:16","slug":"este-jueves-se-confirmo-un-cese-de-actividades-en-el-complejo-universitario-islas-malvinas-cuim-debido-a-problemas-electricos","status":"publish","type":"post","link":"https:\/\/radioacuariofm.com.ar\/?p=69151","title":{"rendered":"Este jueves se confirm\u00f3 un cese de actividades en el Complejo Universitario Islas Malvinas (CUIM) debido a problemas el\u00e9ctricos."},"content":{"rendered":"<p><img decoding=\"async\" src=\"https:\/\/radioacuariofm.com.ar\/wp-content\/uploads\/2024\/02\/f685x385-318346_356039_5050-3.webp-1.jpg\"\/><\/p>\n<p>Sin embargo, fuentes cercanas a las autoridades indicaron que el inconveniente result\u00f3 m\u00e1s grave de lo inicialmente esperado. Desde el martes, algunos trabajadores no pueden acceder a sus puestos debido a las reparaciones en curso.<\/p>\n<p>El acceso al p\u00fablico est\u00e1 restringido, y a\u00fan no se ha anunciado cu\u00e1ndo se reanudar\u00e1n las actividades. Las agencias de seguridad que supervisan el lugar han implementado estas medidas mientras eval\u00faan los da\u00f1os. Se inform\u00f3 que el lunes un transformador principal que abastece a todas las unidades acad\u00e9micas dentro del complejo se quem\u00f3, y la situaci\u00f3n empeor\u00f3 al descubrirse que se trata de dos transformadores de energ\u00eda el\u00e9ctrica.<\/p>\n<p>Desde la universidad, el reclamo fue puesto en la empresa de energ\u00eda el\u00e9ctrica, sin embargo a\u00fan no fueron atendidos ni se pronunciaron respecto al pedido.<\/p>\n<p>El CUIM se encuentra ubicado en Av. Ignacio de la Roza Oeste 590, en el departamento de Rivadavia, provincia de San Juan. La Facultad de Ciencias Sociales es una de las unidades acad\u00e9micas que integran la Universidad Nacional de San Juan. Adem\u00e1s, Sociales forma parte del Complejo Universitario Islas Malvinas, al igual que la Facultad de Arquitectura, Urbanismo y Dise\u00f1o; la Facultad de Ciencias Exactas, F\u00edsicas y Naturales; y el Departamento de Artes Visuales de la Facultad de Filosof\u00eda, Humanidades y Artes.<\/p>\n<p>La entrada Este jueves se confirm\u00f3 un cese de actividades en el Complejo Universitario Islas Malvinas (CUIM) debido a problemas el\u00e9ctricos. se public\u00f3 primero en DIARIO DIGITAL MORENO MEDIOS.<\/p>\n","protected":false},"excerpt":{"rendered":"<p>Sin embargo, fuentes cercanas a las autoridades indicaron que el inconveniente result\u00f3 m\u00e1s grave de lo inicialmente esperado. Desde el martes, algunos trabajadores no pueden acceder a sus puestos debido a las reparaciones en curso. El acceso al p\u00fablico est\u00e1 restringido, y a\u00fan no se ha anunciado cu\u00e1ndo se reanudar\u00e1n las actividades. Las agencias de [&hellip;]<\/p>\n","protected":false},"author":2,"featured_media":69152,"comment_status":"closed","ping_status":"closed","sticky":false,"template":"","format":"standard","meta":{"footnotes":""},"categories":[27],"tags":[],"class_list":["post-69151","post","type-post","status-publish","format-standard","has-post-thumbnail","hentry","category-san-juan"],"_links":{"self":[{"href":"https:\/\/radioacuariofm.com.ar\/index.php?rest_route=\/wp\/v2\/posts\/69151","targetHints":{"allow":["GET"]}}],"collection":[{"href":"https:\/\/radioacuariofm.com.ar\/index.php?rest_route=\/wp\/v2\/posts"}],"about":[{"href":"https:\/\/radioacuariofm.com.ar\/index.php?rest_route=\/wp\/v2\/types\/post"}],"author":[{"embeddable":true,"href":"https:\/\/radioacuariofm.com.ar\/index.php?rest_route=\/wp\/v2\/users\/2"}],"replies":[{"embeddable":true,"href":"https:\/\/radioacuariofm.com.ar\/index.php?rest_route=%2Fwp%2Fv2%2Fcomments&post=69151"}],"version-history":[{"count":1,"href":"https:\/\/radioacuariofm.com.ar\/index.php?rest_route=\/wp\/v2\/posts\/69151\/revisions"}],"predecessor-version":[{"id":69154,"href":"https:\/\/radioacuariofm.com.ar\/index.php?rest_route=\/wp\/v2\/posts\/69151\/revisions\/69154"}],"wp:featuredmedia":[{"embeddable":true,"href":"https:\/\/radioacuariofm.com.ar\/index.php?rest_route=\/wp\/v2\/media\/69152"}],"wp:attachment":[{"href":"https:\/\/radioacuariofm.com.ar\/index.php?rest_route=%2Fwp%2Fv2%2Fmedia&parent=69151"}],"wp:term":[{"taxonomy":"category","embeddable":true,"href":"https:\/\/radioacuariofm.com.ar\/index.php?rest_route=%2Fwp%2Fv2%2Fcategories&post=69151"},{"taxonomy":"post_tag","embeddable":true,"href":"https:\/\/radioacuariofm.com.ar\/index.php?rest_route=%2Fwp%2Fv2%2Ftags&post=69151"}],"curies":[{"name":"wp","href":"https:\/\/api.w.org\/{rel}","templated":true}]}}