{"id":241738,"date":"2026-09-04T20:32:59","date_gmt":"2026-09-04T23:32:59","guid":{"rendered":"https:\/\/radioacuariofm.com.ar\/?p=241738"},"modified":"2026-09-04T20:33:02","modified_gmt":"2026-09-04T23:33:02","slug":"para-el-mercado-la-inflacion-se-plancha-y-el-dolar-seguira-calmo","status":"publish","type":"post","link":"https:\/\/radioacuariofm.com.ar\/?p=241738","title":{"rendered":"Para el mercado, la inflaci\u00f3n se plancha y el d\u00f3lar seguir\u00e1 calmo"},"content":{"rendered":"<p><\/p>\n<div>\n<p class=\"com-paragraph --capital --s\">Para los analistas de mercado, la econom\u00eda argentina crecer\u00e1 este a\u00f1o apenas <strong>2,1%<\/strong>, menos de la mitad de lo que hab\u00eda proyectado el Gobierno en su Presupuesto 2026, pese a que la actividad ya comenz\u00f3 a rebotar en estos meses y se expandir\u00eda a un ritmo del <strong>1,3% en el \u00faltimo trimestre del a\u00f1o<\/strong>.<\/p>\n<p class=\"com-paragraph --s\">Esa recuperaci\u00f3n ayudar\u00eda a que la inflaci\u00f3n se mantenga planchada en los pr\u00f3ximos meses, en torno al <strong>1,7% mensual<\/strong> \u2014nivel que habr\u00eda marcado en agosto\u2014, para cerrar el a\u00f1o cerca del 30%. Tambi\u00e9n contribuir\u00eda a que el d\u00f3lar se mantenga calmo durante los pr\u00f3ximos meses y termine el a\u00f1o entre <strong>$1626 y $1630<\/strong>, lo que supondr\u00eda una devaluaci\u00f3n interanual del 12,6%.<\/p>\n<p class=\"com-paragraph --s\">Los <strong>47 encuestados \u2014economistas a cargo de consultoras o dependientes de bancos\u2014<\/strong> por el Relevamiento de Expectativas de Mercado (REM), que realiza mensualmente el Banco Central (BCRA), creen que el \u00cdndice de Precios al Consumidor (IPC) habr\u00eda cerrado agosto en <strong>1,7%<\/strong>. El dato se podr\u00e1 verificar el pr\u00f3ximo jueves, cuando el Indec publique la medici\u00f3n oficial.<\/p>\n<p class=\"com-paragraph --s\">Para los analistas, ese registro se ubicar\u00eda en la mitad del rango previsto para los pr\u00f3ximos meses, que va del <strong>1,6% al 1,8% mensual<\/strong> y en el que la inflaci\u00f3n se mantendr\u00eda en los pr\u00f3ximos seis meses, es decir, hasta febrero de 2027.<\/p>\n<p class=\"com-paragraph --s\">El <strong>Producto Bruto Interno (PBI) ajustado por estacionalidad<\/strong>, que se habr\u00eda contra\u00eddo 0,9% en el segundo trimestre \u20140,5 puntos porcentuales menos que en el relevamiento previo\u2014, estar\u00eda ya rebotando a un ritmo del <strong>1,1% en el trimestre en curso<\/strong>, una mejora de 0,1 puntos porcentuales respecto del REM anterior. Para el \u00faltimo trimestre, los analistas proyectan una aceleraci\u00f3n hasta el <strong>1,3%<\/strong>, 0,3 puntos porcentuales por encima de la estimaci\u00f3n previa.<\/p>\n<p class=\"com-paragraph --s\">En cuanto al d\u00f3lar mayorista, que cerrar\u00eda este mes con un promedio de <strong>$1530<\/strong> \u2014$22 por encima del cierre de hoy\u2014, los analistas estiman que terminar\u00e1 el a\u00f1o entre $1626 y $1630. Eso implicar\u00eda un aumento de entre <strong>$118 y $122 en lo que resta de 2026<\/strong>, equivalente a una suba de entre 7,75% y 8%.<\/p>\n<p class=\"com-paragraph --s\">El relevamiento capta adem\u00e1s que los analistas esperan que la <strong>tasa de inter\u00e9s de referencia del mercado (Tamar de bancos privados)<\/strong> se mantenga relativamente estable. La proyectan en 24,11% nominal anual para este mes \u2014equivalente a una tasa efectiva mensual de 1,98%\u2014 y estiman que reci\u00e9n caer\u00eda hacia el <strong>23% anual a comienzos del pr\u00f3ximo a\u00f1o<\/strong>.<\/p>\n<p class=\"com-paragraph --s\">Adem\u00e1s, esperan que las <strong>exportaciones FOB superen los US$100.000 millones<\/strong>, hasta alcanzar los US$100.895 millones, lo que representa un aumento de US$688 millones respecto de la encuesta anterior. <\/p>\n<p class=\"com-paragraph --s\">Las importaciones CIF llegar\u00edan a <strong>US$75.861 millones<\/strong>, US$912 millones menos que en el REM previo. Esto permitir\u00eda alcanzar un super\u00e1vit comercial anual de US$25.034 millones.<\/p>\n<section class=\"container-center-100 mb-40 border border-bottom border-thin border-neutral-light-700\">\n<hr\/>\n<\/section>\n<\/div>\n<p><script id=\"facebookpixel\" defer=\"\" type=\"text\/javascript\">\n        !function(f,b,e,v,n,t,s)\n        {if(f.fbq)return;n=f.fbq=function(){n.callMethod?\n        n.callMethod.apply(n,arguments):n.queue.push(arguments)};\n        if(!f._fbq)f._fbq=n;n.push=n;n.loaded=!0;n.version='2.0';\n        n.queue=[];t=b.createElement(e);t.async=!0;\n        t.src=v;s=b.getElementsByTagName(e)[0];\n        s.parentNode.insertBefore(t,s)}(window, document,'script',\n        'https:\/\/connect.facebook.net\/en_US\/fbevents.js');\n        fbq('init', '492459597522335');\n        fbq('track', 'PageView');\n    <\/script><\/p>\n","protected":false},"excerpt":{"rendered":"<p>Para los analistas de mercado, la econom\u00eda argentina crecer\u00e1 este a\u00f1o apenas 2,1%, menos de la mitad de lo que hab\u00eda proyectado el Gobierno en su Presupuesto 2026, pese a que la actividad ya comenz\u00f3 a rebotar en estos meses y se expandir\u00eda a un ritmo del 1,3% en el \u00faltimo trimestre del a\u00f1o. Esa [&hellip;]<\/p>\n","protected":false},"author":2,"featured_media":241739,"comment_status":"closed","ping_status":"closed","sticky":false,"template":"","format":"standard","meta":{"footnotes":""},"categories":[28],"tags":[],"class_list":["post-241738","post","type-post","status-publish","format-standard","has-post-thumbnail","hentry","category-economia"],"_links":{"self":[{"href":"https:\/\/radioacuariofm.com.ar\/index.php?rest_route=\/wp\/v2\/posts\/241738","targetHints":{"allow":["GET"]}}],"collection":[{"href":"https:\/\/radioacuariofm.com.ar\/index.php?rest_route=\/wp\/v2\/posts"}],"about":[{"href":"https:\/\/radioacuariofm.com.ar\/index.php?rest_route=\/wp\/v2\/types\/post"}],"author":[{"embeddable":true,"href":"https:\/\/radioacuariofm.com.ar\/index.php?rest_route=\/wp\/v2\/users\/2"}],"replies":[{"embeddable":true,"href":"https:\/\/radioacuariofm.com.ar\/index.php?rest_route=%2Fwp%2Fv2%2Fcomments&post=241738"}],"version-history":[{"count":1,"href":"https:\/\/radioacuariofm.com.ar\/index.php?rest_route=\/wp\/v2\/posts\/241738\/revisions"}],"predecessor-version":[{"id":241740,"href":"https:\/\/radioacuariofm.com.ar\/index.php?rest_route=\/wp\/v2\/posts\/241738\/revisions\/241740"}],"wp:featuredmedia":[{"embeddable":true,"href":"https:\/\/radioacuariofm.com.ar\/index.php?rest_route=\/wp\/v2\/media\/241739"}],"wp:attachment":[{"href":"https:\/\/radioacuariofm.com.ar\/index.php?rest_route=%2Fwp%2Fv2%2Fmedia&parent=241738"}],"wp:term":[{"taxonomy":"category","embeddable":true,"href":"https:\/\/radioacuariofm.com.ar\/index.php?rest_route=%2Fwp%2Fv2%2Fcategories&post=241738"},{"taxonomy":"post_tag","embeddable":true,"href":"https:\/\/radioacuariofm.com.ar\/index.php?rest_route=%2Fwp%2Fv2%2Ftags&post=241738"}],"curies":[{"name":"wp","href":"https:\/\/api.w.org\/{rel}","templated":true}]}}