{"id":241735,"date":"2026-09-04T19:32:07","date_gmt":"2026-09-04T22:32:07","guid":{"rendered":"https:\/\/radioacuariofm.com.ar\/?p=241735"},"modified":"2026-09-04T19:32:08","modified_gmt":"2026-09-04T22:32:08","slug":"tras-el-anuncio-por-malvinas-el-gobierno-giro-fondos-para-la-base-naval-de-ushuaia-y-petrel-en-la-antartida","status":"publish","type":"post","link":"https:\/\/radioacuariofm.com.ar\/?p=241735","title":{"rendered":"Tras el anuncio por Malvinas, el Gobierno gir\u00f3 fondos para la base naval de Ushuaia y Petrel, en la Ant\u00e1rtida"},"content":{"rendered":"<p><\/p>\n<div>\n<p class=\"com-paragraph --capital --s\">Horas despu\u00e9s de que el presidente<strong> Javier Milei<\/strong> anunciara una ampliaci\u00f3n de recursos para las <strong>Fuerzas Armadas <\/strong>en el marco de los anuncios por las <strong>islas Malvinas<\/strong>, el Gobierno oficializ\u00f3 este viernes un refuerzo de casi <strong>$218.000 millones para el Ministerio de Defensa<\/strong>, de los cuales m\u00e1s de $200.000 millones ser\u00e1n utilizados para <a href=\"https:\/\/www.lanacion.com.ar\/politica\/la-base-naval-integrada-de-ushuaia-una-obra-muy-costosa-que-se-estanco-durante-los-ultimos-anos-nid04092026\/\" target=\"_self\" title=\"https:\/\/www.lanacion.com.ar\/politica\/la-base-naval-integrada-de-ushuaia-una-obra-muy-costosa-que-se-estanco-durante-los-ultimos-anos-nid04092026\/\" class=\"com-link break-word\" data-mrf-recirculation=\"n_link_parrafo\">avanzar con la construcci\u00f3n de una<strong> base naval integrada en Tierra del Fuego<\/strong><\/a><strong> <\/strong>y terminar la <strong>Base Petrel<\/strong>, en la Ant\u00e1rtida. <\/p>\n<p class=\"com-paragraph --s\">En una decisi\u00f3n pol\u00e9mica, tambi\u00e9n otorg\u00f3 <strong>$30.519 millones adicionales a la Secretar\u00eda de Inteligencia de Estado (SIDE)<\/strong>, lo que representa un incremento del 20,85% sobre los recursos que ten\u00eda disponibles hasta ahora.<\/p>\n<p class=\"com-paragraph --s\">La informaci\u00f3n surge de las modificaciones presupuestarias publicadas hoy en el <strong>Bolet\u00edn Oficial <\/strong>(DNU 867\/2026), analizadas por la <strong>Asociaci\u00f3n Civil por la Igualdad y la Justicia (ACIJ)<\/strong>, y confirmadas por fuentes oficiales del <strong>Ministerio de Defensa<\/strong> y la <strong>Canciller\u00eda<\/strong> a <strong>LA NACION<\/strong>. El Ministerio de Econom\u00eda no hab\u00eda brindado respuesta al cierre de esta nota.<\/p>\n<p class=\"com-paragraph --s\">Seg\u00fan el relevamiento de ACIJ, Defensa ten\u00eda un cr\u00e9dito vigente de $5,65 billones y recibi\u00f3 una ampliaci\u00f3n de <strong>$217.954 millones<\/strong>, equivalente al 3,86%. Con la modificaci\u00f3n, sus recursos ascienden a $5,87 billones. Al tipo de cambio mayorista actual, en torno de los $1500, el refuerzo equivale a unos US$145 millones.<\/p>\n<p class=\"com-paragraph --s\">El grueso de la ampliaci\u00f3n tiene una particularidad: <strong>$206.373 millones no aparecen como gasto corriente o de capital, sino como \u201caplicaciones financieras destinadas a adelantos a proveedores y contratistas a largo plazo\u201d<\/strong>. Seg\u00fan explicaron fuentes de Defensa, se trata de un primer refuerzo destinado a las dos bases estrat\u00e9gicas. Los proyectos de inversi\u00f3n estar\u00e1n registrados en el <strong>Banco de Proyectos de Inversi\u00f3n P\u00fablica (Bapin) <\/strong>y las nuevas obras ser\u00e1n licitadas, sin recurrir a contrataciones directas.<\/p>\n<div class=\"content-media\">\n<section role=\"button\" class=\"mod-media   \">\n<figure role=\"button\" tabindex=\"0\" class=\"mod-figure \"><figcaption class=\"mod-figcaption\"><span class=\"com-text --caption --twoxs\">El Ministerio de Defensa recibi\u00f3 el mayor refuerzo nominal dispuesto por el DNU 867\/2026: casi $218.000 millones. La SIDE sum\u00f3 otros $30.519 millones, un aumento del 20,85%. Fuente: ACIJ sobre la base de datos de Presupuesto Abierto.<\/span><\/figcaption><\/figure>\n<\/section>\n<\/div>\n<p class=\"com-paragraph --s\">De esos $206.373 millones, <strong>$114.733 millones fueron asignados directamente al Ministerio de Defensa, $60.429 millones al Ej\u00e9rcito y $31.211 millones a la Fuerza A\u00e9rea<\/strong>. En los tres casos, las planillas presupuestarias identifican el destino como \u201cadelantos a proveedores y contratistas a largo plazo\u201d.<\/p>\n<p class=\"com-paragraph --s\">A ese monto se suman <strong>$11.581 millones de gastos corrientes y de capital<\/strong>. La Armada recibi\u00f3 $8116 millones; la Fuerza A\u00e9rea, $2946 millones; y el Estado Mayor Conjunto, $519 millones. <strong>Desde Defensa explicaron que esas partidas permiten afrontar gastos operativos, como combustibles y servicios, entre otras necesidades vinculadas con las obras.<\/strong><\/p>\n<p class=\"com-paragraph --s\">En el Gobierno estiman que completar la base naval integrada de Ushuaia demandar\u00e1 una inversi\u00f3n total de entre US$400 millones y US$500 millones.<\/p>\n<p class=\"com-paragraph --s\"><a href=\"https:\/\/www.lanacion.com.ar\/politica\/reino-unido-reacciono-a-la-cadena-nacional-de-javier-milei-por-malvinas-nid04092026\/\" target=\"_self\" title=\"https:\/\/www.lanacion.com.ar\/politica\/reino-unido-reacciono-a-la-cadena-nacional-de-javier-milei-por-malvinas-nid04092026\/\" class=\"com-link break-word\" data-mrf-recirculation=\"n_link_parrafo\">La ampliaci\u00f3n fue oficializada un d\u00eda despu\u00e9s de la cadena nacional de Milei sobre Malvinas<\/a>. El Presidente hab\u00eda anticipado la decisi\u00f3n de incrementar los recursos de Defensa con el <strong>\u201cfin prioritario\u201d de construir una base naval integrada en Tierra del Fuego e incrementar las capacidades de telecomunicaciones<\/strong>. La intenci\u00f3n oficial, dijo Milei, es convertir esa instalaci\u00f3n en un polo log\u00edstico del Atl\u00e1ntico Sur y reforzar la proyecci\u00f3n argentina hacia la Ant\u00e1rtida.<\/p>\n<p class=\"com-paragraph --s\">El proyecto de la base, sin embargo, es anterior a la actual administraci\u00f3n. <strong>Las obras comenzaron en 2022<\/strong>, durante el gobierno de Alberto Fern\u00e1ndez, cuando Jorge Taiana estaba al frente del Ministerio de Defensa, y posteriormente quedaron estancadas, sin avances significativos. <\/p>\n<p class=\"com-paragraph --s\">Tandanor particip\u00f3 de los trabajos realizados hasta ahora, pero fuentes de Defensa aclararon a <strong>LA NACION <\/strong>que las obras que se financiar\u00e1n con el nuevo refuerzo presupuestario <strong>ser\u00e1n licitadas<\/strong>.<\/p>\n<p class=\"com-paragraph --s\">En abril de 2024, Milei viaj\u00f3 a Ushuaia para reunirse con <strong>Laura Richardson, entonces jefa del Comando Sur de los Estados Unidos<\/strong>, y afirm\u00f3 que el encuentro permitir\u00eda \u201cmonitorear los avances en el desarrollo de la base naval integrada\u201d. En ese momento sostuvo que el objetivo era contar con un gran centro log\u00edstico pr\u00f3ximo a la Ant\u00e1rtida, con capacidad para brindar apoyo a buques y programas cient\u00edficos internacionales.<\/p>\n<p class=\"com-paragraph --s\"><strong>\u201cEn el a\u00f1o 2022, cuando era ministro de Defensa, iniciamos las obras de la Base Naval Integrada de Ushuaia, que durante tres a\u00f1os fueron paralizadas por Milei y que hoy, ante el creciente inter\u00e9s de la Causa Malvinas, el Gobierno vuelve a reactivar\u201d<\/strong>, cuestion\u00f3 Taiana. Y agreg\u00f3: <strong>\u201cNo es estrategia geopol\u00edtica, es oportunismo electoral\u201d<\/strong>.<\/p>\n<p class=\"com-paragraph --s\">En los fundamentos del DNU, el Ejecutivo no menciona espec\u00edficamente las dos bases, pero sostiene que es necesario modificar el presupuesto de Defensa para <strong>\u201cfortalecer las capacidades operativas de las Fuerzas Armadas mediante la incorporaci\u00f3n, modernizaci\u00f3n y recuperaci\u00f3n de medios y equipamiento\u201d<\/strong>.<\/p>\n<p><h4 class=\"font-primary font-w-bold text-subheading-md text-left container-center-100 mb-8\"><span>Un aumento de casi 21% para Inteligencia<\/span><\/h4>\n<\/p>\n<p class=\"com-paragraph --s\">Otro de los movimientos relevantes fue el refuerzo de la <strong>SIDE<\/strong>. De acuerdo con los datos elaborados por ACIJ sobre la base de Presupuesto Abierto, el organismo ten\u00eda disponibles $146.397 millones y recibi\u00f3 <strong>$30.519 millones adicionales<\/strong>, con lo que su presupuesto asciende a $176.916 millones. El salto es del <strong>20,85%<\/strong>, frente al 3,86% registrado en Defensa.<\/p>\n<p class=\"com-paragraph --s\">Las planillas permiten conocer con mayor precisi\u00f3n el destino presupuestario de esos fondos. Los $30.519 millones fueron asignados al programa <strong>\u201cInformaci\u00f3n e Inteligencia\u201d<\/strong> y se dividen en <strong>$10.905 millones de gastos corrientes y $19.614 millones de gastos de capital<\/strong>. Es decir, casi dos tercios del refuerzo corresponden a inversi\u00f3n en equipamiento.<\/p>\n<p class=\"com-paragraph --s\">Entre los gastos corrientes aparecen <strong>$3617 millones para bienes de consumo y $7288 millones para mantenimiento, reparaci\u00f3n y limpieza<\/strong>. Esta \u00faltima partida comprende $4870 millones para edificios y locales, $1339 millones para maquinaria y equipos y casi $1079 millones para sistemas inform\u00e1ticos.<\/p>\n<div class=\"content-media\">\n<section role=\"button\" class=\"mod-media   \">\n<figure role=\"button\" tabindex=\"0\" class=\"mod-figure \"><figcaption class=\"mod-figcaption\"><span class=\"com-text --caption --twoxs\">El entonces ministro de Defensa Jorge Taiana encabez\u00f3 en marzo de 2022 el inicio de las obras de la Base Naval Integrada de Ushuaia, un proyecto que el gobierno de Javier Milei busca ahora reimpulsar con nuevos recursos.<\/span><\/figcaption><\/figure>\n<\/section>\n<\/div>\n<p class=\"com-paragraph --s\">Los <strong>$19.614 millones de gastos de capital<\/strong>, en tanto, se destinan \u00edntegramente a maquinaria y equipamiento. All\u00ed se incluyen $6306 millones para equipos de computaci\u00f3n; $3451 millones para mobiliario y equipos de oficina; $2.659 millones para herramientas y repuestos mayores y otros $7199 millones para equipos varios.<\/p>\n<p class=\"com-paragraph --s\">El Gobierno incluy\u00f3 a Inteligencia entre los argumentos utilizados para justificar la necesidad y urgencia de la medida. En los fundamentos sostuvo que era necesario adecuar las partidas de distintas jurisdicciones para atender <strong>\u201cnecesidades vigentes en materia salarial, de inteligencia\u201d<\/strong> y otras erogaciones necesarias para el funcionamiento del Estado.<\/p>\n<p class=\"com-paragraph --s\">Seg\u00fan el relevamiento de ACIJ, el DNU produjo un <strong>incremento neto de $236.137 millones<\/strong> sobre el presupuesto general, ya que las ampliaciones en distintas jurisdicciones fueron parcialmente compensadas con reducciones en otras partidas. La principal baja se produjo en <strong>Obligaciones a Cargo del Tesoro, por unos $490.633 millones<\/strong>.<\/p>\n<section class=\"container-center-100 mb-40 border border-bottom border-thin border-neutral-light-700\">\n<hr\/>\n<\/section>\n<\/div>\n<p><script id=\"facebookpixel\" defer=\"\" type=\"text\/javascript\">\n        !function(f,b,e,v,n,t,s)\n        {if(f.fbq)return;n=f.fbq=function(){n.callMethod?\n        n.callMethod.apply(n,arguments):n.queue.push(arguments)};\n        if(!f._fbq)f._fbq=n;n.push=n;n.loaded=!0;n.version='2.0';\n        n.queue=[];t=b.createElement(e);t.async=!0;\n        t.src=v;s=b.getElementsByTagName(e)[0];\n        s.parentNode.insertBefore(t,s)}(window, document,'script',\n        'https:\/\/connect.facebook.net\/en_US\/fbevents.js');\n        fbq('init', '492459597522335');\n        fbq('track', 'PageView');\n    <\/script><\/p>\n","protected":false},"excerpt":{"rendered":"<p>Horas despu\u00e9s de que el presidente Javier Milei anunciara una ampliaci\u00f3n de recursos para las Fuerzas Armadas en el marco de los anuncios por las islas Malvinas, el Gobierno oficializ\u00f3 este viernes un refuerzo de casi $218.000 millones para el Ministerio de Defensa, de los cuales m\u00e1s de $200.000 millones ser\u00e1n utilizados para avanzar con [&hellip;]<\/p>\n","protected":false},"author":2,"featured_media":241736,"comment_status":"closed","ping_status":"closed","sticky":false,"template":"","format":"standard","meta":{"footnotes":""},"categories":[28],"tags":[],"class_list":["post-241735","post","type-post","status-publish","format-standard","has-post-thumbnail","hentry","category-economia"],"_links":{"self":[{"href":"https:\/\/radioacuariofm.com.ar\/index.php?rest_route=\/wp\/v2\/posts\/241735","targetHints":{"allow":["GET"]}}],"collection":[{"href":"https:\/\/radioacuariofm.com.ar\/index.php?rest_route=\/wp\/v2\/posts"}],"about":[{"href":"https:\/\/radioacuariofm.com.ar\/index.php?rest_route=\/wp\/v2\/types\/post"}],"author":[{"embeddable":true,"href":"https:\/\/radioacuariofm.com.ar\/index.php?rest_route=\/wp\/v2\/users\/2"}],"replies":[{"embeddable":true,"href":"https:\/\/radioacuariofm.com.ar\/index.php?rest_route=%2Fwp%2Fv2%2Fcomments&post=241735"}],"version-history":[{"count":1,"href":"https:\/\/radioacuariofm.com.ar\/index.php?rest_route=\/wp\/v2\/posts\/241735\/revisions"}],"predecessor-version":[{"id":241737,"href":"https:\/\/radioacuariofm.com.ar\/index.php?rest_route=\/wp\/v2\/posts\/241735\/revisions\/241737"}],"wp:featuredmedia":[{"embeddable":true,"href":"https:\/\/radioacuariofm.com.ar\/index.php?rest_route=\/wp\/v2\/media\/241736"}],"wp:attachment":[{"href":"https:\/\/radioacuariofm.com.ar\/index.php?rest_route=%2Fwp%2Fv2%2Fmedia&parent=241735"}],"wp:term":[{"taxonomy":"category","embeddable":true,"href":"https:\/\/radioacuariofm.com.ar\/index.php?rest_route=%2Fwp%2Fv2%2Fcategories&post=241735"},{"taxonomy":"post_tag","embeddable":true,"href":"https:\/\/radioacuariofm.com.ar\/index.php?rest_route=%2Fwp%2Fv2%2Ftags&post=241735"}],"curies":[{"name":"wp","href":"https:\/\/api.w.org\/{rel}","templated":true}]}}