{"id":241726,"date":"2026-09-04T16:28:52","date_gmt":"2026-09-04T19:28:52","guid":{"rendered":"https:\/\/radioacuariofm.com.ar\/?p=241726"},"modified":"2026-09-04T16:28:54","modified_gmt":"2026-09-04T19:28:54","slug":"sturzenegger-le-respondio-a-los-industriales-y-se-refirio-al-paro-de-practicos-a-veces-algun-cano-explota","status":"publish","type":"post","link":"https:\/\/radioacuariofm.com.ar\/?p=241726","title":{"rendered":"Sturzenegger le respondi\u00f3 a los industriales y se refiri\u00f3 al paro de pr\u00e1cticos: \u201cA veces alg\u00fan ca\u00f1o explota\u201d"},"content":{"rendered":"<p><\/p>\n<div>\n<p class=\"com-paragraph --s\">\u201cCreo que el peronismo ya dijo lo que quieren hacer: <strong>o quieren echar a (Santiago) Bausili o quieren expropiar todo<\/strong>\u201d, lanz\u00f3 <strong>Federico Sturzenegger<\/strong> apenas subi\u00f3 al escenario de la convenci\u00f3n anual del <strong>Instituto Argentino de Ejecutivos de Finanzas <\/strong>(IAEF). En su discurso, contest\u00f3 las cr\u00edticas del titular de la Uni\u00f3n Industrial Argentina (UIA) y apunt\u00f3 contra los pr\u00e1cticos.<\/p>\n<p class=\"com-paragraph --s\">Luego de un repaso de su gesti\u00f3n y la mirada del <strong>presidente Javier Milei <\/strong>sobre la IA, el ministro de Desregulaci\u00f3n y Transformaci\u00f3n del Estado anunci\u00f3: \u201cQuiero hablar de <a href=\"https:\/\/www.lanacion.com.ar\/economia\/el-dato-que-expuso-la-uia-en-el-dia-de-la-industria-90000-empleos-menos-desde-agosto-de-2023-nid02092026\/\" target=\"_self\" title=\"https:\/\/www.lanacion.com.ar\/economia\/el-dato-que-expuso-la-uia-en-el-dia-de-la-industria-90000-empleos-menos-desde-agosto-de-2023-nid02092026\/\" class=\"com-link break-word\" data-mrf-recirculation=\"n_link_parrafo\">las declaraciones de <strong>Mart\u00edn Rappallini<\/strong><\/a><strong> <\/strong>en el D\u00eda de la Industria, <strong>con quien tengo una relaci\u00f3n excelente<\/strong>: trabajamos en el Consejo de Mayo y armamos la ley de reforma laboral\u201d. <\/p>\n<p class=\"com-paragraph --s\">\u201c<strong>Me hubiera gustado haberlo charlado con \u00e9l (Rappallini), sin animosidad<\/strong>, pero quiero aprovechar las ideas que comentaba para pensar en la batalla cultural y compartir c\u00f3mo las vemos nosotros en el Gobierno\u201d, aclar\u00f3.<\/p>\n<p class=\"com-paragraph --s\">Sturzenegger se refiri\u00f3 primero al nivel de actividad: \u201cLo que dec\u00eda <strong>LA NACION <\/strong>sobre lo que dec\u00eda Mart\u00edn \u2014porque los periodistas a veces se toman sus licencias\u2014 era que el problema es la actividad. Cuando llegamos al gobierno, ven\u00edamos de 12 a\u00f1os sin crecimiento. <strong>Javier Milei va a terminar su presidencia <\/strong>con un producto 20% m\u00e1s alto que cuando empez\u00f3. Obviamente, el crecimiento de la actividad <strong>no es parejo para todos<\/strong>\u201d.<\/p>\n<p class=\"com-paragraph --s\">Acto seguido, el ministro cuestion\u00f3 los reclamos de est\u00edmulo: \u201cSe piensa que el Estado tiene que promover el consumo. <strong>Pero hay que entender que el Estado no hace nada.<\/strong> Lo \u00fanico que hace es gestionar guita de otros; no crea nada. En todo caso, si le va a dar un incentivo a alguien, es porque sac\u00f3 la guita de otro lado. <strong>\u00bfO qu\u00e9 fue el \u2018Plan Platita\u2019?<\/strong>\u201d.<\/p>\n<p class=\"com-paragraph --s\">\u201c<strong>Si hay algo que podemos hacer para que el consumo crezca<\/strong>, es bajar el gasto p\u00fablico: disminuir lo que cobramos a la gente, devolvi\u00e9ndole al sector privado. Por eso el presidente Milei ha devuelto 3 puntos del PBI y 2 puntos y medio de impuesto inflacionario. Esa es la manera\u201d, explic\u00f3 Sturzenegger.<\/p>\n<p class=\"com-paragraph --s\">En otra parte de su exposici\u00f3n, Sturzenegger habl\u00f3 del financiamiento: \u201cLo mismo es con el cr\u00e9dito: subsidi\u00e1ndolo, de alg\u00fan lado saco la plata. <strong>Para que crezca el cr\u00e9dito, tiene que crecer el ahorro<\/strong>, para lo que necesitamos estabilidad y que el gasto p\u00fablico sea m\u00e1s bajo. Por eso hemos bajado 15 puntos la presi\u00f3n que el Estado le hac\u00eda al sector privado a trav\u00e9s del d\u00e9ficit fiscal\u201d.<\/p>\n<p><h2 class=\"font-primary font-w-bold text-subheading-lg text-left container-center-100 mb-8\"><span>\u201cEl ejemplo puro de la casta\u201d<\/span><\/h2>\n<\/p>\n<p class=\"com-paragraph --s\">Hacia el tramo final de su ponencia, el ministro abord\u00f3 las quejas empresariales respecto de la competitividad: \u201cEl otro tema que planteaba Mart\u00edn es el costo argentino, <strong>pero hicimos 17.000 desregulaciones<\/strong>. Nos insultan diciendo que somos acad\u00e9micos; yo digo que somos plomeros: somos los \u00fanicos que nos metemos en las cloacas a sacar la m&#8230;\u201d.<\/p>\n<p class=\"com-paragraph --s\">\u201cEso implica ir y mirar en cada uno de los reg\u00edmenes legales y normativos d\u00f3nde est\u00e1 ese privilegio\u201d, agreg\u00f3 Sturzenegger, para luego cargar <a href=\"https:\/\/www.lanacion.com.ar\/economia\/el-gobierno-acordo-con-los-practicos-y-se-restablecera-el-servicio-en-el-puerto-nid04082026\/\" target=\"_self\" title=\"https:\/\/www.lanacion.com.ar\/economia\/el-gobierno-acordo-con-los-practicos-y-se-restablecera-el-servicio-en-el-puerto-nid04082026\/\" class=\"com-link break-word\" data-mrf-recirculation=\"n_link_parrafo\">contra la huelga portuaria<\/a>: \u201cA veces alg\u00fan ca\u00f1o explota y <strong>qued\u00e1s todo cubierto de mierda (sic), como lo que nos pas\u00f3 con los pr\u00e1cticos<\/strong>. Ellos son el ejemplo puro de la casta: 300 tipos que ganan US$200.000 por mes. Le imponen un sobrecosto a la log\u00edstica de US$60 millones que pagamos todos los argentinos por mes. <strong>Desarmar estos privilegios tiene su complejidad<\/strong>\u201d.<\/p>\n<p class=\"com-paragraph --s\">Para cerrar, el funcionario contest\u00f3 al reclamo de alivio fiscal: \u201cPed\u00eda Mart\u00edn la baja de impuestos: para cualquier pol\u00edtico es facil\u00edsimo hacerlo; lo que es dif\u00edcil es bajar el gasto. Ser\u00eda m\u00e1s constructivo que, en vez de alentarnos en algo que es f\u00e1cil para nosotros, <strong>nos apoyen en lo que es dif\u00edcil hacer <\/strong>y que es absolutamente necesario para hacer lo otro: no hay una manera de bajar los impuestos de manera sustentable si no se baja el gasto\u201d.<\/p>\n<p class=\"com-paragraph --s\">\u201c<strong>Nos tenemos que sacar de la cabeza la idea del <\/strong><em><strong>dumping<\/strong><\/em>, de que si yo dejo que venga algo de otro pa\u00eds que es muy barato, destruye la industria local. Pero de eso se trata el comercio; <strong>es rid\u00edculo el argumento<\/strong>\u201d, concluy\u00f3.<\/p>\n<section class=\"container-center-100 mb-40 border border-bottom border-thin border-neutral-light-700\">\n<hr\/>\n<\/section>\n<\/div>\n<p><script id=\"facebookpixel\" defer=\"\" type=\"text\/javascript\">\n        !function(f,b,e,v,n,t,s)\n        {if(f.fbq)return;n=f.fbq=function(){n.callMethod?\n        n.callMethod.apply(n,arguments):n.queue.push(arguments)};\n        if(!f._fbq)f._fbq=n;n.push=n;n.loaded=!0;n.version='2.0';\n        n.queue=[];t=b.createElement(e);t.async=!0;\n        t.src=v;s=b.getElementsByTagName(e)[0];\n        s.parentNode.insertBefore(t,s)}(window, document,'script',\n        'https:\/\/connect.facebook.net\/en_US\/fbevents.js');\n        fbq('init', '492459597522335');\n        fbq('track', 'PageView');\n    <\/script><\/p>\n","protected":false},"excerpt":{"rendered":"<p>\u201cCreo que el peronismo ya dijo lo que quieren hacer: o quieren echar a (Santiago) Bausili o quieren expropiar todo\u201d, lanz\u00f3 Federico Sturzenegger apenas subi\u00f3 al escenario de la convenci\u00f3n anual del Instituto Argentino de Ejecutivos de Finanzas (IAEF). En su discurso, contest\u00f3 las cr\u00edticas del titular de la Uni\u00f3n Industrial Argentina (UIA) y apunt\u00f3 [&hellip;]<\/p>\n","protected":false},"author":2,"featured_media":241727,"comment_status":"closed","ping_status":"closed","sticky":false,"template":"","format":"standard","meta":{"footnotes":""},"categories":[28],"tags":[],"class_list":["post-241726","post","type-post","status-publish","format-standard","has-post-thumbnail","hentry","category-economia"],"_links":{"self":[{"href":"https:\/\/radioacuariofm.com.ar\/index.php?rest_route=\/wp\/v2\/posts\/241726","targetHints":{"allow":["GET"]}}],"collection":[{"href":"https:\/\/radioacuariofm.com.ar\/index.php?rest_route=\/wp\/v2\/posts"}],"about":[{"href":"https:\/\/radioacuariofm.com.ar\/index.php?rest_route=\/wp\/v2\/types\/post"}],"author":[{"embeddable":true,"href":"https:\/\/radioacuariofm.com.ar\/index.php?rest_route=\/wp\/v2\/users\/2"}],"replies":[{"embeddable":true,"href":"https:\/\/radioacuariofm.com.ar\/index.php?rest_route=%2Fwp%2Fv2%2Fcomments&post=241726"}],"version-history":[{"count":1,"href":"https:\/\/radioacuariofm.com.ar\/index.php?rest_route=\/wp\/v2\/posts\/241726\/revisions"}],"predecessor-version":[{"id":241728,"href":"https:\/\/radioacuariofm.com.ar\/index.php?rest_route=\/wp\/v2\/posts\/241726\/revisions\/241728"}],"wp:featuredmedia":[{"embeddable":true,"href":"https:\/\/radioacuariofm.com.ar\/index.php?rest_route=\/wp\/v2\/media\/241727"}],"wp:attachment":[{"href":"https:\/\/radioacuariofm.com.ar\/index.php?rest_route=%2Fwp%2Fv2%2Fmedia&parent=241726"}],"wp:term":[{"taxonomy":"category","embeddable":true,"href":"https:\/\/radioacuariofm.com.ar\/index.php?rest_route=%2Fwp%2Fv2%2Fcategories&post=241726"},{"taxonomy":"post_tag","embeddable":true,"href":"https:\/\/radioacuariofm.com.ar\/index.php?rest_route=%2Fwp%2Fv2%2Ftags&post=241726"}],"curies":[{"name":"wp","href":"https:\/\/api.w.org\/{rel}","templated":true}]}}