{"id":241720,"date":"2026-09-04T15:27:53","date_gmt":"2026-09-04T18:27:53","guid":{"rendered":"https:\/\/radioacuariofm.com.ar\/?p=241720"},"modified":"2026-09-04T15:27:55","modified_gmt":"2026-09-04T18:27:55","slug":"jorge-brito-la-oposicion-tiene-que-dar-certidumbre-sobre-que-va-a-hacer-y-que-no","status":"publish","type":"post","link":"https:\/\/radioacuariofm.com.ar\/?p=241720","title":{"rendered":"Jorge Brito: \u201cLa oposici\u00f3n tiene que dar certidumbre sobre qu\u00e9 va a hacer y qu\u00e9 no\u201d"},"content":{"rendered":"<p><\/p>\n<div>\n<p class=\"com-paragraph --capital --s\">PUERTO IGUAZ\u00da.- Jorge Brito no dijo que quiere ser candidato. Pero tampoco dijo que no. El presidente del Banco Macro eligi\u00f3 otra respuesta cuando, en una charla ante empresarios, pol\u00edticos y economistas, le preguntaron sobre la posibilidad de dar un salto hacia la pol\u00edtica. \u201cSoy empresario, soy argentino, soy padre. Esa respuesta no es algo que le interese a la gente\u201d, afirm\u00f3.<strong> Pero s\u00ed afirm\u00f3 que los temas que hoy le preocupan a la poblaci\u00f3n pasan por el nivel de actividad y el empleo,<\/strong> mientras que alent\u00f3 a la oposici\u00f3n a dar certidumbre sobre el modelo de pa\u00eds que proponen y se\u00f1al\u00f3 que las reglas del juego no deber\u00edan cambiar cada cuatro a\u00f1os.<\/p>\n<p class=\"com-paragraph --s\">\u201cEl 99% [de la gente] piensa en c\u00f3mo se van a resolver los problemas de hoy. Desde mi humilde lugar, la forma que tengo es trabajar en empresas, generar empleo, confianza. <strong>Despu\u00e9s el tiempo dir\u00e1. Hay mucho tiempo para la pr\u00f3xima elecci\u00f3n.<\/strong> No es que no me importe la pol\u00edtica. Me considero una persona que se involucra mucho; he sido criticado en muchos gobiernos, me junto con todos los funcionarios. Desde mi lugar, como empresario, el mejor aporte que puedo hacer es trabajar, generar empleo y conciencia en la pol\u00edtica de las cosas que creemos que est\u00e1n mal y que se pueden mejorar para tener un pa\u00eds mejor\u201d, afirm\u00f3 en di\u00e1logo con Jos\u00e9 Del Rio, secretario general de Redacci\u00f3n de LA NACION, durante la segunda jornada del 47\u00b0 Convenci\u00f3n Anual del Instituto Argentino de Ejecutivos de Finanzas (IAEF).<\/p>\n<p class=\"com-paragraph --s\"><strong>El empresario destac\u00f3 aspectos de la gesti\u00f3n de Javier Milei y afirm\u00f3 que el presidente \u201cse anim\u00f3\u201d a reducir el d\u00e9ficit fiscal, a pesar de tener un costo pol\u00edtico alto. <\/strong>\u201cEsos puntos de d\u00e9ficit eran subsidios, era algo que usaban algunos y pag\u00e1bamos todos\u201d, afirm\u00f3. Sin embargo, agreg\u00f3 que el \u201cgran desaf\u00edo\u201d que tienen tanto en el sector p\u00fablico como en el sector privado es \u201cresolver los problemas que le importan a la gente\u201d.<strong> <\/strong>Y especific\u00f3:<strong> \u201cEmpleo y el nivel de actividad son los temas que le importan a la sociedad argentina.\u201d<\/strong><\/p>\n<p class=\"com-paragraph --s\">\u201cLa demanda que tiene actualmente el Gobierno, que es el problema m\u00e1s importante que tenemos, es el nivel de actividad\u201d, remarc\u00f3. Para Brito, la crisis que tuvo Mauricio Macri fue la \u201cexpectativa del riesgo de lo que pod\u00eda venir\u201d, por lo que alent\u00f3 a que el peronismo se expida sobre qu\u00e9 propuestas pondr\u00e1n sobre la mesa, para no volver a caer en el p\u00e9ndulo pol\u00edtico. <mark class=\"hl_underline\">\u201cDesde la oposici\u00f3n tienen que dar certidumbre de qu\u00e9 van a hacer y qu\u00e9 no\u201d, remat\u00f3.<\/mark><\/p>\n<div class=\"content-media\">\n<section role=\"button\" class=\"mod-media   \">\n<figure role=\"button\" tabindex=\"0\" class=\"mod-figure \"><figcaption class=\"mod-figcaption\"><span class=\"com-text --caption --twoxs\">Jorge Brito dialog\u00f3 con Jos\u00e9 Del Rio (LA NACION) y afirm\u00f3 que los temas que \u00able preocupan a la gente son el empleo y la actividad\u00bb<\/span><span class=\"com-text --credit --twoxs\">JUANCA_ROMERO<\/span><\/figcaption><\/figure>\n<\/section>\n<\/div>\n<p class=\"com-paragraph --s\">\u201cEn algunos pa\u00edses se puede discutir si en determinados momentos es mejor tener d\u00e9ficit fiscal o financiarlo con endeudamiento. Pero en la Argentina, cuando algo se convierte en sistem\u00e1tico, cr\u00f3nico y termina teniendo un debilitamiento de la moneda del orden que tuvimos, con un sistema financiero en el que los dep\u00f3sitos eran apenas el 4% del sistema, <strong>no queda duda de que el sistema est\u00e1 agotado. <\/strong>No se puede hacer m\u00e1s. Ese es el problema que ha tenido la Argentina; <strong>por eso la autonom\u00eda del Banco Central es muy importante <\/strong>y es lo que va a hacer que un inversor no compre un bono pensando en cu\u00e1nto tiempo le queda al Gobierno.<strong> Determinadas pol\u00edticas tienen que ver con la Argentina y no con un Gobierno\u201d, <\/strong>afirm\u00f3.<\/p>\n<p class=\"com-paragraph --s\">Tambi\u00e9n hay cosas que le \u201ccuestan creer\u201d. Por ejemplo, que la Argentina tenga 50 millones de habitantes y que se exporten \u201cmaterias primas sin valor agregado\u201d. Tambi\u00e9n que los trenes sigan siendo los mismos que hace 30 a\u00f1os. Apunt\u00f3 contra el alto costo impositivo y tambi\u00e9n que la competitividad se relacione autom\u00e1ticamente en la Argentina con el valor del tipo de cambio. \u201cNo es indiferente pensar c\u00f3mo sigue la historia en el pr\u00f3ximo gobierno. Lo importante son estas cuestiones, para determinar que ciertas pol\u00edticas van a ser estables en el tiempo\u201d, afirm\u00f3.<\/p>\n<p class=\"com-paragraph --s\">El tono conciliador estuvo presente en todo momento, incluso cuando cont\u00f3 su paso por la presidencia de River y el plan que tuvo para renovar el club y empezaron a aumentar los ingresos. <strong>\u201cSalgamos de la grieta, por favor\u201d, <\/strong>dijo entre risas cuando el auditorio empez\u00f3 a dividirse entre quienes eran hinchas de River o de Boca.<\/p>\n<p><h2 class=\"font-primary font-w-bold text-subheading-lg text-left container-center-100 mb-8\"><span>Mora, empleo y el interior \u201cganador\u201d<\/span><\/h2>\n<\/p>\n<p class=\"com-paragraph --s\">Luego, ya en los pasillos del IAEF, el empresario se tom\u00f3 un momento para hablar con los periodistas y toc\u00f3 de lleno uno de los problemas que m\u00e1s encendi\u00f3 las alertas del sistema financiero en el \u00faltimo a\u00f1o: la <strong>mora<\/strong>. Brito reconoci\u00f3 que es un fen\u00f3meno \u201ccomplejo\u201d, que alcanza a unas dos millones de personas que est\u00e1n en el sistema bancario, <strong>pero advirti\u00f3 que la forma de resolverlo no es a trav\u00e9s de algunos proyectos \u201calocados\u201d que se han presentado ante el Congreso para intentar solucionar el problema.<\/strong><\/p>\n<p class=\"com-paragraph --s\">\u201cLa nueva cartera generada es menos morosa que la anterior. Tiene que ver con muchas cuestiones, la tasa de inter\u00e9s del \u00faltimo trimestre del a\u00f1o pasado estuvo en torno a los tres d\u00edgitos, <strong>la tasa de inflaci\u00f3n baj\u00f3 y eso cre\u00f3 que la tasa de inter\u00e9s real sea una de las m\u00e1s altas de la historia.<\/strong> Eso, acompa\u00f1ado con la p\u00e9rdida de empleo y de ingresos, producto de que la poblaci\u00f3n pas\u00f3 a tener en torno al 5% de gastos de servicios a 25% del salario disponible, hizo que la morosidad suba fuertemente. Pero no hay nada que nos haga pensar que vaya a incrementarse a futuro, <strong>somos optimistas de que se resolver\u00e1 en el corto plazo\u201d, <\/strong>afirm\u00f3. La frase se da luego de que ayer el vicepresidente del Banco Central, Vladimir Werning, apuntara contra las altas tasas de inter\u00e9s a las que acceden las familias argentinas. <\/p>\n<div class=\"content-media\">\n<section role=\"button\" class=\"mod-media   \">\n<figure role=\"button\" tabindex=\"0\" class=\"mod-figure \"><figcaption class=\"mod-figcaption\"><span class=\"com-text --caption --twoxs\">Jorge Brito con el presidente del IAEF y el presidente del Comit\u00e9 Organizador<\/span><span class=\"com-text --credit --twoxs\">JUANCA_ROMERO<\/span><\/figcaption><\/figure>\n<\/section>\n<\/div>\n<p class=\"com-paragraph --s\">Para Brito, el problema de fondo sigue siendo otro: el nivel de actividad y, como consecuencia, el empleo. \u201cPero en la Argentina tenemos herramientas para poder combatir el desempleo: es la inversi\u00f3n\u201d, sostuvo. En esa l\u00ednea, defendi\u00f3 el ajuste fiscal realizado por el Gobierno (y agreg\u00f3: \u201cYo, Jorge Pablo Brito, recib\u00eda subsidios), aunque marc\u00f3 un l\u00edmite al diagn\u00f3stico. A su entender, fue necesario corregir un d\u00e9ficit que ya no pod\u00eda financiarse, <strong>pero consider\u00f3 un \u201cerror\u201d pensar que el mercado iba a resolver por s\u00ed solo en el corto plazo.<\/strong><\/p>\n<p class=\"com-paragraph --s\">\u201cLo que est\u00e1 ocurriendo es que los perdedores hicieron el ajuste m\u00e1s r\u00e1pido de lo que se est\u00e1n expandiendo los ganadores.<strong> Creo que ah\u00ed tiene que haber una coordinaci\u00f3n, como tambi\u00e9n creo que tiene que haber una coordinaci\u00f3n en este nuevo modelo de pa\u00eds.<\/strong> El interior es el gran ganador, y tenemos que crear la infraestructura en el interior para que esto ocurra, y que no pase lo que pas\u00f3 hace 50 a\u00f1os en la Argentina, donde hubo una migraci\u00f3n del interior a Buenos Aires y no hubo infraestructura para recibirlo. Hay que aprender de los errores del pasado y diagramar este nuevo modelo de pa\u00eds, que tambi\u00e9n va a generar empleo\u201d, cerr\u00f3.<\/p>\n<section class=\"container-center-100 mb-40 border border-bottom border-thin border-neutral-light-700\">\n<hr\/>\n<\/section>\n<\/div>\n<p><script id=\"facebookpixel\" defer=\"\" type=\"text\/javascript\">\n        !function(f,b,e,v,n,t,s)\n        {if(f.fbq)return;n=f.fbq=function(){n.callMethod?\n        n.callMethod.apply(n,arguments):n.queue.push(arguments)};\n        if(!f._fbq)f._fbq=n;n.push=n;n.loaded=!0;n.version='2.0';\n        n.queue=[];t=b.createElement(e);t.async=!0;\n        t.src=v;s=b.getElementsByTagName(e)[0];\n        s.parentNode.insertBefore(t,s)}(window, document,'script',\n        'https:\/\/connect.facebook.net\/en_US\/fbevents.js');\n        fbq('init', '492459597522335');\n        fbq('track', 'PageView');\n    <\/script><\/p>\n","protected":false},"excerpt":{"rendered":"<p>PUERTO IGUAZ\u00da.- Jorge Brito no dijo que quiere ser candidato. Pero tampoco dijo que no. El presidente del Banco Macro eligi\u00f3 otra respuesta cuando, en una charla ante empresarios, pol\u00edticos y economistas, le preguntaron sobre la posibilidad de dar un salto hacia la pol\u00edtica. \u201cSoy empresario, soy argentino, soy padre. Esa respuesta no es algo [&hellip;]<\/p>\n","protected":false},"author":2,"featured_media":241721,"comment_status":"closed","ping_status":"closed","sticky":false,"template":"","format":"standard","meta":{"footnotes":""},"categories":[28],"tags":[],"class_list":["post-241720","post","type-post","status-publish","format-standard","has-post-thumbnail","hentry","category-economia"],"_links":{"self":[{"href":"https:\/\/radioacuariofm.com.ar\/index.php?rest_route=\/wp\/v2\/posts\/241720","targetHints":{"allow":["GET"]}}],"collection":[{"href":"https:\/\/radioacuariofm.com.ar\/index.php?rest_route=\/wp\/v2\/posts"}],"about":[{"href":"https:\/\/radioacuariofm.com.ar\/index.php?rest_route=\/wp\/v2\/types\/post"}],"author":[{"embeddable":true,"href":"https:\/\/radioacuariofm.com.ar\/index.php?rest_route=\/wp\/v2\/users\/2"}],"replies":[{"embeddable":true,"href":"https:\/\/radioacuariofm.com.ar\/index.php?rest_route=%2Fwp%2Fv2%2Fcomments&post=241720"}],"version-history":[{"count":1,"href":"https:\/\/radioacuariofm.com.ar\/index.php?rest_route=\/wp\/v2\/posts\/241720\/revisions"}],"predecessor-version":[{"id":241722,"href":"https:\/\/radioacuariofm.com.ar\/index.php?rest_route=\/wp\/v2\/posts\/241720\/revisions\/241722"}],"wp:featuredmedia":[{"embeddable":true,"href":"https:\/\/radioacuariofm.com.ar\/index.php?rest_route=\/wp\/v2\/media\/241721"}],"wp:attachment":[{"href":"https:\/\/radioacuariofm.com.ar\/index.php?rest_route=%2Fwp%2Fv2%2Fmedia&parent=241720"}],"wp:term":[{"taxonomy":"category","embeddable":true,"href":"https:\/\/radioacuariofm.com.ar\/index.php?rest_route=%2Fwp%2Fv2%2Fcategories&post=241720"},{"taxonomy":"post_tag","embeddable":true,"href":"https:\/\/radioacuariofm.com.ar\/index.php?rest_route=%2Fwp%2Fv2%2Ftags&post=241720"}],"curies":[{"name":"wp","href":"https:\/\/api.w.org\/{rel}","templated":true}]}}