{"id":241717,"date":"2026-09-04T14:21:23","date_gmt":"2026-09-04T17:21:23","guid":{"rendered":"https:\/\/radioacuariofm.com.ar\/?p=241717"},"modified":"2026-09-04T14:21:26","modified_gmt":"2026-09-04T17:21:26","slug":"la-inmigracion-y-sus-huellas-en-la-historia-de-san-juan","status":"publish","type":"post","link":"https:\/\/radioacuariofm.com.ar\/?p=241717","title":{"rendered":"La inmigraci\u00f3n y sus huellas en la historia de San Juan"},"content":{"rendered":"<p><\/p>\n<div>\n<p>En San Juan, la inmigraci\u00f3n acompa\u00f1\u00f3 un per\u00edodo de crecimiento demogr\u00e1fico, transformaci\u00f3n econ\u00f3mica y reorganizaci\u00f3n territorial. Las distintas comunidades incorporaron conocimientos, actividades productivas y nuevas formas de organizaci\u00f3n social.<\/p>\n<p>Para conservar sus tradiciones y mantener los v\u00ednculos entre sus integrantes, distintas colectividades crearon sociedades de socorros mutuos, clubes y espacios de encuentro.<\/p>\n<p>Estos \u00e1mbitos permitieron desarrollar actividades culturales, sociales y solidarias. Con el tiempo, tambi\u00e9n se convirtieron en lugares de intercambio con la sociedad sanjuanina.<\/p>\n<h2>El crecimiento de la poblaci\u00f3n<\/h2>\n<p>El crecimiento de la poblaci\u00f3n sanjuanina se aceler\u00f3 durante la segunda mitad del siglo XIX. En 1869, el Primer Censo Nacional registr\u00f3 60.319 habitantes en la provincia.<\/p>\n<p>Para 1895, la poblaci\u00f3n hab\u00eda alcanzado los 84.251 habitantes. El incremento estuvo acompa\u00f1ado por cambios en la composici\u00f3n de la poblaci\u00f3n extranjera.<\/p>\n<p>En 1869 se registraron 2.306 extranjeros, mientras que en 1895 la cifra lleg\u00f3 a 5.322. Durante ese per\u00edodo tambi\u00e9n se modific\u00f3 el origen de una parte importante de quienes llegaron a San Juan.<\/p>\n<p>La poblaci\u00f3n chilena disminuy\u00f3 de 2.059 personas en 1869 a 1.500 en 1895. En ese mismo per\u00edodo, la comunidad espa\u00f1ola creci\u00f3 de 88 a 1.842 integrantes y la italiana, de 54 a 863.<\/p>\n<p>Tambi\u00e9n creci\u00f3 la presencia de inmigrantes rusos, que pas\u00f3 de 45 personas en 1869 a 787 en 1895. El proceso modific\u00f3 progresivamente la composici\u00f3n de la sociedad provincial.<\/p>\n<div class=\"embera-embed-responsive embera-embed-responsive-photo embera-embed-responsive-provider-flickr\"><a data-flickr-embed=\"true\" href=\"https:\/\/www.flickr.com\/photos\/gobiernodesanjuan\/55506653677\/\" title=\"2026-09-04 GOBIERNO La inmigraci\u00f3n y sus huellas en la historia de San Juan by Gobierno de San Juan, on Flickr\"><\/a><\/div>\n<h2>Una provincia principalmente rural<\/h2>\n<p>La incorporaci\u00f3n de nuevos habitantes se produjo en una sociedad donde predominaba la poblaci\u00f3n rural. En 1869, 49.710 personas resid\u00edan en \u00e1reas rurales de San Juan.<\/p>\n<p>En 1895, esa cifra hab\u00eda aumentado a 72.157 habitantes. La poblaci\u00f3n urbana, en cambio, pas\u00f3 de 10.609 a 12.094 personas durante el mismo per\u00edodo.<\/p>\n<p>La expansi\u00f3n de la poblaci\u00f3n rural estuvo vinculada con las actividades agr\u00edcolas y con un territorio organizado alrededor del sistema de regad\u00edo.<\/p>\n<p>Los centros de atracci\u00f3n tambi\u00e9n comenzaron a modificarse. J\u00e1chal registr\u00f3 un crecimiento menor, mientras se afianzaron Pocito, Caucete y departamentos cercanos a la Capital.<\/p>\n<p>Concepci\u00f3n, Trinidad, Desamparados y Santa Luc\u00eda registraron un crecimiento asociado con la subdivisi\u00f3n de la tierra y la expansi\u00f3n de las actividades productivas.<\/p>\n<div class=\"embera-embed-responsive embera-embed-responsive-photo embera-embed-responsive-provider-flickr\"><a data-flickr-embed=\"true\" href=\"https:\/\/www.flickr.com\/photos\/gobiernodesanjuan\/55507659821\/\" title=\"2026-09-04 GOBIERNO La inmigraci\u00f3n y sus huellas en la historia de San Juan by Gobierno de San Juan, on Flickr\"><img decoding=\"async\" class=\"embera-embed-responsive-item embera-embed-responsive-item-photo\" src=\"https:\/\/live.staticflickr.com\/65535\/55507659821_35290e7444_b.jpg\" alt=\"2026-09-04 GOBIERNO La inmigraci\u00f3n y sus huellas en la historia de San Juan\"\/><\/a><\/div>\n<h2>La inmigraci\u00f3n y las transformaciones econ\u00f3micas<\/h2>\n<p>La inmigraci\u00f3n europea acompa\u00f1\u00f3 las transformaciones econ\u00f3micas que atraves\u00f3 San Juan durante este per\u00edodo. Uno de sus principales aportes estuvo vinculado con la actividad vitivin\u00edcola.<\/p>\n<p>Los inmigrantes incorporaron conocimientos t\u00e9cnicos, capitales y nuevas formas de producci\u00f3n. Estos aportes acompa\u00f1aron el crecimiento de la industria y la incorporaci\u00f3n de mejoras en las bodegas.<\/p>\n<p>La transformaci\u00f3n econ\u00f3mica tambi\u00e9n estuvo relacionada con los cambios en el transporte. La llegada del ferrocarril modific\u00f3 los circuitos comerciales y vincul\u00f3 la producci\u00f3n provincial con nuevos mercados.<\/p>\n<p>La llegada de inmigrantes form\u00f3 parte as\u00ed de un proceso m\u00e1s amplio que modific\u00f3 la econom\u00eda, la distribuci\u00f3n territorial y las relaciones sociales de la provincia.<\/p>\n<div class=\"embera-embed-responsive embera-embed-responsive-photo embera-embed-responsive-provider-flickr\"><a data-flickr-embed=\"true\" href=\"https:\/\/www.flickr.com\/photos\/gobiernodesanjuan\/55507764348\/\" title=\"2026-09-04 GOBIERNO La inmigraci\u00f3n y sus huellas en la historia de San Juan by Gobierno de San Juan, on Flickr\"><img decoding=\"async\" class=\"embera-embed-responsive-item embera-embed-responsive-item-photo\" src=\"https:\/\/live.staticflickr.com\/65535\/55507764348_0fb5769f58_b.jpg\" alt=\"2026-09-04 GOBIERNO La inmigraci\u00f3n y sus huellas en la historia de San Juan\"\/><\/a><\/div>\n<h2>Sociedades para conservar tradiciones y brindar asistencia<\/h2>\n<p>Las comunidades inmigrantes generaron instituciones destinadas a brindar asistencia, fortalecer v\u00ednculos y mantener costumbres de sus lugares de origen.<\/p>\n<p>La comunidad espa\u00f1ola cre\u00f3 la Sociedad Espa\u00f1ola de Socorros Mutuos el 1 de noviembre de 1879. Su finalidad inicial fue brindar asistencia a espa\u00f1oles residentes o de paso por San Juan.<\/p>\n<p>La instituci\u00f3n buscaba constituir un fondo com\u00fan para atender situaciones de enfermedad o incapacidad. Tambi\u00e9n procuraba facilitar ocupaci\u00f3n y fortalecer los v\u00ednculos entre compatriotas.<\/p>\n<p>En 1912 surgi\u00f3 el Club Espa\u00f1ol, orientado a la transmisi\u00f3n cultural y a las celebraciones de la comunidad. Ambas entidades tuvieron participaci\u00f3n en la vida social de la colectividad.<\/p>\n<p>En 1919 acordaron construir un edificio en calle Mendoza, frente a la Plaza 25 de Mayo. La sede fue inaugurada el 12 de octubre de 1925.<\/p>\n<p>El edificio contaba con dos pisos y un subsuelo destinados a dependencias administrativas, salones de fiestas, actos y reuniones.<\/p>\n<p>La sede fue escenario de actividades culturales, art\u00edsticas y sociales. All\u00ed se celebraban fiestas patrias argentinas, festejos espa\u00f1oles y celebraciones de carnaval.<\/p>\n<p>Los carnavales fueron suspendidos durante la Guerra Civil Espa\u00f1ola y retomados en 1940. El edificio fue posteriormente expropiado para la apertura de la Avenida Central y demolido.<\/p>\n<div class=\"embera-embed-responsive embera-embed-responsive-photo embera-embed-responsive-provider-flickr\"><a data-flickr-embed=\"true\" href=\"https:\/\/www.flickr.com\/photos\/gobiernodesanjuan\/55507764493\/\" title=\"2026-09-04 GOBIERNO La inmigraci\u00f3n y sus huellas en la historia de San Juan by Gobierno de San Juan, on Flickr\"><img decoding=\"async\" class=\"embera-embed-responsive-item embera-embed-responsive-item-photo\" src=\"https:\/\/live.staticflickr.com\/65535\/55507764493_c4a110149e_b.jpg\" alt=\"2026-09-04 GOBIERNO La inmigraci\u00f3n y sus huellas en la historia de San Juan\"\/><\/a><\/div>\n<h2>La comunidad italiana y sus espacios de encuentro<\/h2>\n<p>La comunidad italiana cre\u00f3 la Sociedad Italiana de Socorros Mutuos el 12 de febrero de 1882. La instituci\u00f3n tuvo como finalidad brindar asistencia ante las necesidades de sus integrantes.<\/p>\n<p>Su primer local estuvo ubicado en calle Mitre, junto a la Ferreter\u00eda Zunino. Era una casona remodelada, con ventanas hacia la calle, un amplio patio y un sal\u00f3n de fiestas.<\/p>\n<p>En ese espacio se desarrollaban reuniones y celebraciones de la colectividad. Tambi\u00e9n se realizaban carnavales y actividades culturales.<\/p>\n<p>La inauguraci\u00f3n de la Casa Espa\u00f1a impuls\u00f3 a la comunidad italiana a proyectar una sede propia. El terreno de la Sociedad Italiana ten\u00eda m\u00e1s de 26 metros de frente por 62 de fondo.<\/p>\n<p>Aunque la obra no lleg\u00f3 a concretarse, la colectividad continu\u00f3 utilizando la antigua casona para sus actividades sociales y culturales.<\/p>\n<div class=\"embera-embed-responsive embera-embed-responsive-photo embera-embed-responsive-provider-flickr\"><a data-flickr-embed=\"true\" href=\"https:\/\/www.flickr.com\/photos\/gobiernodesanjuan\/55507764433\/\" title=\"2026-09-04 GOBIERNO La inmigraci\u00f3n y sus huellas en la historia de San Juan by Gobierno de San Juan, on Flickr\"><img decoding=\"async\" class=\"embera-embed-responsive-item embera-embed-responsive-item-photo\" src=\"https:\/\/live.staticflickr.com\/65535\/55507764433_f7d4d9a7e3_b.jpg\" alt=\"2026-09-04 GOBIERNO La inmigraci\u00f3n y sus huellas en la historia de San Juan\"\/><\/a><\/div>\n<h2>La organizaci\u00f3n de la comunidad sirio-libanesa<\/h2>\n<p>La comunidad sirio-libanesa tambi\u00e9n desarroll\u00f3 instituciones destinadas a fortalecer la solidaridad y la vida comunitaria. En 1899 se cre\u00f3 la Sociedad Libanesa de Socorros Mutuos.<\/p>\n<p>La instituci\u00f3n reuni\u00f3 a residentes sirios y libaneses mediante una organizaci\u00f3n basada en la solidaridad de sus asociados. Su primera sede funcion\u00f3 en una vivienda de calle Tucum\u00e1n.<\/p>\n<p>En 1916, la sociedad adquiri\u00f3 un inmueble propio en calle Mendoza 859. El crecimiento de la poblaci\u00f3n de origen sirio y liban\u00e9s hizo que ese espacio resultara insuficiente.<\/p>\n<p>En 1924 se resolvi\u00f3 adquirir un inmueble de mayores dimensiones en calle Rawson 245, actualmente Entre R\u00edos, entre Laprida y Libertador.<\/p>\n<p>El objetivo era convertirlo en sede central de las entidades sirio-libanesas de la provincia. Tambi\u00e9n se proyectaba construir una casa social vinculada con la presencia de la comunidad en San Juan.<\/p>\n<div class=\"embera-embed-responsive embera-embed-responsive-photo embera-embed-responsive-provider-flickr\"><a data-flickr-embed=\"true\" href=\"https:\/\/www.flickr.com\/photos\/gobiernodesanjuan\/55507659971\/\" title=\"2026-09-04 GOBIERNO La inmigraci\u00f3n y sus huellas en la historia de San Juan by Gobierno de San Juan, on Flickr\"><img decoding=\"async\" class=\"embera-embed-responsive-item embera-embed-responsive-item-photo\" src=\"https:\/\/live.staticflickr.com\/65535\/55507659971_7996bda093_b.jpg\" alt=\"2026-09-04 GOBIERNO La inmigraci\u00f3n y sus huellas en la historia de San Juan\"\/><\/a><\/div>\n<h2>Una identidad construida a partir del encuentro<\/h2>\n<p>Las sociedades de inmigrantes fueron espacios de asistencia, encuentro y transmisi\u00f3n cultural. Sus integrantes conservaron tradiciones mientras participaban de una sociedad que tambi\u00e9n atravesaba profundas transformaciones.<\/p>\n<p>Las celebraciones, reuniones y actividades culturales permitieron transmitir costumbres entre generaciones. Al mismo tiempo, favorecieron el contacto con otros sectores de la sociedad sanjuanina.<\/p>\n<p>La inmigraci\u00f3n tambi\u00e9n incidi\u00f3 en la formaci\u00f3n de nuevos sectores econ\u00f3micos y sociales. Entre ellos se encontraban vi\u00f1ateros y bodegueros vinculados con el crecimiento de la actividad vitivin\u00edcola.<\/p>\n<p>La incorporaci\u00f3n de distintas comunidades contribuy\u00f3 a una sociedad donde diferentes tradiciones convivieron y se relacionaron con las costumbres existentes.<\/p>\n<div class=\"embera-embed-responsive embera-embed-responsive-photo embera-embed-responsive-provider-flickr\"><a data-flickr-embed=\"true\" href=\"https:\/\/www.flickr.com\/photos\/gobiernodesanjuan\/55507808984\/\" title=\"2026-09-04 GOBIERNO La inmigraci\u00f3n y sus huellas en la historia de San Juan by Gobierno de San Juan, on Flickr\"><img decoding=\"async\" class=\"embera-embed-responsive-item embera-embed-responsive-item-photo\" src=\"https:\/\/live.staticflickr.com\/65535\/55507808984_91ed66da8f_b.jpg\" alt=\"2026-09-04 GOBIERNO La inmigraci\u00f3n y sus huellas en la historia de San Juan\"\/><\/a><\/div>\n<h2>El Festival del Inmigrante celebra esa diversidad<\/h2>\n<p>En el marco del D\u00eda del Inmigrante, el Ministerio de Gobierno a trav\u00e9s de la Secretar\u00eda de Relaciones Institucionales, invita a participar del Festival del Inmigrante. El encuentro se realizar\u00e1 el s\u00e1bado 5 de septiembre, de 18 a 24 horas, en el Parque de Mayo.<\/p>\n<p>Participar\u00e1n comunidades de Venezuela, Alemania, Bolivia, Per\u00fa, Brasil, Chile, Polonia, L\u00edbano, Italia, Jap\u00f3n, Espa\u00f1a, China y Rusia.<\/p>\n<p>El festival contar\u00e1 con 25 puestos gastron\u00f3micos, 22 artesanos y productores y diez ONG. Tambi\u00e9n participar\u00e1n el Mercado Artesanal y la Feria Agroproductiva.<\/p>\n<p>La propuesta permitir\u00e1 compartir gastronom\u00eda, artesan\u00edas, m\u00fasica y danzas vinculadas con las distintas comunidades. Tambi\u00e9n ofrecer\u00e1 un espacio para conocer tradiciones que forman parte de la historia provincial.<\/p>\n<p>La inmigraci\u00f3n dej\u00f3 huellas en la poblaci\u00f3n, la econom\u00eda, las instituciones y la vida cultural de San Juan. Sus comunidades conservaron sus ra\u00edces y participaron en la construcci\u00f3n de una identidad com\u00fan.<\/p>\n<p>Fuentes de Biblioteca del Archivo General de la Provincia:<br \/>Bataller, J. C. (1996). El San Juan que Ud. no conoci\u00f3. Editores del Oeste.<br \/>S\u00e1nchez Cano, A. N., Rodr\u00edguez, N. I., Cerc\u00f3s de Martin, M., L\u00f3pez Daneri, M. E., Davire de Musri, D., Garc\u00eda, A. M. J., &amp; Gnecco de Fern\u00e1ndez Herrera, M. J. (1997). Nueva historia de San Juan. Editorial Fundaci\u00f3n Universidad Nacional de San Juan.<br \/>Giron\u00e9s de S\u00e1nchez, I. (2005). La ciudad perdida: Memoria urbana de San Juan preterremoto 1930-1944. Editorial Facultad de Filosof\u00eda, Humanidades y Artes, Universidad Nacional de San Juan.<\/p>\n<\/p><\/div>\n<p><script async defer crossorigin=\"anonymous\" src=\"https:\/\/connect.facebook.net\/es_ES\/sdk.js#xfbml=1&#038;version=v3.3\"><\/script><\/p>\n","protected":false},"excerpt":{"rendered":"<p>En San Juan, la inmigraci\u00f3n acompa\u00f1\u00f3 un per\u00edodo de crecimiento demogr\u00e1fico, transformaci\u00f3n econ\u00f3mica y reorganizaci\u00f3n territorial. Las distintas comunidades incorporaron conocimientos, actividades productivas y nuevas formas de organizaci\u00f3n social. Para conservar sus tradiciones y mantener los v\u00ednculos entre sus integrantes, distintas colectividades crearon sociedades de socorros mutuos, clubes y espacios de encuentro. Estos \u00e1mbitos permitieron [&hellip;]<\/p>\n","protected":false},"author":2,"featured_media":241718,"comment_status":"closed","ping_status":"closed","sticky":false,"template":"","format":"standard","meta":{"footnotes":""},"categories":[27],"tags":[],"class_list":["post-241717","post","type-post","status-publish","format-standard","has-post-thumbnail","hentry","category-san-juan"],"_links":{"self":[{"href":"https:\/\/radioacuariofm.com.ar\/index.php?rest_route=\/wp\/v2\/posts\/241717","targetHints":{"allow":["GET"]}}],"collection":[{"href":"https:\/\/radioacuariofm.com.ar\/index.php?rest_route=\/wp\/v2\/posts"}],"about":[{"href":"https:\/\/radioacuariofm.com.ar\/index.php?rest_route=\/wp\/v2\/types\/post"}],"author":[{"embeddable":true,"href":"https:\/\/radioacuariofm.com.ar\/index.php?rest_route=\/wp\/v2\/users\/2"}],"replies":[{"embeddable":true,"href":"https:\/\/radioacuariofm.com.ar\/index.php?rest_route=%2Fwp%2Fv2%2Fcomments&post=241717"}],"version-history":[{"count":1,"href":"https:\/\/radioacuariofm.com.ar\/index.php?rest_route=\/wp\/v2\/posts\/241717\/revisions"}],"predecessor-version":[{"id":241719,"href":"https:\/\/radioacuariofm.com.ar\/index.php?rest_route=\/wp\/v2\/posts\/241717\/revisions\/241719"}],"wp:featuredmedia":[{"embeddable":true,"href":"https:\/\/radioacuariofm.com.ar\/index.php?rest_route=\/wp\/v2\/media\/241718"}],"wp:attachment":[{"href":"https:\/\/radioacuariofm.com.ar\/index.php?rest_route=%2Fwp%2Fv2%2Fmedia&parent=241717"}],"wp:term":[{"taxonomy":"category","embeddable":true,"href":"https:\/\/radioacuariofm.com.ar\/index.php?rest_route=%2Fwp%2Fv2%2Fcategories&post=241717"},{"taxonomy":"post_tag","embeddable":true,"href":"https:\/\/radioacuariofm.com.ar\/index.php?rest_route=%2Fwp%2Fv2%2Ftags&post=241717"}],"curies":[{"name":"wp","href":"https:\/\/api.w.org\/{rel}","templated":true}]}}