{"id":241714,"date":"2026-09-04T13:54:08","date_gmt":"2026-09-04T16:54:08","guid":{"rendered":"https:\/\/radioacuariofm.com.ar\/?p=241714"},"modified":"2026-09-04T13:54:10","modified_gmt":"2026-09-04T16:54:10","slug":"mas-de-1-000-prestadores-se-capacitaron-para-potenciar-la-oferta-turistica-local","status":"publish","type":"post","link":"https:\/\/radioacuariofm.com.ar\/?p=241714","title":{"rendered":"M\u00e1s de 1.000 prestadores se capacitaron para potenciar la oferta tur\u00edstica local"},"content":{"rendered":"<p><\/p>\n<div>\n<p style=\"text-align: justify;\">\u200bEl Ministerio de Turismo, Cultura y Deporte realiz\u00f3 la <strong>entrega de certificados de la tercera edici\u00f3n del Programa San Juan Capacita en Turismo<\/strong>. El acto tuvo lugar en el Centro de Convenciones Barrena Guzm\u00e1n, donde se celebr\u00f3 el logro de <strong>m\u00e1s de 1.000 participantes que finalizaron las distintas capacitaciones<\/strong>. <\/p>\n<p style=\"text-align: justify;\">\u200bDurante tres meses de cursado,<strong> el programa llev\u00f3 adelante 20 talleres de formaci\u00f3n gratuita en modalidades presencial y virtual<\/strong>, permitiendo el acceso tanto a residentes del Gran San Juan y de departamentos alejados como J\u00e1chal, Calingasta, Iglesia, Valle F\u00e9rtil y Sarmiento. <\/p>\n<p style=\"text-align: justify;\"><strong>Las tem\u00e1ticas abordaron \u00e1reas fundamentales para la cadena de valor tur\u00edstica<\/strong>, incluyendo Organizaci\u00f3n de eventos, Recepci\u00f3n hotelera, Turismo del vino y del olivo, Marketing digital, Turismo sustentable, Calidad en atenci\u00f3n al turista, Ingl\u00e9s, Ceremonial y protocolo, Servicio de mozo y Dise\u00f1o de experiencias tur\u00edsticas.<\/p>\n<p style=\"text-align: justify;\">\u200b<\/p>\n<div class=\"embera-embed-responsive embera-embed-responsive-photo embera-embed-responsive-provider-flickr\"><a data-flickr-embed=\"true\" href=\"https:\/\/www.flickr.com\/photos\/gobiernodesanjuan\/55506924207\/\" title=\"2026-09-04 TURISMO Y CULTURA: Programa San Juan Capacita en Turismo by Gobierno de San Juan, on Flickr\"><\/a><\/div>\n<p style=\"text-align: justify;\">El impacto del programa se reforz\u00f3 mediante una<strong> instancia pr\u00e1ctica<\/strong> en la que los asistentes aplicaron contenidos en establecimientos e instituciones de la provincia. Esta sinergia cont\u00f3 con la participaci\u00f3n del sector p\u00fablico y privado, incluyendo al Hotel Del Bono, Hotel Termas de Pismanta, Museo Don Julio, Complejo Anchipurac, Restaurante Palito, Restaurante El Lagar, Club Sirio Liban\u00e9s, Museo Provincial de Bellas Artes Franklin Rawson, Centro Cultural Calingasta, Escuela Agrot\u00e9cnica de J\u00e1chal, la sede de la UNSJ en Valle F\u00e9rtil, entre otros organismos, instituciones de salud y bomberos.<\/p>\n<p style=\"text-align: justify;\">La entrega de certificados estuvo a cargo de la diputada nacional; Nancy Pic\u00f3n,  el ministro de Turismo, Cultura y Deporte; Guido Romero, el subsecretario de Turismo; Juan Casta\u00f1ares y la directora de Relaciones Institucionales; Daniela Golfieri.<\/p>\n<p style=\"text-align: justify;\">\u201cEl Programa San Juan Capacita en Turismo hoy est\u00e1 reflejando el \u00e9xito de su implementaci\u00f3n y lo vamos a seguir trabajando de manera continua ya que estamos convencidos de que la capacitaci\u00f3n nutre a la actividad. En este marco, quienes recibieron cada certificado son parte de este gran desarrollo\u201d, destac\u00f3 el subsecretario de Turismo. <\/p>\n<div class=\"embera-embed-responsive embera-embed-responsive-photo embera-embed-responsive-provider-flickr\"><a data-flickr-embed=\"true\" href=\"https:\/\/www.flickr.com\/photos\/gobiernodesanjuan\/55507928266\/\" title=\"2026-09-04 TURISMO Y CULTURA: Programa San Juan Capacita en Turismo by Gobierno de San Juan, on Flickr\"><img decoding=\"async\" class=\"embera-embed-responsive-item embera-embed-responsive-item-photo\" src=\"https:\/\/live.staticflickr.com\/65535\/55507928266_fa13e0be20_b.jpg\" alt=\"2026-09-04 TURISMO Y CULTURA: Programa San Juan Capacita en Turismo\"\/><\/a><\/div>\n<p style=\"text-align: justify;\">Por su parte, el ministro de Turismo, Cultura y Deporte agreg\u00f3 que \u201cSan Juan est\u00e1 creciendo en turismo de reuniones de una manera impresionante. Por eso, quiero agradecer la iniciativa que tienen para capacitarse, aprender e incorporar conocimientos porque c<strong>apacitar en turismo es construir el San Juan del futuro<\/strong>. Los invito a que sigamos trabajando juntos en esta etapa para que San Juan siga brillando alto\u201d.<\/p>\n<p style=\"text-align: justify;\">Cabe destacar que esta iniciativa representa un impulso directo al desarrollo econ\u00f3mico local, dotando al sector tur\u00edstico de herramientas t\u00e9cnicas y profesionales para elevar la calidad de la atenci\u00f3n y consolidar la competitividad del destino en toda la regi\u00f3n.<\/p>\n<\/p><\/div>\n<p><script async defer crossorigin=\"anonymous\" src=\"https:\/\/connect.facebook.net\/es_ES\/sdk.js#xfbml=1&#038;version=v3.3\"><\/script><\/p>\n","protected":false},"excerpt":{"rendered":"<p>\u200bEl Ministerio de Turismo, Cultura y Deporte realiz\u00f3 la entrega de certificados de la tercera edici\u00f3n del Programa San Juan Capacita en Turismo. El acto tuvo lugar en el Centro de Convenciones Barrena Guzm\u00e1n, donde se celebr\u00f3 el logro de m\u00e1s de 1.000 participantes que finalizaron las distintas capacitaciones. \u200bDurante tres meses de cursado, el [&hellip;]<\/p>\n","protected":false},"author":2,"featured_media":241715,"comment_status":"closed","ping_status":"closed","sticky":false,"template":"","format":"standard","meta":{"footnotes":""},"categories":[27],"tags":[],"class_list":["post-241714","post","type-post","status-publish","format-standard","has-post-thumbnail","hentry","category-san-juan"],"_links":{"self":[{"href":"https:\/\/radioacuariofm.com.ar\/index.php?rest_route=\/wp\/v2\/posts\/241714","targetHints":{"allow":["GET"]}}],"collection":[{"href":"https:\/\/radioacuariofm.com.ar\/index.php?rest_route=\/wp\/v2\/posts"}],"about":[{"href":"https:\/\/radioacuariofm.com.ar\/index.php?rest_route=\/wp\/v2\/types\/post"}],"author":[{"embeddable":true,"href":"https:\/\/radioacuariofm.com.ar\/index.php?rest_route=\/wp\/v2\/users\/2"}],"replies":[{"embeddable":true,"href":"https:\/\/radioacuariofm.com.ar\/index.php?rest_route=%2Fwp%2Fv2%2Fcomments&post=241714"}],"version-history":[{"count":1,"href":"https:\/\/radioacuariofm.com.ar\/index.php?rest_route=\/wp\/v2\/posts\/241714\/revisions"}],"predecessor-version":[{"id":241716,"href":"https:\/\/radioacuariofm.com.ar\/index.php?rest_route=\/wp\/v2\/posts\/241714\/revisions\/241716"}],"wp:featuredmedia":[{"embeddable":true,"href":"https:\/\/radioacuariofm.com.ar\/index.php?rest_route=\/wp\/v2\/media\/241715"}],"wp:attachment":[{"href":"https:\/\/radioacuariofm.com.ar\/index.php?rest_route=%2Fwp%2Fv2%2Fmedia&parent=241714"}],"wp:term":[{"taxonomy":"category","embeddable":true,"href":"https:\/\/radioacuariofm.com.ar\/index.php?rest_route=%2Fwp%2Fv2%2Fcategories&post=241714"},{"taxonomy":"post_tag","embeddable":true,"href":"https:\/\/radioacuariofm.com.ar\/index.php?rest_route=%2Fwp%2Fv2%2Ftags&post=241714"}],"curies":[{"name":"wp","href":"https:\/\/api.w.org\/{rel}","templated":true}]}}