{"id":241704,"date":"2026-09-04T11:43:11","date_gmt":"2026-09-04T14:43:11","guid":{"rendered":"https:\/\/radioacuariofm.com.ar\/?p=241704"},"modified":"2026-09-04T11:43:12","modified_gmt":"2026-09-04T14:43:12","slug":"san-juan-fue-sede-de-una-nueva-mesa-olivicola-nacional-en-el-marco-de-argoliva-2026","status":"publish","type":"post","link":"https:\/\/radioacuariofm.com.ar\/?p=241704","title":{"rendered":"San Juan fue sede de una nueva Mesa Oliv\u00edcola Nacional en el marco de ArgOliva 2026"},"content":{"rendered":"<p><\/p>\n<div>\n<p>Como parte del cronograma de actividades previstas para el XV Encuentro Oliv\u00edcola Internacional ArgOliva 2026, se llev\u00f3 a cabo la Mesa Oliv\u00edcola Nacional, con una importante agenda de temas para el sector.<\/p>\n<p>Por parte del Gobierno de la Naci\u00f3n, estuvieron presentes el secretario de Agricultura, Ganader\u00eda y Pesca de la Naci\u00f3n, Sergio Iraeta, el subsecretario de Econom\u00eda Regional, Mart\u00edn Gustavo Giaccio, y el jefe de Gabinete de la Secretar\u00eda de Agricultura, Mart\u00edn Fern\u00e1ndez. Tambi\u00e9n estuvo presente el ministro de Producci\u00f3n de Mendoza, Rodolfo Vargas Arizu. Por parte del Gobierno de San Juan, estuvieron presentes el ministro de Producci\u00f3n, Trabajo e Innovaci\u00f3n, Gustavo Fern\u00e1ndez, el secretario de Agricultura, Ganader\u00eda y Agroindustria, Miguel Moreno, el director de Desarrollo Vitivin\u00edcola, Juan Carlos Hidalgo, el director de Desarrollo Agropecuario, Leonardo Storniolo, el director de Sanidad Vegetal, Animal y Alimentos, Fabricio Ferrandiz, el director de Contingencias Clim\u00e1ticas y Registro Productor, Alberto Gallardo, la directora de la Unidad Ejecutora Central Provincial de Proyectos Agropecuarios, Fernanda Moreno, y el director del Centro Bio Tecnol\u00f3gico e INSEMI, Miguel \u00c1ngel Paton.<\/p>\n<p>El secretario de Agricultura, Ganader\u00eda y Agroindustria, expres\u00f3 que \u201cestas reuniones permiten el encuentro entre el sector p\u00fablico y el privado para que se planteen las necesidades del sector oliv\u00edcola. A partir de ello, surgen propuestas que luego se trabajan de manera articulada entre el gobierno provincial y nacional\u201d. Adem\u00e1s, resalt\u00f3 que el pedido del gobernador Marcelo Orrego es \u201cseguir trabajando en proyectos que contribuyan con el crecimiento y que esto permita mantener los est\u00e1ndares de productividad y calidad de este sector productivo tan importante para la provincia.\u201d<\/p>\n<\/p><\/div>\n<p><script async defer crossorigin=\"anonymous\" src=\"https:\/\/connect.facebook.net\/es_ES\/sdk.js#xfbml=1&#038;version=v3.3\"><\/script><\/p>\n","protected":false},"excerpt":{"rendered":"<p>Como parte del cronograma de actividades previstas para el XV Encuentro Oliv\u00edcola Internacional ArgOliva 2026, se llev\u00f3 a cabo la Mesa Oliv\u00edcola Nacional, con una importante agenda de temas para el sector. Por parte del Gobierno de la Naci\u00f3n, estuvieron presentes el secretario de Agricultura, Ganader\u00eda y Pesca de la Naci\u00f3n, Sergio Iraeta, el subsecretario [&hellip;]<\/p>\n","protected":false},"author":2,"featured_media":241705,"comment_status":"closed","ping_status":"closed","sticky":false,"template":"","format":"standard","meta":{"footnotes":""},"categories":[27],"tags":[],"class_list":["post-241704","post","type-post","status-publish","format-standard","has-post-thumbnail","hentry","category-san-juan"],"_links":{"self":[{"href":"https:\/\/radioacuariofm.com.ar\/index.php?rest_route=\/wp\/v2\/posts\/241704","targetHints":{"allow":["GET"]}}],"collection":[{"href":"https:\/\/radioacuariofm.com.ar\/index.php?rest_route=\/wp\/v2\/posts"}],"about":[{"href":"https:\/\/radioacuariofm.com.ar\/index.php?rest_route=\/wp\/v2\/types\/post"}],"author":[{"embeddable":true,"href":"https:\/\/radioacuariofm.com.ar\/index.php?rest_route=\/wp\/v2\/users\/2"}],"replies":[{"embeddable":true,"href":"https:\/\/radioacuariofm.com.ar\/index.php?rest_route=%2Fwp%2Fv2%2Fcomments&post=241704"}],"version-history":[{"count":1,"href":"https:\/\/radioacuariofm.com.ar\/index.php?rest_route=\/wp\/v2\/posts\/241704\/revisions"}],"predecessor-version":[{"id":241706,"href":"https:\/\/radioacuariofm.com.ar\/index.php?rest_route=\/wp\/v2\/posts\/241704\/revisions\/241706"}],"wp:featuredmedia":[{"embeddable":true,"href":"https:\/\/radioacuariofm.com.ar\/index.php?rest_route=\/wp\/v2\/media\/241705"}],"wp:attachment":[{"href":"https:\/\/radioacuariofm.com.ar\/index.php?rest_route=%2Fwp%2Fv2%2Fmedia&parent=241704"}],"wp:term":[{"taxonomy":"category","embeddable":true,"href":"https:\/\/radioacuariofm.com.ar\/index.php?rest_route=%2Fwp%2Fv2%2Fcategories&post=241704"},{"taxonomy":"post_tag","embeddable":true,"href":"https:\/\/radioacuariofm.com.ar\/index.php?rest_route=%2Fwp%2Fv2%2Ftags&post=241704"}],"curies":[{"name":"wp","href":"https:\/\/api.w.org\/{rel}","templated":true}]}}