{"id":241698,"date":"2026-09-04T11:17:23","date_gmt":"2026-09-04T14:17:23","guid":{"rendered":"https:\/\/radioacuariofm.com.ar\/?p=241698"},"modified":"2026-09-04T11:17:25","modified_gmt":"2026-09-04T14:17:25","slug":"el-servicio-penitenciario-completo-una-capacitacion-para-fortalecer-la-respuesta-ante-situaciones-de-crisis","status":"publish","type":"post","link":"https:\/\/radioacuariofm.com.ar\/?p=241698","title":{"rendered":"El Servicio Penitenciario complet\u00f3 una capacitaci\u00f3n para fortalecer la respuesta ante situaciones de crisis"},"content":{"rendered":"<p><\/p>\n<div>\n<p>El Servicio Penitenciario Provincial culmin\u00f3 la capacitaci\u00f3n especializada \u00abSeminario en abordaje de crisis y toma de rehenes en contexto de encierro\u00bb. 80 efectivos de distintas \u00e1reas participaron de disertaciones, que permitieron incorporar herramientas para intervenir de manera profesional y coordinada ante situaciones de alta complejidad. Esta especializaci\u00f3n se da por primera vez en el \u00e1mbito del SPP.<\/p>\n<p>Durante la capacitaci\u00f3n se desarrollaron contenidos te\u00f3ricos y actividades pr\u00e1cticas vinculadas con la gesti\u00f3n de crisis, negociaci\u00f3n, escucha activa, toma de decisiones, identificaci\u00f3n de riesgos y protocolos de intervenci\u00f3n. La propuesta reuni\u00f3 a personal del Grupo Especial, Canes, Requisa, profesionales de Psicolog\u00eda y otras \u00e1reas relacionadas con la seguridad penitenciaria.<\/p>\n<p>Uno de los aspectos destacados fue la participaci\u00f3n de instructores y especialistas del Servicio Penitenciario de C\u00f3rdoba, quienes compartieron experiencias y conocimientos espec\u00edficos en el abordaje de este tipo de situaciones. El intercambio entre instituciones permiti\u00f3 ampliar las herramientas disponibles y fortalecer criterios de actuaci\u00f3n ante escenarios cr\u00edticos dentro de los establecimientos penitenciarios.<\/p>\n<p>La formaci\u00f3n tambi\u00e9n incorpor\u00f3 una mirada interdisciplinaria, integrando aspectos operacionales, psicol\u00f3gicos y legales. Los efectivos pudieron trabajar sobre diferentes escenarios y conocer estrategias orientadas a evaluar cada situaci\u00f3n, reducir riesgos y favorecer intervenciones seguras y coordinadas.<\/p>\n<p>Como cierre de la propuesta, se realiz\u00f3 la entrega de las certificaciones correspondientes a los efectivos que completaron la capacitaci\u00f3n. El reconocimiento formaliz\u00f3 la finalizaci\u00f3n de un proceso de formaci\u00f3n que permite avanzar en la profesionalizaci\u00f3n de las Fuerzas de Seguridad.<\/p>\n<p>El secretario de Seguridad, Enrique Delgado, encabez\u00f3 el acto y coment\u00f3 que \u00abno es lo mismo el manejo de crisis fuera, como en el contexto de encierro, por eso es importante tener la capacitaci\u00f3n permanente\u00bb. \u00abCon la profesionalizaci\u00f3n se reduce al m\u00ednimo los errores y gracias a esto los efectivas se cuidan d\u00eda a d\u00eda y se fortalece la confianza\u00bb concluy\u00f3.<\/p>\n<p>Finalmente, el instructor del curso, Ayte. Principal, Jorge Mamonde resalt\u00f3 que \u00abagradezco la oportunidad al Servicio Penitenciario de C\u00f3rdoba y San Juan por compartir herramientas entre si\u00bb. \u00abDestaco el trabajo especial de grupos especiales, ya que situaciones de crisis no se resuelven por si solos\u00bb. A su vez, la Lic. Luj\u00e1n Echevarr\u00eda, finaliz\u00f3 diciendo que \u00abcada d\u00eda ponen su cuerpo y alma en este trabajo, los grupos especiales son una gran hermandad y ac\u00e1 vemos efectivos capacitados\u00bb cerr\u00f3. <\/p>\n<p>De la actividad tambi\u00e9n participaron el director del SPP, Carlos Su\u00e1rez; subdirectora, Norma Iragorre; jefe de Cuerpo Penitenciario, Mart\u00edn Tapparo; jefes de distintas \u00e1reas y efectivos penitenciarios.<\/p>\n<p>Desde el Gobierno de San Juan se contin\u00faa fortaleciendo la capacitaci\u00f3n permanente de quienes integran las fuerzas de seguridad. En este caso, la formaci\u00f3n especializada permite que el Servicio Penitenciario cuente con personal cada vez mejor preparado para responder ante situaciones que requieren profesionalismo, coordinaci\u00f3n y capacidad de decisi\u00f3n.<\/p>\n<\/p><\/div>\n<p><script async defer crossorigin=\"anonymous\" src=\"https:\/\/connect.facebook.net\/es_ES\/sdk.js#xfbml=1&#038;version=v3.3\"><\/script><\/p>\n","protected":false},"excerpt":{"rendered":"<p>El Servicio Penitenciario Provincial culmin\u00f3 la capacitaci\u00f3n especializada \u00abSeminario en abordaje de crisis y toma de rehenes en contexto de encierro\u00bb. 80 efectivos de distintas \u00e1reas participaron de disertaciones, que permitieron incorporar herramientas para intervenir de manera profesional y coordinada ante situaciones de alta complejidad. Esta especializaci\u00f3n se da por primera vez en el \u00e1mbito [&hellip;]<\/p>\n","protected":false},"author":2,"featured_media":241699,"comment_status":"closed","ping_status":"closed","sticky":false,"template":"","format":"standard","meta":{"footnotes":""},"categories":[27],"tags":[],"class_list":["post-241698","post","type-post","status-publish","format-standard","has-post-thumbnail","hentry","category-san-juan"],"_links":{"self":[{"href":"https:\/\/radioacuariofm.com.ar\/index.php?rest_route=\/wp\/v2\/posts\/241698","targetHints":{"allow":["GET"]}}],"collection":[{"href":"https:\/\/radioacuariofm.com.ar\/index.php?rest_route=\/wp\/v2\/posts"}],"about":[{"href":"https:\/\/radioacuariofm.com.ar\/index.php?rest_route=\/wp\/v2\/types\/post"}],"author":[{"embeddable":true,"href":"https:\/\/radioacuariofm.com.ar\/index.php?rest_route=\/wp\/v2\/users\/2"}],"replies":[{"embeddable":true,"href":"https:\/\/radioacuariofm.com.ar\/index.php?rest_route=%2Fwp%2Fv2%2Fcomments&post=241698"}],"version-history":[{"count":1,"href":"https:\/\/radioacuariofm.com.ar\/index.php?rest_route=\/wp\/v2\/posts\/241698\/revisions"}],"predecessor-version":[{"id":241700,"href":"https:\/\/radioacuariofm.com.ar\/index.php?rest_route=\/wp\/v2\/posts\/241698\/revisions\/241700"}],"wp:featuredmedia":[{"embeddable":true,"href":"https:\/\/radioacuariofm.com.ar\/index.php?rest_route=\/wp\/v2\/media\/241699"}],"wp:attachment":[{"href":"https:\/\/radioacuariofm.com.ar\/index.php?rest_route=%2Fwp%2Fv2%2Fmedia&parent=241698"}],"wp:term":[{"taxonomy":"category","embeddable":true,"href":"https:\/\/radioacuariofm.com.ar\/index.php?rest_route=%2Fwp%2Fv2%2Fcategories&post=241698"},{"taxonomy":"post_tag","embeddable":true,"href":"https:\/\/radioacuariofm.com.ar\/index.php?rest_route=%2Fwp%2Fv2%2Ftags&post=241698"}],"curies":[{"name":"wp","href":"https:\/\/api.w.org\/{rel}","templated":true}]}}