{"id":241695,"date":"2026-09-04T10:50:51","date_gmt":"2026-09-04T13:50:51","guid":{"rendered":"https:\/\/radioacuariofm.com.ar\/?p=241695"},"modified":"2026-09-04T10:50:54","modified_gmt":"2026-09-04T13:50:54","slug":"parte-de-rutas-04-09-2026","status":"publish","type":"post","link":"https:\/\/radioacuariofm.com.ar\/?p=241695","title":{"rendered":"Parte de rutas 04\/09\/2026"},"content":{"rendered":"<p><\/p>\n<div>\n<p><span style=\"font-weight: 400;\">La Direcci\u00f3n Provincial de Vialidad (DPV) informa el estado de las rutas provinciales. Asimismo, recomienda circular siempre con precauci\u00f3n en zona de badenes y por la presencia de equipos trabajando.<\/span><\/p>\n<p><b>Angaco<\/b><\/p>\n<ul>&#13;<\/p>\n<li style=\"font-weight: 400;\"><b>RP 39:<\/b><span style=\"font-weight: 400;\"> calle Punta del Monte. Transitable con precauci\u00f3n. Equipos trabajando.<\/span><\/li>\n<p>&#13;\n<\/ul>\n<p><b>Caucete<\/b><\/p>\n<ul>&#13;<\/p>\n<li style=\"font-weight: 400;\"><b>RP 278:<\/b><span style=\"font-weight: 400;\"> Juan J. Bustos, tramo RP 193 Patricias Sanjuaninas a calle Sarmiento. Transitable con precauci\u00f3n. Equipos trabajando.<\/span><\/li>\n<p>&#13;\n<\/ul>\n<p><b>Ullum<\/b><\/p>\n<ul>&#13;<\/p>\n<li style=\"font-weight: 400;\"><b>RP 436:<\/b><span style=\"font-weight: 400;\"> tramo Ba\u00f1os de Talacasto a Derivador de RP 414. Transitable con precauci\u00f3n. Equipos trabajando.<\/span><\/li>\n<p>&#13;<\/p>\n<li style=\"font-weight: 400;\"><b>RP 60:<\/b><span style=\"font-weight: 400;\"> tramo Baden La Toma. Transitable con precauci\u00f3n. Equipos trabajando.<\/span><\/li>\n<p>&#13;<\/p>\n<li style=\"font-weight: 400;\"><b>RP 38:<\/b><span style=\"font-weight: 400;\"> calle Las Moras. Transitable con precauci\u00f3n. Equipos trabajando.<\/span><\/li>\n<p>&#13;<\/p>\n<li style=\"font-weight: 400;\"><b>RP 414:<\/b><span style=\"font-weight: 400;\"> tramo Derivador de RP 414 a Puente de Pachaco. Transitable con precauci\u00f3n. Equipos trabajando.<\/span><\/li>\n<p>&#13;\n<\/ul>\n<p><b>Sarmiento<\/b><\/p>\n<ul>&#13;<\/p>\n<li style=\"font-weight: 400;\"><b>RP 116:<\/b><span style=\"font-weight: 400;\"> calle Mendoza Vieja, tramo RN 40 a RN 153. Transitable con precauci\u00f3n. Equipos trabajando.<\/span><\/li>\n<p>&#13;<\/p>\n<li style=\"font-weight: 400;\"><b>RP 116:<\/b><span style=\"font-weight: 400;\"> calle Mendoza Vieja, tramo RN 40 a calle La Ripiera. Transitable con precauci\u00f3n. Equipos trabajando.<\/span><\/li>\n<p>&#13;<\/p>\n<li style=\"font-weight: 400;\"><b>RP 299:<\/b><span style=\"font-weight: 400;\"> calle Bomviccini, tramo RP 246 a RP 162, Circuito Cochagual. Transitable con precauci\u00f3n. Equipos trabajando.<\/span><\/li>\n<p>&#13;<\/p>\n<li style=\"font-weight: 400;\"><b>RP 296:<\/b><span style=\"font-weight: 400;\"> calle Dominguito, tramo RP 299 a RP 301. Transitable con precauci\u00f3n. Equipos trabajando.<\/span><\/li>\n<p>&#13;<\/p>\n<li style=\"font-weight: 400;\"><b>RP 351:<\/b><span style=\"font-weight: 400;\"> tramo Distrito Cieneguita a RP 318 Retamito. Transitable con precauci\u00f3n. Equipos trabajando.<\/span><\/li>\n<p>&#13;\n<\/ul>\n<p><b>Iglesia<\/b><\/p>\n<ul>&#13;<\/p>\n<li style=\"font-weight: 400;\"><b>RP 420:<\/b><span style=\"font-weight: 400;\"> La Alfalfa. Transitable con precauci\u00f3n. Equipos trabajando.<\/span><\/li>\n<p>&#13;<\/p>\n<li style=\"font-weight: 400;\"><b>RP 436:<\/b><span style=\"font-weight: 400;\"> tramo Bypass, RP 436 a Villa Iglesia. Transitable con precauci\u00f3n. Equipos trabajando.<\/span><\/li>\n<p>&#13;<\/p>\n<li style=\"font-weight: 400;\"><b>RP 430:<\/b><span style=\"font-weight: 400;\"> tramo Angualasto a Reserva Parque Nacional San Guillermo. Transitable con precauci\u00f3n. Equipos trabajando. <\/span><\/li>\n<p>&#13;\n<\/ul>\n<p><b>J\u00e1chal<\/b><\/p>\n<ul>&#13;<\/p>\n<li style=\"font-weight: 400;\"><b>RP 486:<\/b><span style=\"font-weight: 400;\"> calle Varas. Transitable con precauci\u00f3n. Equipos trabajando.<\/span><\/li>\n<p>&#13;<\/p>\n<li style=\"font-weight: 400;\"><b>Camino a Los Puestos:<\/b><span style=\"font-weight: 400;\"> convenio municipal. Transitable con precauci\u00f3n. Equipos trabajando.<\/span><\/li>\n<p>&#13;\n<\/ul>\n<p><b>Valle F\u00e9rtil<\/b><\/p>\n<ul>&#13;<\/p>\n<li style=\"font-weight: 400;\"><b>RP 507:<\/b><span style=\"font-weight: 400;\"> Los Valencianos. Transitable con precauci\u00f3n. Equipos trabajando.<\/span><\/li>\n<p>&#13;<\/p>\n<li style=\"font-weight: 400;\"><b>RP 523:<\/b><span style=\"font-weight: 400;\"> tramo Villa San Agust\u00edn a La Majada. Transitable con precauci\u00f3n. Equipos trabajando.<\/span><\/li>\n<p>&#13;<\/p>\n<li style=\"font-weight: 400;\"><b>RP 511:<\/b><span style=\"font-weight: 400;\"> tramo RP 516 al l\u00edmite con la provincia de La Rioja. Transitable con precauci\u00f3n. Equipos trabajando.<\/span><\/li>\n<p>&#13;<\/p>\n<li style=\"font-weight: 400;\"><b>RP 519:<\/b><span style=\"font-weight: 400;\"> tramo RP 507 a Cantera DPV. Transitable con precauci\u00f3n. Equipos trabajando.<\/span><\/li>\n<p>&#13;\n<\/ul>\n<p><b>Rawson<\/b><\/p>\n<ul>&#13;<\/p>\n<li style=\"font-weight: 400;\"><b>Calle Vicente L\u00f3pez y Planes:<\/b><span style=\"font-weight: 400;\"> tramo calle 13 a calle 14. Transitable con precauci\u00f3n. Equipos trabajando.<\/span><\/li>\n<p>&#13;\n<\/ul>\n<p><b>Pocito<\/b><\/p>\n<ul>&#13;<\/p>\n<li style=\"font-weight: 400;\"><b>RP 159:<\/b><span style=\"font-weight: 400;\"> calle 6, intersecci\u00f3n con RP 64, calle Chacabuco al oeste. <\/span><b>INTRANSITABLE<\/b><span style=\"font-weight: 400;\"> por hundimiento de losa en puente.<\/span><\/li>\n<p>&#13;\n<\/ul>\n<p><b>Desv\u00edo:<\/b><span style=\"font-weight: 400;\"> por calle Chacabuco hasta RP 155 y, por esta, hasta calle Costa Canal para retomar a RP 159, calle 6.<\/span><\/p>\n<p><b>CAPITAL<\/b><\/p>\n<ul>&#13;<\/p>\n<li style=\"font-weight: 400;\"><b>Av. Libertador General San Mart\u00edn (RP 14):<\/b><span style=\"font-weight: 400;\"> tramo entre avenida Espa\u00f1a y calle Las Heras. <\/span><b>CORTE TOTAL EN LA CALZADA NORTE<\/b><span style=\"font-weight: 400;\"> por trabajos de repavimentaci\u00f3n.<\/span><\/li>\n<p>&#13;<\/p>\n<li style=\"font-weight: 400;\"><b>Desv\u00edo:<\/b><span style=\"font-weight: 400;\"> quienes circulen de este a oeste y necesiten retomar avenida Libertador deber\u00e1n utilizar calle Las Heras, habilitada en doble sentido entre Libertador y San Luis.<\/span><\/li>\n<p>&#13;\n<\/ul>\n<p><b>Avenida Circunvalaci\u00f3n<\/b><\/p>\n<p><span style=\"font-weight: 400;\">En el marco de la <\/span><b>obra de repavimentaci\u00f3n de la Ruta Nacional N.\u00ba A014 (avenida Circunvalaci\u00f3n)<\/b><span style=\"font-weight: 400;\">, se mantienen cortes de circulaci\u00f3n en distintos sectores.<\/span><\/p>\n<ul>&#13;<\/p>\n<li style=\"font-weight: 400;\"><b>Anillo externo:<\/b><span style=\"font-weight: 400;\"> se mantiene el <\/span><b>corte de circulaci\u00f3n<\/b><span style=\"font-weight: 400;\"> entre la salida hacia calle Tucum\u00e1n Norte y el retome por calle Mendoza Norte. Los conductores deber\u00e1n utilizar el desv\u00edo establecido y circular con m\u00e1xima precauci\u00f3n.<\/span><\/li>\n<p>&#13;<\/p>\n<li style=\"font-weight: 400;\"><b>Anillo interno:<\/b><span style=\"font-weight: 400;\"> se mantiene el <\/span><b>corte de circulaci\u00f3n<\/b><span style=\"font-weight: 400;\"> desde la rampa de salida hacia calle Urquiza hasta la pr\u00f3xima rampa de acceso, pasando calle Urquiza. Los conductores deber\u00e1n continuar por el lateral de Circunvalaci\u00f3n y reincorporarse a la avenida mediante la rampa ubicada despu\u00e9s de calle Urquiza.<\/span><\/li>\n<p>&#13;\n<\/ul>\n<p><span style=\"font-weight: 400;\">Se solicita a los conductores respetar la se\u00f1alizaci\u00f3n instalada, atender las indicaciones del personal afectado al operativo y utilizar los desv\u00edos previstos, a fin de garantizar la seguridad de los usuarios y trabajadores durante el desarrollo de las tareas.<\/span><\/p>\n<\/p><\/div>\n<p><script async defer crossorigin=\"anonymous\" src=\"https:\/\/connect.facebook.net\/es_ES\/sdk.js#xfbml=1&#038;version=v3.3\"><\/script><\/p>\n","protected":false},"excerpt":{"rendered":"<p>La Direcci\u00f3n Provincial de Vialidad (DPV) informa el estado de las rutas provinciales. Asimismo, recomienda circular siempre con precauci\u00f3n en zona de badenes y por la presencia de equipos trabajando. Angaco &#13; RP 39: calle Punta del Monte. Transitable con precauci\u00f3n. Equipos trabajando. &#13; Caucete &#13; RP 278: Juan J. Bustos, tramo RP 193 Patricias [&hellip;]<\/p>\n","protected":false},"author":2,"featured_media":241696,"comment_status":"closed","ping_status":"closed","sticky":false,"template":"","format":"standard","meta":{"footnotes":""},"categories":[27],"tags":[],"class_list":["post-241695","post","type-post","status-publish","format-standard","has-post-thumbnail","hentry","category-san-juan"],"_links":{"self":[{"href":"https:\/\/radioacuariofm.com.ar\/index.php?rest_route=\/wp\/v2\/posts\/241695","targetHints":{"allow":["GET"]}}],"collection":[{"href":"https:\/\/radioacuariofm.com.ar\/index.php?rest_route=\/wp\/v2\/posts"}],"about":[{"href":"https:\/\/radioacuariofm.com.ar\/index.php?rest_route=\/wp\/v2\/types\/post"}],"author":[{"embeddable":true,"href":"https:\/\/radioacuariofm.com.ar\/index.php?rest_route=\/wp\/v2\/users\/2"}],"replies":[{"embeddable":true,"href":"https:\/\/radioacuariofm.com.ar\/index.php?rest_route=%2Fwp%2Fv2%2Fcomments&post=241695"}],"version-history":[{"count":1,"href":"https:\/\/radioacuariofm.com.ar\/index.php?rest_route=\/wp\/v2\/posts\/241695\/revisions"}],"predecessor-version":[{"id":241697,"href":"https:\/\/radioacuariofm.com.ar\/index.php?rest_route=\/wp\/v2\/posts\/241695\/revisions\/241697"}],"wp:featuredmedia":[{"embeddable":true,"href":"https:\/\/radioacuariofm.com.ar\/index.php?rest_route=\/wp\/v2\/media\/241696"}],"wp:attachment":[{"href":"https:\/\/radioacuariofm.com.ar\/index.php?rest_route=%2Fwp%2Fv2%2Fmedia&parent=241695"}],"wp:term":[{"taxonomy":"category","embeddable":true,"href":"https:\/\/radioacuariofm.com.ar\/index.php?rest_route=%2Fwp%2Fv2%2Fcategories&post=241695"},{"taxonomy":"post_tag","embeddable":true,"href":"https:\/\/radioacuariofm.com.ar\/index.php?rest_route=%2Fwp%2Fv2%2Ftags&post=241695"}],"curies":[{"name":"wp","href":"https:\/\/api.w.org\/{rel}","templated":true}]}}