{"id":241683,"date":"2026-09-04T09:32:55","date_gmt":"2026-09-04T12:32:55","guid":{"rendered":"https:\/\/radioacuariofm.com.ar\/?p=241683"},"modified":"2026-09-04T09:32:56","modified_gmt":"2026-09-04T12:32:56","slug":"san-juan-se-posiciono-frente-a-inversores-extranjeros-como-protagonista-en-los-minerales-criticos","status":"publish","type":"post","link":"https:\/\/radioacuariofm.com.ar\/?p=241683","title":{"rendered":"San Juan se posicion\u00f3 frente a inversores extranjeros como protagonista en los minerales cr\u00edticos"},"content":{"rendered":"<p><\/p>\n<div>\n<p>El gobernador Marcelo Orrego particip\u00f3 como panelista en el Foro Estados Unidos-Argentina sobre Minerales Cr\u00edticos, un encuentro internacional estrat\u00e9gico llevado a cabo en Buenos Aires. La actividad reuni\u00f3 a altos dirigentes del sector p\u00fablico y privado de ambos pa\u00edses con el objetivo de debatir el rol estrat\u00e9gico de la regi\u00f3n en la provisi\u00f3n de recursos clave para la tecnolog\u00eda y la transici\u00f3n energ\u00e9tica. El evento fue organizado de manera conjunta por la U.S. Chamber of Commerce, el US-Argentina Business Council, Citi, AmCham Argentina y la Embajada de los Estados Unidos en Argentina.<\/p>\n<p>Durante el encuentro, Orrego integr\u00f3 un panel especial junto a los gobernadores de Mendoza, Alfredo Cornejo, y de Jujuy, Carlos Sadir, en una mesa que fue moderada por Alejandro D\u00edaz, director ejecutivo de AmCham Argentina.<\/p>\n<p>En su disertaci\u00f3n, el mandatario sanjuanino expuso el plan econ\u00f3mico e institucional de la provincia para consolidarse como el principal referente de la miner\u00eda de cobre en la regi\u00f3n, un mineral considerado estrat\u00e9gico a nivel global. Orrego fundament\u00f3 la posici\u00f3n de San Juan en base a su seguridad jur\u00eddica, la estabilidad fiscal, el avance de proyectos de exploraci\u00f3n y una planificaci\u00f3n de infraestructura financiada tanto por fondos propios como por acuerdos con el sector privado.<\/p>\n<p>Al momento de definir el estrecho v\u00ednculo de los sanjuaninos con la actividad minera y el enorme potencial geol\u00f3gico de la provincia, Orrego expres\u00f3 que \u00aben San Juan hay una realidad geogr\u00e1fica que nos define. Tenemos la mayor parte de nuestra superficie cubierta con monta\u00f1as, un 83%. El resto, un 14%, es desierto y solo un 3% es cultivable. Es por eso que, los sanjuaninos, no solo debemos hacer miner\u00eda, sino que queremos hacerlo y, por cierto, sabemos hacerlo\u00bb.<\/p>\n<p>Tambi\u00e9n analiz\u00f3 el escenario global y el posicionamiento de la provincia como proveedor de minerales cr\u00edticos indispensables para la electromovilidad y la inteligencia artificial: \u00abHoy el mundo mira a Argentina por su potencial minero como proveedor global de alguno de esos minerales cr\u00edticos como son el cobre y litio. Y no se equivocan. El cobre, adem\u00e1s de cr\u00edtico, es estrat\u00e9gico porque no tiene reemplazo como conductor el\u00e9ctrico eficiente, pero adem\u00e1s presenta dificultades para aumentar las fuentes de abastecimiento al mismo ritmo que su demanda. De los 10 proyectos de cobre m\u00e1s grandes que ofrece Argentina en estado de exploraci\u00f3n avanzada, 6 se encuentran en la provincia de San Juan, con proyecciones de inversiones que superan los 30.000 millones de d\u00f3lares\u00bb, detall\u00f3.<\/p>\n<p>Respecto al orden de las cuentas p\u00fablicas y los incentivos para captar capitales extranjeros, Orrego resalt\u00f3 la importancia de la disciplina fiscal, la vigencia del R\u00e9gimen de Incentivo para Grandes Inversiones (RIGI) y los alivios impositivos implementados en San Juan. Subray\u00f3 que \u00abhemos demostrado que es posible fortalecer las finanzas p\u00fablicas sin aumentar la presi\u00f3n tributaria. Estamos entre un lote reducido de provincias que mantiene super\u00e1vit fiscal en sus cuentas p\u00fablicas. Hemos acompa\u00f1ado el esfuerzo para recuperar la disciplina fiscal, ordenar la macroeconom\u00eda y eliminar el cepo cambiario. Hemos apoyado iniciativas claves, para devolver competitividad y seguridad jur\u00eddica a la inversi\u00f3n, como lo fue la sanci\u00f3n del RIGI. Las aplicaciones al RIGI, recibidas por el Gobierno Nacional, muestran tambi\u00e9n un liderazgo de San Juan, con m\u00e1s de 33.000 millones de d\u00f3lares anunciados, siendo la provincia con mayor cantidad de RIGIs mineros\u00bb.<\/p>\n<p>Finalmente, el mandatario resalt\u00f3 que \u00abla provincia que estamos construyendo, con la miner\u00eda como un motor principal, va a necesitar infraestructura a la altura de su ambici\u00f3n. Redes de transporte el\u00e9ctrico, corredores viales y ferroviarios, abastecimiento de agua, vivienda y ordenamiento urbano. Estas no son obras de apoyo, son la condici\u00f3n para que los proyectos existan, y que San Juan y Argentina puedan acompa\u00f1ar la necesidad que el mundo demanda cubrir. Yo tengo una frase de cabecera que la repito siempre, y que vale tanto para las acciones del gobierno como para las del sector privado en especial el minero: &#8216;La confianza se gana en gramos y se pierde en kilos&#8217;. Por eso es clave trabajar en fortalecer la confianza como base del crecimiento\u00bb.<\/p>\n<\/p><\/div>\n<p><script async defer crossorigin=\"anonymous\" src=\"https:\/\/connect.facebook.net\/es_ES\/sdk.js#xfbml=1&#038;version=v3.3\"><\/script><\/p>\n","protected":false},"excerpt":{"rendered":"<p>El gobernador Marcelo Orrego particip\u00f3 como panelista en el Foro Estados Unidos-Argentina sobre Minerales Cr\u00edticos, un encuentro internacional estrat\u00e9gico llevado a cabo en Buenos Aires. La actividad reuni\u00f3 a altos dirigentes del sector p\u00fablico y privado de ambos pa\u00edses con el objetivo de debatir el rol estrat\u00e9gico de la regi\u00f3n en la provisi\u00f3n de recursos [&hellip;]<\/p>\n","protected":false},"author":2,"featured_media":241684,"comment_status":"closed","ping_status":"closed","sticky":false,"template":"","format":"standard","meta":{"footnotes":""},"categories":[27],"tags":[],"class_list":["post-241683","post","type-post","status-publish","format-standard","has-post-thumbnail","hentry","category-san-juan"],"_links":{"self":[{"href":"https:\/\/radioacuariofm.com.ar\/index.php?rest_route=\/wp\/v2\/posts\/241683","targetHints":{"allow":["GET"]}}],"collection":[{"href":"https:\/\/radioacuariofm.com.ar\/index.php?rest_route=\/wp\/v2\/posts"}],"about":[{"href":"https:\/\/radioacuariofm.com.ar\/index.php?rest_route=\/wp\/v2\/types\/post"}],"author":[{"embeddable":true,"href":"https:\/\/radioacuariofm.com.ar\/index.php?rest_route=\/wp\/v2\/users\/2"}],"replies":[{"embeddable":true,"href":"https:\/\/radioacuariofm.com.ar\/index.php?rest_route=%2Fwp%2Fv2%2Fcomments&post=241683"}],"version-history":[{"count":1,"href":"https:\/\/radioacuariofm.com.ar\/index.php?rest_route=\/wp\/v2\/posts\/241683\/revisions"}],"predecessor-version":[{"id":241685,"href":"https:\/\/radioacuariofm.com.ar\/index.php?rest_route=\/wp\/v2\/posts\/241683\/revisions\/241685"}],"wp:featuredmedia":[{"embeddable":true,"href":"https:\/\/radioacuariofm.com.ar\/index.php?rest_route=\/wp\/v2\/media\/241684"}],"wp:attachment":[{"href":"https:\/\/radioacuariofm.com.ar\/index.php?rest_route=%2Fwp%2Fv2%2Fmedia&parent=241683"}],"wp:term":[{"taxonomy":"category","embeddable":true,"href":"https:\/\/radioacuariofm.com.ar\/index.php?rest_route=%2Fwp%2Fv2%2Fcategories&post=241683"},{"taxonomy":"post_tag","embeddable":true,"href":"https:\/\/radioacuariofm.com.ar\/index.php?rest_route=%2Fwp%2Fv2%2Ftags&post=241683"}],"curies":[{"name":"wp","href":"https:\/\/api.w.org\/{rel}","templated":true}]}}