{"id":241680,"date":"2026-09-04T08:14:50","date_gmt":"2026-09-04T11:14:50","guid":{"rendered":"https:\/\/radioacuariofm.com.ar\/?p=241680"},"modified":"2026-09-04T08:14:52","modified_gmt":"2026-09-04T11:14:52","slug":"la-secretaria-de-deporte-prepara-los-juegos-nacionales-de-adultos-mayores","status":"publish","type":"post","link":"https:\/\/radioacuariofm.com.ar\/?p=241680","title":{"rendered":"La Secretar\u00eda de Deporte prepara los Juegos Nacionales de Adultos Mayores"},"content":{"rendered":"<p><\/p>\n<div>\n<p>La Secretar\u00eda de Deporte avanza con la organizaci\u00f3n de los<strong> Juegos Nacionales de Adultos Mayores<\/strong>, una competencia que reunir\u00e1 a representantes de distintas provincias y que tendr\u00e1 lugar en <strong>San Juan<\/strong> del 28 de septiembre al 2 de octubre.<\/p>\n<p>Con el objetivo de garantizar el normal desarrollo del evento, las distintas \u00e1reas de la Secretar\u00eda de Deporte mantienen reuniones de trabajo, integrando un equipo que aborda de manera coordinada cada uno de los aspectos vinculados con la organizaci\u00f3n.<\/p>\n<p>Las competencias tendr\u00e1n como sede principal al<strong> Vel\u00f3dromo Vicente Alejo Chancay<\/strong>, mientras que tambi\u00e9n se utilizar\u00e1n las instalaciones de <strong>Hispano, UPCN, El Almendro y Parque de Mayo.<\/strong><\/p>\n<p>En la organizaci\u00f3n participan \u00e1reas como Infraestructura, Salud, Eventos y Prensa, junto con integrantes de la Subsecretar\u00eda de Deporte Social y sus diferentes programas. El trabajo contempla aspectos vinculados con la log\u00edstica, transporte, acreditaciones, seguros, atenci\u00f3n m\u00e9dica, c\u00f3mputos, soporte t\u00e9cnico y comunicaci\u00f3n, entre otros puntos necesarios para el desarrollo de la competencia.<\/p>\n<p>Adem\u00e1s, el programa Construyendo Valores tendr\u00e1 participaci\u00f3n durante los Juegos Nacionales de Adultos Mayores con el desarrollo de capacitaciones en el marco del evento.<\/p>\n<p><strong>Una organizaci\u00f3n con distintas \u00e1reas de trabajo:<\/strong><\/p>\n<p>La coordinaci\u00f3n general de los Juegos est\u00e1 a cargo de la profesora Ver\u00f3nica Calvo, coordinadora general, junto al profesor Marcelo Gonz\u00e1lez, director de Deportes en la Comunidad. La Subsecretar\u00eda de Deporte Social est\u00e1 encabezada por el se\u00f1or Mauricio Lara.<\/p>\n<p>Dentro de la estructura organizativa se establecieron diferentes equipos y responsables para atender cada uno de los aspectos del evento.<\/p>\n<p>La Coordinaci\u00f3n de Log\u00edstica est\u00e1 integrada por Victoria Segovia y Laura Costanzo, mientras que la Coordinaci\u00f3n de Capacitaciones es responsabilidad de Abril S\u00e1nchez. La Coordinaci\u00f3n de C\u00f3mputos est\u00e1 a cargo de Rodrigo Suesa.<\/p>\n<p>El \u00e1rea de Soporte est\u00e1 a cargo de Marcos Ferrari, mientras que Comunicaci\u00f3n tendr\u00e1 como responsable a Ana P\u00e9rez. El \u00e1rea de Seguro ser\u00e1 responsabilidad de M\u00f3nica Femenia y el Operativo M\u00e9dico est\u00e1 encabezado por V\u00edctor Bocelli. La Coordinaci\u00f3n de la Competencia es responsabilidad de Pablo De la Vega.<\/p>\n<\/p><\/div>\n<p><script async defer crossorigin=\"anonymous\" src=\"https:\/\/connect.facebook.net\/es_ES\/sdk.js#xfbml=1&#038;version=v3.3\"><\/script><\/p>\n","protected":false},"excerpt":{"rendered":"<p>La Secretar\u00eda de Deporte avanza con la organizaci\u00f3n de los Juegos Nacionales de Adultos Mayores, una competencia que reunir\u00e1 a representantes de distintas provincias y que tendr\u00e1 lugar en San Juan del 28 de septiembre al 2 de octubre. Con el objetivo de garantizar el normal desarrollo del evento, las distintas \u00e1reas de la Secretar\u00eda [&hellip;]<\/p>\n","protected":false},"author":2,"featured_media":241681,"comment_status":"closed","ping_status":"closed","sticky":false,"template":"","format":"standard","meta":{"footnotes":""},"categories":[27],"tags":[],"class_list":["post-241680","post","type-post","status-publish","format-standard","has-post-thumbnail","hentry","category-san-juan"],"_links":{"self":[{"href":"https:\/\/radioacuariofm.com.ar\/index.php?rest_route=\/wp\/v2\/posts\/241680","targetHints":{"allow":["GET"]}}],"collection":[{"href":"https:\/\/radioacuariofm.com.ar\/index.php?rest_route=\/wp\/v2\/posts"}],"about":[{"href":"https:\/\/radioacuariofm.com.ar\/index.php?rest_route=\/wp\/v2\/types\/post"}],"author":[{"embeddable":true,"href":"https:\/\/radioacuariofm.com.ar\/index.php?rest_route=\/wp\/v2\/users\/2"}],"replies":[{"embeddable":true,"href":"https:\/\/radioacuariofm.com.ar\/index.php?rest_route=%2Fwp%2Fv2%2Fcomments&post=241680"}],"version-history":[{"count":1,"href":"https:\/\/radioacuariofm.com.ar\/index.php?rest_route=\/wp\/v2\/posts\/241680\/revisions"}],"predecessor-version":[{"id":241682,"href":"https:\/\/radioacuariofm.com.ar\/index.php?rest_route=\/wp\/v2\/posts\/241680\/revisions\/241682"}],"wp:featuredmedia":[{"embeddable":true,"href":"https:\/\/radioacuariofm.com.ar\/index.php?rest_route=\/wp\/v2\/media\/241681"}],"wp:attachment":[{"href":"https:\/\/radioacuariofm.com.ar\/index.php?rest_route=%2Fwp%2Fv2%2Fmedia&parent=241680"}],"wp:term":[{"taxonomy":"category","embeddable":true,"href":"https:\/\/radioacuariofm.com.ar\/index.php?rest_route=%2Fwp%2Fv2%2Fcategories&post=241680"},{"taxonomy":"post_tag","embeddable":true,"href":"https:\/\/radioacuariofm.com.ar\/index.php?rest_route=%2Fwp%2Fv2%2Ftags&post=241680"}],"curies":[{"name":"wp","href":"https:\/\/api.w.org\/{rel}","templated":true}]}}