{"id":241666,"date":"2026-09-03T18:05:51","date_gmt":"2026-09-03T21:05:51","guid":{"rendered":"https:\/\/radioacuariofm.com.ar\/?p=241666"},"modified":"2026-09-03T18:05:54","modified_gmt":"2026-09-03T21:05:54","slug":"el-credito-bancario-siguio-estancado-en-pesos-y-perdio-dinamismo-en-dolares","status":"publish","type":"post","link":"https:\/\/radioacuariofm.com.ar\/?p=241666","title":{"rendered":"El cr\u00e9dito bancario sigui\u00f3 estancado en pesos y perdi\u00f3 dinamismo en d\u00f3lares"},"content":{"rendered":"<p><\/p>\n<div>\n<p class=\"com-paragraph --s text-left\"><strong>El cr\u00e9dito bancario en pesos mantuvo la tendencia al estancamiento<\/strong> que exhibe desde hace poco m\u00e1s de un a\u00f1o <strong>y en d\u00f3lares perdi\u00f3 parte del dinamismo que tra\u00eda,<\/strong> aunque el Gobierno, desde mediados de mes, ampli\u00f3 la oferta potencial de este tipo de financiamiento a empresas que no registren ingresos en moneda extranjera.<\/p>\n<div class=\"content-media\">\n<section role=\"button\" class=\"mod-media   \">\n<figure role=\"button\" tabindex=\"0\" class=\"mod-figure \"><figcaption class=\"mod-figcaption\"><span class=\"com-text --caption --twoxs\">De volar a buscar el piso<\/span><span class=\"com-text --credit --twoxs\">Compumar<\/span><\/figcaption><\/figure>\n<\/section>\n<\/div>\n<p class=\"com-paragraph --s text-left\">El panorama muestra que<strong> la actividad econ\u00f3mica<\/strong>, que a nivel general se mueve casi plana m\u00e1s all\u00e1 de avances y retrocesos estad\u00edsticos mensuales, <strong>ni siquiera puede apoyarse en esta palanca<\/strong> de probado efecto virtuoso en otras latitudes del mundo, lo que los analistas vinculan <strong>con una demanda interna que se mantiene deprimida, <\/strong>por la ca\u00edda en los ingresos disponibles y el salto en los niveles de morosidad que corri\u00f3 del mostrador de demanda a casi 6 millones de personas.<\/p>\n<div class=\"content-media\">\n<section role=\"button\" class=\"mod-media   \">\n<figure role=\"button\" tabindex=\"0\" class=\"mod-figure \"><figcaption class=\"mod-figcaption\"><span class=\"com-text --caption --twoxs\">Sin recuperaci\u00f3n de los ingresos no hay para\u00edso<\/span><\/figcaption><\/figure>\n<\/section>\n<\/div>\n<p class=\"com-paragraph --s text-left\"><strong>\u201cEl total de los pr\u00e9stamos en pesos cay\u00f3 0,2% real en agosto en relaci\u00f3n a julio,<\/strong> con lo que pasaron a mostrar una contracci\u00f3n del <strong>1,6% interanual,<\/strong> luego de casi dos a\u00f1os de moverse al alza\u201d, consign\u00f3 hoy en un informe LGC.<\/p>\n<p class=\"com-paragraph --s text-left\">La consultora que, mes a mes, sigue la evoluci\u00f3n de esta sensible variable a partir de la evoluci\u00f3n de los datos oficiales que publica el Banco Central (BCRA), explica que<strong> el nuevo achicamiento se explic\u00f3 principalmente \u201cpor los pr\u00e9stamos al consumo <\/strong>(el m\u00e1s afectado por la irregularidad en los pagos), que se retrajeron 1,3% en el mes, acumulando 10 meses consecutivos de baja\u201d, con un ajuste del 2,6% en el financiamiento de consumos con tarjetas de cr\u00e9dito.<\/p>\n<p class=\"com-paragraph --s text-left\">Por su parte, los <strong>pr\u00e9stamos a las empresas<\/strong> o con garant\u00eda real \u2014menos afectados por la mora\u2014 tuvieron en agosto subas marginales del 0,6% y 0,9% real respecto al mes anterior, respectivamente.<\/p>\n<p class=\"com-paragraph --s text-left\"><strong>El <\/strong><em><strong>stock <\/strong><\/em><strong>total de cr\u00e9dito en moneda nacional, seg\u00fan los datos oficiales al \u00faltimo viernes 28, se ubic\u00f3 en promedio en agosto en $103,6 billones<\/strong>, creciendo en $864.166 millones (+1,7%) respecto al promedio del mes anterior. Si se toma en cuenta que se espera verificar para ese mes (con un term\u00f3metro viejo, ya que la canasta de consumo con que se mide data del 2004\/5) una inflaci\u00f3n similar, se observa que el total de financiamiento no aument\u00f3 en t\u00e9rminos reales.<\/p>\n<div class=\"content-media\">\n<section role=\"button\" class=\"mod-media   \">\n<figure role=\"button\" tabindex=\"0\" class=\"mod-figure \"><figcaption class=\"mod-figcaption\"><span class=\"com-text --caption --twoxs\">El financiamiento al consumo no repunta<\/span><span class=\"com-text --credit --twoxs\">Compumar<\/span><\/figcaption><\/figure>\n<\/section>\n<\/div>\n<p class=\"com-paragraph --s text-left\">Es m\u00e1s, en el sistema incluso conceden que -en realidad- la masa total es probable que haya ca\u00eddo, ya que, a partir de las renegociaciones pactadas con morosos, comenzaron a contabilizarse como regulares algunos de los cr\u00e9ditos que, de cuatro a cinco meses atr\u00e1s, figuraban como irregulares.<\/p>\n<p class=\"com-paragraph --s text-left\">Para los analistas de LGC, con un nivel de mora que afecta al 27% de sus carteras crediticias en total en monto y afecta al 28% de las familias,<strong> no debe sorprender \u201cuna din\u00e1mica de retracci\u00f3n del cr\u00e9dito tanto por el lado de la demanda <\/strong>(por la creciente carga de la deuda en los ingresos familiares),<strong> como por el lado de la oferta <\/strong>(a partir de una calificaci\u00f3n m\u00e1s exigente de sus clientes)\u201d.<\/p>\n<p class=\"com-paragraph --s text-left\">Encima, cabe acotar, <a href=\"https:\/\/www.lanacion.com.ar\/economia\/la-baja-de-tasas-impulsada-por-el-gobierno-le-llego-a-las-empresas-pero-todavia-no-a-las-familias-nid26072026\/\" target=\"_self\" title=\"https:\/\/www.lanacion.com.ar\/economia\/la-baja-de-tasas-impulsada-por-el-gobierno-le-llego-a-las-empresas-pero-todavia-no-a-las-familias-nid26072026\/\" class=\"com-link break-word\" data-mrf-recirculation=\"n_link_parrafo\">se mantiene firme la amplia brecha de tasas en perjuicio de las personas, que encarece sobremanera el cr\u00e9dito a familias<\/a>.<\/p>\n<div class=\"content-media\">\n<section role=\"button\" class=\"mod-media   \">\n<figure role=\"button\" tabindex=\"0\" class=\"mod-figure \"><figcaption class=\"mod-figcaption\"><span class=\"com-text --caption --twoxs\">Se mantiene la brecha de tasas<\/span><span class=\"com-text --credit --twoxs\">Compumar<\/span><\/figcaption><\/figure>\n<\/section>\n<\/div>\n<p class=\"com-paragraph --s text-left\">El dato llamativo de agosto fue <strong>el menor dinamismo que mostraron adem\u00e1s los pr\u00e9stamos en d\u00f3lares, al crecer en promedio unos US$330 millones luego de haberse expandido a m\u00e1s de US$1060 millones en julio<\/strong>. Eso no impidi\u00f3, empero, que cierren el mes marcando un nuevo m\u00e1ximo al ubicarse por encima de los US$25.300 millones.<\/p>\n<p class=\"com-paragraph --s text-left\">\u201cEl cr\u00e9dito en d\u00f3lares sigui\u00f3 creciendo, pero a un ritmo m\u00e1s bajo que en los \u00faltimos meses y no se ve a\u00fan un impacto significativo de la relajaci\u00f3n normativa del BCRA que habilit\u00f3 a empresas sin ingresos dolarizados a tomar pr\u00e9stamos en moneda extranjera\u201d, describieron.<\/p>\n<section class=\"container-center-100 mb-40 border border-bottom border-thin border-neutral-light-700\">\n<hr\/>\n<\/section>\n<\/div>\n<p><script id=\"facebookpixel\" defer=\"\" type=\"text\/javascript\">\n        !function(f,b,e,v,n,t,s)\n        {if(f.fbq)return;n=f.fbq=function(){n.callMethod?\n        n.callMethod.apply(n,arguments):n.queue.push(arguments)};\n        if(!f._fbq)f._fbq=n;n.push=n;n.loaded=!0;n.version='2.0';\n        n.queue=[];t=b.createElement(e);t.async=!0;\n        t.src=v;s=b.getElementsByTagName(e)[0];\n        s.parentNode.insertBefore(t,s)}(window, document,'script',\n        'https:\/\/connect.facebook.net\/en_US\/fbevents.js');\n        fbq('init', '492459597522335');\n        fbq('track', 'PageView');\n    <\/script><\/p>\n","protected":false},"excerpt":{"rendered":"<p>El cr\u00e9dito bancario en pesos mantuvo la tendencia al estancamiento que exhibe desde hace poco m\u00e1s de un a\u00f1o y en d\u00f3lares perdi\u00f3 parte del dinamismo que tra\u00eda, aunque el Gobierno, desde mediados de mes, ampli\u00f3 la oferta potencial de este tipo de financiamiento a empresas que no registren ingresos en moneda extranjera. De volar [&hellip;]<\/p>\n","protected":false},"author":2,"featured_media":241667,"comment_status":"closed","ping_status":"closed","sticky":false,"template":"","format":"standard","meta":{"footnotes":""},"categories":[28],"tags":[],"class_list":["post-241666","post","type-post","status-publish","format-standard","has-post-thumbnail","hentry","category-economia"],"_links":{"self":[{"href":"https:\/\/radioacuariofm.com.ar\/index.php?rest_route=\/wp\/v2\/posts\/241666","targetHints":{"allow":["GET"]}}],"collection":[{"href":"https:\/\/radioacuariofm.com.ar\/index.php?rest_route=\/wp\/v2\/posts"}],"about":[{"href":"https:\/\/radioacuariofm.com.ar\/index.php?rest_route=\/wp\/v2\/types\/post"}],"author":[{"embeddable":true,"href":"https:\/\/radioacuariofm.com.ar\/index.php?rest_route=\/wp\/v2\/users\/2"}],"replies":[{"embeddable":true,"href":"https:\/\/radioacuariofm.com.ar\/index.php?rest_route=%2Fwp%2Fv2%2Fcomments&post=241666"}],"version-history":[{"count":1,"href":"https:\/\/radioacuariofm.com.ar\/index.php?rest_route=\/wp\/v2\/posts\/241666\/revisions"}],"predecessor-version":[{"id":241668,"href":"https:\/\/radioacuariofm.com.ar\/index.php?rest_route=\/wp\/v2\/posts\/241666\/revisions\/241668"}],"wp:featuredmedia":[{"embeddable":true,"href":"https:\/\/radioacuariofm.com.ar\/index.php?rest_route=\/wp\/v2\/media\/241667"}],"wp:attachment":[{"href":"https:\/\/radioacuariofm.com.ar\/index.php?rest_route=%2Fwp%2Fv2%2Fmedia&parent=241666"}],"wp:term":[{"taxonomy":"category","embeddable":true,"href":"https:\/\/radioacuariofm.com.ar\/index.php?rest_route=%2Fwp%2Fv2%2Fcategories&post=241666"},{"taxonomy":"post_tag","embeddable":true,"href":"https:\/\/radioacuariofm.com.ar\/index.php?rest_route=%2Fwp%2Fv2%2Ftags&post=241666"}],"curies":[{"name":"wp","href":"https:\/\/api.w.org\/{rel}","templated":true}]}}