{"id":241654,"date":"2026-09-03T14:25:52","date_gmt":"2026-09-03T17:25:52","guid":{"rendered":"https:\/\/radioacuariofm.com.ar\/?p=241654"},"modified":"2026-09-03T14:25:54","modified_gmt":"2026-09-03T17:25:54","slug":"nuevos-especialistas-completaron-su-residencia-en-el-hospital-marcial-quiroga","status":"publish","type":"post","link":"https:\/\/radioacuariofm.com.ar\/?p=241654","title":{"rendered":"nuevos especialistas completaron su residencia en el Hospital Marcial Quiroga"},"content":{"rendered":"<p><\/p>\n<div>\n<p>El Hospital Marcial Quiroga distingui\u00f3 a los profesionales que integraron la Promoci\u00f3n 2026 de las residencias, conformada por 22 egresados de las \u00e1reas de Cl\u00ednica M\u00e9dica, Urolog\u00eda, Psiquiatr\u00eda, Cardiolog\u00eda, Cirug\u00eda General, Psicolog\u00eda, Enfermer\u00eda en Cuidados Paliativos y Trabajo Social. El acto fue organizado por el Comit\u00e9 de Docencia e Investigaci\u00f3n y reuni\u00f3 a residentes, jefes de servicio, tutores, familiares y autoridades hospitalarias.<\/p>\n<p>La ceremonia represent\u00f3 el cierre de una etapa de formaci\u00f3n intensiva, aprendizaje continuo y trabajo interdisciplinario. Durante el encuentro se destac\u00f3 el compromiso, la vocaci\u00f3n de servicio, el esfuerzo cotidiano y la calidad humana que cada residente demostr\u00f3 durante su paso por el hospital, acompa\u00f1ando a pacientes y familias en distintos escenarios de atenci\u00f3n.<\/p>\n<p>El director ejecutivo del Hospital Marcial Quiroga, Juan Manuel Campayo, resalt\u00f3 que las residencias m\u00e9dicas y de salud constituyen un espacio fundamental para la formaci\u00f3n de profesionales. Adem\u00e1s, valor\u00f3 el recorrido realizado por los nuevos egresados y expres\u00f3 que dejan una huella de compromiso con los pacientes, los equipos de salud y la instituci\u00f3n.<\/p>\n<p>Tras cuatro a\u00f1os de formaci\u00f3n, y cinco a\u00f1os en el caso de quienes finalizaron su jefatura de residencia, los profesionales recibieron sus diplomas de manos del director ejecutivo, del director m\u00e9dico, Sergio Albarrac\u00edn; y de la presidenta del Comit\u00e9 de Docencia e Investigaci\u00f3n, Marcela Arancibia.<\/p>\n<p>Los profesionales que culminaron su residencia fueron Gustavo Garc\u00eda y Araceli Gonz\u00e1lez (Cl\u00ednica M\u00e9dica); Guadalupe Ortiz, Julieta Pohmajevic y Juan Ger\u00f3nimo (Psiquiatr\u00eda); Nahuel N\u00fa\u00f1ez y Ezequiel G\u00f3mez (Cardiolog\u00eda); Sof\u00eda R\u00edos y Maribel Garc\u00eda (Cirug\u00eda General); Victoria Cocinero y Sof\u00eda Gochicoa (Psicolog\u00eda); Luisina Aranda (Trabajo Social); Franco Roll\u00e1n (Urolog\u00eda); y L\u00eda Ag\u00fcero, Tamara Alfaro y Rub\u00e9n Tello (Enfermer\u00eda en Cuidados Paliativos).<\/p>\n<p>Tambi\u00e9n fueron reconocidos los jefes de residencia salientes: Giuliana Verni y Melina Ibarra (Cl\u00ednica M\u00e9dica); Luciana Lozada (Psicolog\u00eda); Fernanda de los R\u00edos (Trabajo Social); Bel\u00e9n Ticle (Cardiolog\u00eda); y Victoria Contreras (Cirug\u00eda General), quienes completaron un a\u00f1o adicional de formaci\u00f3n y liderazgo dentro de sus servicios.<\/p>\n<p>El acto concluy\u00f3 con palabras de los egresados L\u00eda Ag\u00fcero y Nahuel N\u00fa\u00f1ez, quienes compartieron una reflexi\u00f3n sobre el camino recorrido durante la residencia y agradecieron el acompa\u00f1amiento recibido de los equipos de salud, tutores y familiares. Adem\u00e1s, Mauro Salinas, del Servicio de Cardiolog\u00eda, brind\u00f3 un mensaje de reconocimiento a todos los residentes por su dedicaci\u00f3n y crecimiento profesional.<\/p>\n<p>De esta manera, el Hospital Marcial Quiroga contin\u00faa fortaleciendo la formaci\u00f3n de profesionales de la salud a trav\u00e9s de un modelo de residencias que integra conocimiento, pr\u00e1ctica y trabajo interdisciplinario. Cada nueva promoci\u00f3n representa un aporte al sistema de salud de San Juan, con especialistas preparados para brindar una atenci\u00f3n de calidad, cercana y comprometida con las necesidades de la comunidad.<\/p>\n<\/p><\/div>\n<p><script async defer crossorigin=\"anonymous\" src=\"https:\/\/connect.facebook.net\/es_ES\/sdk.js#xfbml=1&#038;version=v3.3\"><\/script><\/p>\n","protected":false},"excerpt":{"rendered":"<p>El Hospital Marcial Quiroga distingui\u00f3 a los profesionales que integraron la Promoci\u00f3n 2026 de las residencias, conformada por 22 egresados de las \u00e1reas de Cl\u00ednica M\u00e9dica, Urolog\u00eda, Psiquiatr\u00eda, Cardiolog\u00eda, Cirug\u00eda General, Psicolog\u00eda, Enfermer\u00eda en Cuidados Paliativos y Trabajo Social. El acto fue organizado por el Comit\u00e9 de Docencia e Investigaci\u00f3n y reuni\u00f3 a residentes, jefes [&hellip;]<\/p>\n","protected":false},"author":2,"featured_media":241655,"comment_status":"closed","ping_status":"closed","sticky":false,"template":"","format":"standard","meta":{"footnotes":""},"categories":[27],"tags":[],"class_list":["post-241654","post","type-post","status-publish","format-standard","has-post-thumbnail","hentry","category-san-juan"],"_links":{"self":[{"href":"https:\/\/radioacuariofm.com.ar\/index.php?rest_route=\/wp\/v2\/posts\/241654","targetHints":{"allow":["GET"]}}],"collection":[{"href":"https:\/\/radioacuariofm.com.ar\/index.php?rest_route=\/wp\/v2\/posts"}],"about":[{"href":"https:\/\/radioacuariofm.com.ar\/index.php?rest_route=\/wp\/v2\/types\/post"}],"author":[{"embeddable":true,"href":"https:\/\/radioacuariofm.com.ar\/index.php?rest_route=\/wp\/v2\/users\/2"}],"replies":[{"embeddable":true,"href":"https:\/\/radioacuariofm.com.ar\/index.php?rest_route=%2Fwp%2Fv2%2Fcomments&post=241654"}],"version-history":[{"count":1,"href":"https:\/\/radioacuariofm.com.ar\/index.php?rest_route=\/wp\/v2\/posts\/241654\/revisions"}],"predecessor-version":[{"id":241656,"href":"https:\/\/radioacuariofm.com.ar\/index.php?rest_route=\/wp\/v2\/posts\/241654\/revisions\/241656"}],"wp:featuredmedia":[{"embeddable":true,"href":"https:\/\/radioacuariofm.com.ar\/index.php?rest_route=\/wp\/v2\/media\/241655"}],"wp:attachment":[{"href":"https:\/\/radioacuariofm.com.ar\/index.php?rest_route=%2Fwp%2Fv2%2Fmedia&parent=241654"}],"wp:term":[{"taxonomy":"category","embeddable":true,"href":"https:\/\/radioacuariofm.com.ar\/index.php?rest_route=%2Fwp%2Fv2%2Fcategories&post=241654"},{"taxonomy":"post_tag","embeddable":true,"href":"https:\/\/radioacuariofm.com.ar\/index.php?rest_route=%2Fwp%2Fv2%2Ftags&post=241654"}],"curies":[{"name":"wp","href":"https:\/\/api.w.org\/{rel}","templated":true}]}}