{"id":241651,"date":"2026-09-03T14:00:02","date_gmt":"2026-09-03T17:00:02","guid":{"rendered":"https:\/\/radioacuariofm.com.ar\/?p=241651"},"modified":"2026-09-03T14:00:09","modified_gmt":"2026-09-03T17:00:09","slug":"san-juan-abre-la-agenda-nacional-para-trabajar-en-el-futuro-de-los-residuos","status":"publish","type":"post","link":"https:\/\/radioacuariofm.com.ar\/?p=241651","title":{"rendered":"San Juan abre la agenda nacional para trabajar en el futuro de los residuos"},"content":{"rendered":"<p><\/p>\n<div>\n<p>San Juan ser\u00e1 sede, los d\u00edas 9 y 10 de septiembre, del primer Workshop Estrat\u00e9gico REFRES-Redise\u00f1ando el Futuro de los Residuos, convirti\u00e9ndose en la primera provincia del pa\u00eds en implementar esta metodolog\u00eda de articulaci\u00f3n entre ciencia, Estado, producci\u00f3n, tecnolog\u00eda y financiamiento.<\/p>\n<p>La propuesta busca transformar desaf\u00edos concretos del territorio en proyectos, desarrollos tecnol\u00f3gicos y soluciones con posibilidades de implementaci\u00f3n. El encuentro estar\u00e1 organizado por el CONICET, la Universidad Nacional de San Juan, a trav\u00e9s de la Facultad de Ingenier\u00eda y el Departamento de Ingenier\u00eda Qu\u00edmica, y la Secretar\u00eda de Estado de Ambiente y Desarrollo Sustentable, adem\u00e1s de contar con el apoyo de los Ministerios de Miner\u00eda y Producci\u00f3n.<\/p>\n<p><strong>Ciencia y producci\u00f3n para resolver desaf\u00edos concretos<\/strong><\/p>\n<p>El Workshop reunir\u00e1 a investigadores, especialistas y referentes cient\u00edfico-tecnol\u00f3gicos de San Juan y de distintos puntos del pa\u00eds. Tambi\u00e9n participar\u00e1n organismos p\u00fablicos, empresas, instituciones, sectores productivos y agentes vinculados al financiamiento.<\/p>\n<p>La iniciativa propone conectar las capacidades cient\u00edficas y tecnol\u00f3gicas disponibles con necesidades reales de la provincia. El objetivo es generar nuevas vinculaciones, transferencia de conocimiento, desarrollos tecnol\u00f3gicos y proyectos colaborativos.<\/p>\n<p>El abordaje ser\u00e1 integral e incluir\u00e1 temas vinculados con el uso eficiente de recursos, agua y energ\u00eda, producci\u00f3n de alimentos, bioproductos, econom\u00eda circular, gesti\u00f3n y valorizaci\u00f3n de residuos, efluentes, tecnolog\u00edas limpias, nuevos materiales y energ\u00edas renovables.<\/p>\n<p>Esta mirada permitir\u00e1 vincular la innovaci\u00f3n con actividades centrales para San Juan, como la miner\u00eda, la agroindustria, la vitivinicultura, las energ\u00edas renovables y la gesti\u00f3n h\u00eddrica.<\/p>\n<p><strong>Siete Mesas de Trabajo para avanzar hacia soluciones<\/strong><\/p>\n<p>Uno de los principales componentes del Workshop ser\u00e1n siete Mesas de Trabajo cient\u00edfico-t\u00e9cnicas. Seis ser\u00e1n tem\u00e1ticas y una tendr\u00e1 car\u00e1cter transversal.<\/p>\n<p>Las mesas abordar\u00e1n econom\u00eda circular y gesti\u00f3n integral de recursos y residuos s\u00f3lidos urbanos; agroindustria, alimentos, biomasa y bioproductos; miner\u00eda, hidrocarburos y pasivos extractivos; energ\u00eda, transici\u00f3n energ\u00e9tica y combustibles renovables.<\/p>\n<p>Tambi\u00e9n se trabajar\u00e1 sobre agua, efluentes, suelos ; impacto, territorio y sostenibilidad; e implementaci\u00f3n, financiamiento, innovaci\u00f3n y experiencias.<\/p>\n<p>La din\u00e1mica permitir\u00e1 identificar problemas, capacidades existentes, oportunidades, barreras y posibles proyectos. Tambi\u00e9n se analizar\u00e1n las posibilidades de implementaci\u00f3n, escalabilidad y acceso a herramientas de financiamiento.<\/p>\n<p><strong>Del conocimiento a proyectos concretos<\/strong><\/p>\n<p>La participaci\u00f3n conjunta de cient\u00edficos, organismos p\u00fablicos, empresas, desarrolladores tecnol\u00f3gicos y agentes de financiamiento busca reducir la distancia entre el conocimiento y su aplicaci\u00f3n.<\/p>\n<p>Los resultados de las Mesas de Trabajo ser\u00e1n sistematizados para aportar informaci\u00f3n a una futura agenda y hoja de ruta provincial. El prop\u00f3sito es identificar desaf\u00edos prioritarios, capacidades disponibles y oportunidades de cooperaci\u00f3n, transferencia, inversi\u00f3n y financiamiento.<\/p>\n<p>De esta manera, el Workshop ser\u00e1 el punto de partida de un proceso de articulaci\u00f3n sostenida que vincule conocimiento, innovaci\u00f3n, producci\u00f3n y gesti\u00f3n p\u00fablica.<\/p>\n<p>La elecci\u00f3n de San Juan como primera provincia sede se vincula con la diversidad de su matriz productiva y con las capacidades cient\u00edficas y tecnol\u00f3gicas existentes. La iniciativa apunta a fortalecer procesos m\u00e1s eficientes, incorporar tecnolog\u00eda y generar oportunidades de mayor valor agregado para el desarrollo provincial.<\/p>\n<p><strong>Inscripciones<\/strong><\/p>\n<p>Las personas interesadas en participar de las disertaciones podr\u00e1n inscribirse para las actividades previstas durante la ma\u00f1ana y la tarde del mi\u00e9rcoles 9 de septiembre y durante la ma\u00f1ana del jueves 10.<\/p>\n<p>La inscripci\u00f3n para las disertaciones se realiza a trav\u00e9s del formulario habilitado para el Workshop REFRES: <a href=\"https:\/\/forms.gle\/dKb9ux1YWwNA4GvA6\">https:\/\/forms.gle\/dKb9ux1YWwNA4GvA6<\/a><\/p>\n<p>Quienes participen de las Mesas de Trabajo cient\u00edfico-t\u00e9cnicas deber\u00e1n completar un formulario espec\u00edfico de inscripci\u00f3n: <a href=\"https:\/\/forms.gle\/eN6RYrGjbYqahSABA\">https:\/\/forms.gle\/eN6RYrGjbYqahSABA<\/a><\/p>\n<\/p><\/div>\n<p><script async defer crossorigin=\"anonymous\" src=\"https:\/\/connect.facebook.net\/es_ES\/sdk.js#xfbml=1&#038;version=v3.3\"><\/script><\/p>\n","protected":false},"excerpt":{"rendered":"<p>San Juan ser\u00e1 sede, los d\u00edas 9 y 10 de septiembre, del primer Workshop Estrat\u00e9gico REFRES-Redise\u00f1ando el Futuro de los Residuos, convirti\u00e9ndose en la primera provincia del pa\u00eds en implementar esta metodolog\u00eda de articulaci\u00f3n entre ciencia, Estado, producci\u00f3n, tecnolog\u00eda y financiamiento. La propuesta busca transformar desaf\u00edos concretos del territorio en proyectos, desarrollos tecnol\u00f3gicos y soluciones [&hellip;]<\/p>\n","protected":false},"author":2,"featured_media":241652,"comment_status":"closed","ping_status":"closed","sticky":false,"template":"","format":"standard","meta":{"footnotes":""},"categories":[27],"tags":[],"class_list":["post-241651","post","type-post","status-publish","format-standard","has-post-thumbnail","hentry","category-san-juan"],"_links":{"self":[{"href":"https:\/\/radioacuariofm.com.ar\/index.php?rest_route=\/wp\/v2\/posts\/241651","targetHints":{"allow":["GET"]}}],"collection":[{"href":"https:\/\/radioacuariofm.com.ar\/index.php?rest_route=\/wp\/v2\/posts"}],"about":[{"href":"https:\/\/radioacuariofm.com.ar\/index.php?rest_route=\/wp\/v2\/types\/post"}],"author":[{"embeddable":true,"href":"https:\/\/radioacuariofm.com.ar\/index.php?rest_route=\/wp\/v2\/users\/2"}],"replies":[{"embeddable":true,"href":"https:\/\/radioacuariofm.com.ar\/index.php?rest_route=%2Fwp%2Fv2%2Fcomments&post=241651"}],"version-history":[{"count":1,"href":"https:\/\/radioacuariofm.com.ar\/index.php?rest_route=\/wp\/v2\/posts\/241651\/revisions"}],"predecessor-version":[{"id":241653,"href":"https:\/\/radioacuariofm.com.ar\/index.php?rest_route=\/wp\/v2\/posts\/241651\/revisions\/241653"}],"wp:featuredmedia":[{"embeddable":true,"href":"https:\/\/radioacuariofm.com.ar\/index.php?rest_route=\/wp\/v2\/media\/241652"}],"wp:attachment":[{"href":"https:\/\/radioacuariofm.com.ar\/index.php?rest_route=%2Fwp%2Fv2%2Fmedia&parent=241651"}],"wp:term":[{"taxonomy":"category","embeddable":true,"href":"https:\/\/radioacuariofm.com.ar\/index.php?rest_route=%2Fwp%2Fv2%2Fcategories&post=241651"},{"taxonomy":"post_tag","embeddable":true,"href":"https:\/\/radioacuariofm.com.ar\/index.php?rest_route=%2Fwp%2Fv2%2Ftags&post=241651"}],"curies":[{"name":"wp","href":"https:\/\/api.w.org\/{rel}","templated":true}]}}