{"id":241636,"date":"2026-09-03T11:22:52","date_gmt":"2026-09-03T14:22:52","guid":{"rendered":"https:\/\/radioacuariofm.com.ar\/?p=241636"},"modified":"2026-09-03T11:22:54","modified_gmt":"2026-09-03T14:22:54","slug":"la-primavera-trae-humor-musica-y-comedia-al-teatro-sarmiento","status":"publish","type":"post","link":"https:\/\/radioacuariofm.com.ar\/?p=241636","title":{"rendered":"La primavera trae humor, m\u00fasica y comedia al Teatro Sarmiento"},"content":{"rendered":"<p><\/p>\n<div>\n<p>El <strong>Teatro Sarmiento<\/strong> se prepara para recibir durante septiembre una variada agenda de espect\u00e1culos que incluye humor, teatro, m\u00fasica y propuestas para toda la familia. La programaci\u00f3n contempla la presentaci\u00f3n de artistas y producciones de alcance nacional, consolidando al espacio como uno de los principales escenarios culturales de San Juan.<\/p>\n<p>La agenda comenzar\u00e1 el viernes 4, con<strong> \u201cGordillo 20+1 a\u00f1os\u201d<\/strong>, el espect\u00e1culo del humorista tucumano Miguel Mart\u00edn, conocido por su personaje Oficial Gordillo. El domingo 6 ser\u00e1 el turno de \u201cExplorador\u201d, una propuesta infantil pensada para disfrutar en familia.<\/p>\n<p>La programaci\u00f3n continuar\u00e1 el jueves 10 con <strong>\u201cLa Cena de los Tontos\u201d<\/strong>, una de las comedias m\u00e1s exitosas de la cartelera argentina, protagonizada por Mart\u00edn Bossi, Gustavo Berm\u00fadez y Laurita Fern\u00e1ndez.<\/p>\n<p>El viernes 11 llegar\u00e1 la m\u00fasica de<strong> Conociendo Rusia<\/strong>, en un formato solista e \u00edntimo de Mateo Sujatovich, mientras que el s\u00e1bado 12 ser\u00e1 el turno de Axel, quien recorrer\u00e1 sus principales canciones.<\/p>\n<p>La agenda se completar\u00e1 el martes 15 de septiembre con la presentaci\u00f3n de <strong>Tanghetto<\/strong>, en el marco de la <strong>Temporada 44\u00aa del Mozarteum Argentino San Juan<\/strong>. La agrupaci\u00f3n, reconocida por su particular fusi\u00f3n entre tango, electr\u00f3nica y sonidos contempor\u00e1neos, llegar\u00e1 con una propuesta audiovisual y en formato full band.<\/p>\n<p>Esta programaci\u00f3n forma parte de las acciones impulsadas por el Gobierno de San Juan, a trav\u00e9s del Ministerio de Turismo, Cultura y Deporte, para fortalecer la actividad cultural y ampliar el acceso del p\u00fablico a espect\u00e1culos de calidad.<\/p>\n<p>La llegada de estas producciones al Teatro Sarmiento tambi\u00e9n est\u00e1 vinculada con la puesta en valor integral que tuvo el hist\u00f3rico edificio durante la gesti\u00f3n del gobernador Marcelo Orrego. La renovaci\u00f3n permiti\u00f3 mejorar las condiciones t\u00e9cnicas y de infraestructura del teatro y ampliar su capacidad para recibir producciones de mayor escala y nivel art\u00edstico.<\/p>\n<p>Las entradas para los espect\u00e1culos pueden conseguirse en la boleter\u00eda del teatro o a trav\u00e9s del <a href=\"https:\/\/linktr.ee\/teatrosarmiento?utm_source=ig&amp;utm_medium=social&amp;utm_content=link_in_bio&amp;fbclid=PAcGRvZgJleHRuA2FlbQIxMQBzcnRjBmFwcF9pZA85MzY2MTk3NDMzOTI0NTkAAafZA-F0Iw25Zd01_rXK7BoZye65FLZQVzbaHuKiAYr7WEYzAwfEJD-L-RQb_w_aem_9sMO_YKxlciwM2UE05ULFg.\">IG del Teatro Sarmiento<\/a>.<\/p>\n<\/p><\/div>\n<p><script async defer crossorigin=\"anonymous\" src=\"https:\/\/connect.facebook.net\/es_ES\/sdk.js#xfbml=1&#038;version=v3.3\"><\/script><\/p>\n","protected":false},"excerpt":{"rendered":"<p>El Teatro Sarmiento se prepara para recibir durante septiembre una variada agenda de espect\u00e1culos que incluye humor, teatro, m\u00fasica y propuestas para toda la familia. La programaci\u00f3n contempla la presentaci\u00f3n de artistas y producciones de alcance nacional, consolidando al espacio como uno de los principales escenarios culturales de San Juan. La agenda comenzar\u00e1 el viernes [&hellip;]<\/p>\n","protected":false},"author":2,"featured_media":241637,"comment_status":"closed","ping_status":"closed","sticky":false,"template":"","format":"standard","meta":{"footnotes":""},"categories":[27],"tags":[],"class_list":["post-241636","post","type-post","status-publish","format-standard","has-post-thumbnail","hentry","category-san-juan"],"_links":{"self":[{"href":"https:\/\/radioacuariofm.com.ar\/index.php?rest_route=\/wp\/v2\/posts\/241636","targetHints":{"allow":["GET"]}}],"collection":[{"href":"https:\/\/radioacuariofm.com.ar\/index.php?rest_route=\/wp\/v2\/posts"}],"about":[{"href":"https:\/\/radioacuariofm.com.ar\/index.php?rest_route=\/wp\/v2\/types\/post"}],"author":[{"embeddable":true,"href":"https:\/\/radioacuariofm.com.ar\/index.php?rest_route=\/wp\/v2\/users\/2"}],"replies":[{"embeddable":true,"href":"https:\/\/radioacuariofm.com.ar\/index.php?rest_route=%2Fwp%2Fv2%2Fcomments&post=241636"}],"version-history":[{"count":1,"href":"https:\/\/radioacuariofm.com.ar\/index.php?rest_route=\/wp\/v2\/posts\/241636\/revisions"}],"predecessor-version":[{"id":241638,"href":"https:\/\/radioacuariofm.com.ar\/index.php?rest_route=\/wp\/v2\/posts\/241636\/revisions\/241638"}],"wp:featuredmedia":[{"embeddable":true,"href":"https:\/\/radioacuariofm.com.ar\/index.php?rest_route=\/wp\/v2\/media\/241637"}],"wp:attachment":[{"href":"https:\/\/radioacuariofm.com.ar\/index.php?rest_route=%2Fwp%2Fv2%2Fmedia&parent=241636"}],"wp:term":[{"taxonomy":"category","embeddable":true,"href":"https:\/\/radioacuariofm.com.ar\/index.php?rest_route=%2Fwp%2Fv2%2Fcategories&post=241636"},{"taxonomy":"post_tag","embeddable":true,"href":"https:\/\/radioacuariofm.com.ar\/index.php?rest_route=%2Fwp%2Fv2%2Ftags&post=241636"}],"curies":[{"name":"wp","href":"https:\/\/api.w.org\/{rel}","templated":true}]}}