{"id":241633,"date":"2026-09-03T10:30:53","date_gmt":"2026-09-03T13:30:53","guid":{"rendered":"https:\/\/radioacuariofm.com.ar\/?p=241633"},"modified":"2026-09-03T10:30:55","modified_gmt":"2026-09-03T13:30:55","slug":"san-juan-aborda-los-derechos-y-aspectos-legales-vinculados-al-autismo","status":"publish","type":"post","link":"https:\/\/radioacuariofm.com.ar\/?p=241633","title":{"rendered":"San Juan aborda los derechos y aspectos legales vinculados al autismo"},"content":{"rendered":"<p><\/p>\n<div>\n<p>En el marco del Programa Anual de Formaci\u00f3n y Capacitaci\u00f3n sobre Autismo, el Centro Terap\u00e9utico Aurora P\u00e9rez, dependiente del Ministerio de Salud, realiz\u00f3 el 28 de agosto la quinta jornada del ciclo.<\/p>\n<p>El encuentro, denominado \u201cAspectos legales vinculados al autismo\u201d, se desarroll\u00f3 en el Cine Teatro Municipal y estuvo destinado a personal de salud, docentes, familias y p\u00fablico general.<\/p>\n<p>La propuesta forma parte del programa \u201cAutismo: comprender para incluir\u201d, que contempla encuentros presenciales mensuales entre abril y diciembre, orientados a ampliar conocimientos y promover una mirada integral sobre el Trastorno del Espectro Autista (TEA).<\/p>\n<h3>Una jornada centrada en derechos<\/h3>\n<p>Durante la capacitaci\u00f3n se brindaron herramientas para conocer y aplicar el marco jur\u00eddico vigente en materia de discapacidad y autismo.<\/p>\n<p>Tambi\u00e9n se abord\u00f3 el acceso efectivo a derechos, prestaciones de salud, educaci\u00f3n, apoyos terap\u00e9uticos, inclusi\u00f3n social y participaci\u00f3n comunitaria.<\/p>\n<p>El primer tema, \u201cAutismo y discapacidad: derechos, garant\u00edas y herramientas para su ejercicio efectivo\u201d, estuvo a cargo del abogado Fernando Jos\u00e9 Conte Grand, especializado en derecho de la discapacidad.<\/p>\n<p>Luego, la licenciada Paula Moreno, directora de Personas con Discapacidad del Ministerio de Familia y Desarrollo Humano, desarroll\u00f3 \u201cDiscapacidad y derechos: de la normativa a las pol\u00edticas p\u00fablicas para la inclusi\u00f3n y la participaci\u00f3n\u201d.<\/p>\n<p>El cierre estuvo a cargo de Enzo Cornejo, vicepresidente primero de la C\u00e1mara de Diputados de San Juan, quien abord\u00f3 \u201cLegislar para incluir: el compromiso del Estado en la construcci\u00f3n y garant\u00eda de derechos para las personas con discapacidad\u201d.<\/p>\n<h3>Reconocimiento al programa de formaci\u00f3n<\/h3>\n<p>Durante la jornada tambi\u00e9n se realiz\u00f3 la entrega de una resoluci\u00f3n de la C\u00e1mara de Diputados de San Juan, mediante la cual el Programa de Capacitaci\u00f3n y Formaci\u00f3n en TEA fue declarado de Inter\u00e9s Provincial, Social y Educativo.<\/p>\n<p>En representaci\u00f3n del Poder Legislativo, Cornejo realiz\u00f3 la entrega formal de la resoluci\u00f3n y transmiti\u00f3 los saludos del gobernador y del vicegobernador de la Provincia.<\/p>\n<p>El reconocimiento representa un respaldo institucional al trabajo que desarrolla el Centro Terap\u00e9utico Aurora P\u00e9rez, dependiente de la Direcci\u00f3n de Salud Mental, Secretar\u00eda T\u00e9cnica, en materia de capacitaci\u00f3n, actualizaci\u00f3n y promoci\u00f3n de una perspectiva de derechos.<\/p>\n<h3>Formaci\u00f3n para una atenci\u00f3n integral<\/h3>\n<p>Desde el Ministerio de Salud se promueve la capacitaci\u00f3n como una herramienta para mejorar el acompa\u00f1amiento de las personas con TEA y sus familias.<\/p>\n<p> El abordaje del autismo requiere integrar las dimensiones sanitarias, educativas, sociales y jur\u00eddicas, con una perspectiva centrada en derechos, autonom\u00eda, inclusi\u00f3n y participaci\u00f3n.<\/p>\n<p>El Programa Anual de Formaci\u00f3n y Capacitaci\u00f3n sobre Autismo continuar\u00e1 con nuevos encuentros hasta diciembre, con tem\u00e1ticas destinadas a distintos actores vinculados al acompa\u00f1amiento de las personas con TEA.<\/p>\n<\/p><\/div>\n<p><script async defer crossorigin=\"anonymous\" src=\"https:\/\/connect.facebook.net\/es_ES\/sdk.js#xfbml=1&#038;version=v3.3\"><\/script><\/p>\n","protected":false},"excerpt":{"rendered":"<p>En el marco del Programa Anual de Formaci\u00f3n y Capacitaci\u00f3n sobre Autismo, el Centro Terap\u00e9utico Aurora P\u00e9rez, dependiente del Ministerio de Salud, realiz\u00f3 el 28 de agosto la quinta jornada del ciclo. El encuentro, denominado \u201cAspectos legales vinculados al autismo\u201d, se desarroll\u00f3 en el Cine Teatro Municipal y estuvo destinado a personal de salud, docentes, [&hellip;]<\/p>\n","protected":false},"author":2,"featured_media":241634,"comment_status":"closed","ping_status":"closed","sticky":false,"template":"","format":"standard","meta":{"footnotes":""},"categories":[27],"tags":[],"class_list":["post-241633","post","type-post","status-publish","format-standard","has-post-thumbnail","hentry","category-san-juan"],"_links":{"self":[{"href":"https:\/\/radioacuariofm.com.ar\/index.php?rest_route=\/wp\/v2\/posts\/241633","targetHints":{"allow":["GET"]}}],"collection":[{"href":"https:\/\/radioacuariofm.com.ar\/index.php?rest_route=\/wp\/v2\/posts"}],"about":[{"href":"https:\/\/radioacuariofm.com.ar\/index.php?rest_route=\/wp\/v2\/types\/post"}],"author":[{"embeddable":true,"href":"https:\/\/radioacuariofm.com.ar\/index.php?rest_route=\/wp\/v2\/users\/2"}],"replies":[{"embeddable":true,"href":"https:\/\/radioacuariofm.com.ar\/index.php?rest_route=%2Fwp%2Fv2%2Fcomments&post=241633"}],"version-history":[{"count":1,"href":"https:\/\/radioacuariofm.com.ar\/index.php?rest_route=\/wp\/v2\/posts\/241633\/revisions"}],"predecessor-version":[{"id":241635,"href":"https:\/\/radioacuariofm.com.ar\/index.php?rest_route=\/wp\/v2\/posts\/241633\/revisions\/241635"}],"wp:featuredmedia":[{"embeddable":true,"href":"https:\/\/radioacuariofm.com.ar\/index.php?rest_route=\/wp\/v2\/media\/241634"}],"wp:attachment":[{"href":"https:\/\/radioacuariofm.com.ar\/index.php?rest_route=%2Fwp%2Fv2%2Fmedia&parent=241633"}],"wp:term":[{"taxonomy":"category","embeddable":true,"href":"https:\/\/radioacuariofm.com.ar\/index.php?rest_route=%2Fwp%2Fv2%2Fcategories&post=241633"},{"taxonomy":"post_tag","embeddable":true,"href":"https:\/\/radioacuariofm.com.ar\/index.php?rest_route=%2Fwp%2Fv2%2Ftags&post=241633"}],"curies":[{"name":"wp","href":"https:\/\/api.w.org\/{rel}","templated":true}]}}