{"id":241612,"date":"2026-09-02T17:41:48","date_gmt":"2026-09-02T20:41:48","guid":{"rendered":"https:\/\/radioacuariofm.com.ar\/?p=241612"},"modified":"2026-09-02T17:41:51","modified_gmt":"2026-09-02T20:41:51","slug":"caputo-respondio-a-las-criticas-de-los-industriales-me-toca-defender-los-intereses-de-48-millones-de-argentinos","status":"publish","type":"post","link":"https:\/\/radioacuariofm.com.ar\/?p=241612","title":{"rendered":"Caputo respondi\u00f3 a las cr\u00edticas de los industriales: \u201cMe toca defender los intereses de 48 millones de argentinos\u201d"},"content":{"rendered":"<p><\/p>\n<div>\n<p class=\"com-paragraph --capital --s\">El ministro de Econom\u00eda, <strong>Luis Caputo<\/strong>, respondi\u00f3 este mi\u00e9rcoles a las cr\u00edticas que lanzaron referentes de la <strong>Uni\u00f3n Industrial Argentina (UIA)<\/strong> <a href=\"https:\/\/www.lanacion.com.ar\/economia\/el-dato-que-expuso-la-uia-en-el-dia-de-la-industria-90000-empleos-menos-desde-agosto-de-2023-nid02092026\/\" target=\"_self\" title=\"https:\/\/www.lanacion.com.ar\/economia\/el-dato-que-expuso-la-uia-en-el-dia-de-la-industria-90000-empleos-menos-desde-agosto-de-2023-nid02092026\/\" class=\"com-link break-word\" data-mrf-recirculation=\"n_link_parrafo\">contra el rumbo econ\u00f3mico y defendi\u00f3 la apertura comercial impulsada por el Gobierno<\/a>. Reconoci\u00f3 que el nuevo escenario genera dificultades diferentes entre los sectores, pero sostuvo que su responsabilidad es representar al conjunto de la poblaci\u00f3n y no proteger los intereses particulares de determinadas empresas.<\/p>\n<p class=\"com-paragraph --s\">La respuesta lleg\u00f3 pocas horas despu\u00e9s del acto por el <strong>D\u00eda de la Industria<\/strong>, en el que el presidente de la UIA, <strong>Mart\u00edn Rappallini<\/strong>, reclam\u00f3 al Gobierno \u201cun puente\u201d entre la econom\u00eda que queda atr\u00e1s y la econom\u00eda competitiva que pretende construir, mientras que uno de los vicepresidentes de la entidad, <strong>Guillermo Moretti<\/strong>, <a href=\"https:\/\/www.lanacion.com.ar\/economia\/el-vicepresidente-de-la-uia-critico-duramente-al-gobierno-no-conocen-lo-que-es-el-pais-y-la-nid02092026\/\" target=\"_self\" title=\"https:\/\/www.lanacion.com.ar\/economia\/el-vicepresidente-de-la-uia-critico-duramente-al-gobierno-no-conocen-lo-que-es-el-pais-y-la-nid02092026\/\" class=\"com-link break-word\" data-mrf-recirculation=\"n_link_parrafo\">hab\u00eda apuntado directamente contra Caputo y cuestionado su conocimiento sobre el sector productivo.<\/a><\/p>\n<p class=\"com-paragraph --s\">Durante una exposici\u00f3n en el encuentro <strong>\u201cVientos de Cambio\u201d<\/strong>, organizado por la Fundaci\u00f3n Libertad, Caputo hizo referencia directa a esas cr\u00edticas. \u201cHoy en particular hubo alg\u00fan industrial que no fue respetuoso\u201d, dijo. Sin mencionar a Moretti, agreg\u00f3 que prefer\u00eda dejar de lado las formas para concentrarse en la discusi\u00f3n de fondo.<\/p>\n<p class=\"com-paragraph --s\">\u201cYo entiendo perfectamente las <strong>frustraciones que todo cambio genera.<\/strong> Segundo, porque entiendo que cada uno defiende sus intereses y eso es inevitable\u201d, afirm\u00f3 el ministro. Y marc\u00f3 su posici\u00f3n: \u201cAhora, <mark class=\"hl_underline\">a m\u00ed, como ministro de Econom\u00eda, me toca defender los intereses de los 48 millones de argentinos<\/mark>, no de algunos empresarios en particular\u201d.<\/p>\n<p class=\"com-paragraph --s\">Horas antes, Moretti hab\u00eda acusado al Gobierno de impulsar pol\u00edticas de \u201cdesindustrializaci\u00f3n\u201d y hab\u00eda dirigido una cr\u00edtica personal al jefe del Palacio de Hacienda. \u201cEstamos manejados por un endeudador, un <em>trader <\/em>que no sabe lo que es un torno\u201d, afirm\u00f3. <strong>Rappallini <\/strong>hab\u00eda adoptado un tono menos confrontativo, aunque tambi\u00e9n plante\u00f3 un diagn\u00f3stico cr\u00edtico sobre la actividad y el empleo y sostuvo que<strong> \u201cla econom\u00eda no puede medirse solamente por la evoluci\u00f3n de la inflaci\u00f3n\u201d.<\/strong><\/p>\n<p class=\"com-paragraph --s\">Caputo defendi\u00f3 el cambio de modelo. Seg\u00fan plante\u00f3, <strong>la Argentina ven\u00eda de una econom\u00eda cerrada,<\/strong> con d\u00e9ficit fiscal financiado mediante emisi\u00f3n y un esquema en el que la industria recib\u00eda distintos tipos de protecci\u00f3n. Sostuvo que las empresas no solo hab\u00edan contado con costos subsidiados en energ\u00eda y en el tipo de cambio, sino tambi\u00e9n con una protecci\u00f3n sobre la demanda final derivada de las restricciones a la competencia externa.<\/p>\n<p class=\"com-paragraph --s\">El ministro afirm\u00f3 que <strong>ese esquema llev\u00f3 a que los consumidores argentinos pagaran determinados productos entre dos y diez veces m\u00e1s caros que en pa\u00edses vecinos. <\/strong>Mencion\u00f3 como ejemplos los autom\u00f3viles, la indumentaria, el calzado, los electr\u00f3nicos, los celulares y los neum\u00e1ticos.<\/p>\n<p class=\"com-paragraph --s\">\u201cDesde el punto de vista ya moral, <strong>a nosotros eso nos parece absolutamente injusto\u201d, <\/strong>sostuvo. M\u00e1s adelante profundiz\u00f3: \u201cLa forma <mark class=\"hl_underline\">no puede ser que los argentinos sigan subsidiando a determinados empresarios<\/mark>. La forma es invertir, competir y lograr que la gente tenga acceso a los mejores productos a mejores precios\u201d.<\/p>\n<p class=\"com-paragraph --s\">Caputo busc\u00f3 tambi\u00e9n diferenciar las cr\u00edticas p\u00fablicas que recibi\u00f3 este mi\u00e9rcoles de lo que, asegur\u00f3, escucha habitualmente en sus reuniones con el sector privado. Dijo que mantiene encuentros pr\u00e1cticamente diarios con representantes de distintas industrias y que la reacci\u00f3n mayoritaria no coincide con las posiciones m\u00e1s cr\u00edticas que se expresaron p\u00fablicamente.<\/p>\n<p class=\"com-paragraph --s\"><strong>\u201cLa mayor\u00eda de los empresarios entiende que tiene que haber un cambio\u201d, <\/strong>afirm\u00f3. Seg\u00fan el ministro, tambi\u00e9n existe entre los industriales una comprensi\u00f3n de que el nuevo modelo requerir\u00e1 procesos de <strong>reconversi\u00f3n e inversi\u00f3n<\/strong> para competir en un escenario de mayor apertura.<\/p>\n<p class=\"com-paragraph --s\">En ese punto utiliz\u00f3 los casos de dos fabricantes nacionales para sostener su argumento. Record\u00f3 una reciente visita a la planta de calzado <strong>Omb\u00fa<\/strong>, en Catamarca, y una reuni\u00f3n con representantes de <strong>Pampero<\/strong>. Seg\u00fan relat\u00f3, en ambos casos los empresarios le transmitieron que las inversiones realizadas durante los \u00faltimos a\u00f1os les permiten competir con productos del exterior.<\/p>\n<p class=\"com-paragraph --s\">Caputo insisti\u00f3 adem\u00e1s en rechazar la idea de que la competitividad pueda recuperarse exclusivamente mediante un tipo de cambio m\u00e1s alto. <strong>\u201cLa cosa no pasa por el tipo de cambio\u201d, afirm\u00f3. <\/strong>Para el ministro, la mejora debe provenir de la reducci\u00f3n de impuestos y regulaciones, un menor costo financiero y una mejor infraestructura.<\/p>\n<section class=\"container-center-100 mb-40 border border-bottom border-thin border-neutral-light-700\">\n<hr\/>\n<\/section>\n<\/div>\n<p><script id=\"facebookpixel\" defer=\"\" type=\"text\/javascript\">\n        !function(f,b,e,v,n,t,s)\n        {if(f.fbq)return;n=f.fbq=function(){n.callMethod?\n        n.callMethod.apply(n,arguments):n.queue.push(arguments)};\n        if(!f._fbq)f._fbq=n;n.push=n;n.loaded=!0;n.version='2.0';\n        n.queue=[];t=b.createElement(e);t.async=!0;\n        t.src=v;s=b.getElementsByTagName(e)[0];\n        s.parentNode.insertBefore(t,s)}(window, document,'script',\n        'https:\/\/connect.facebook.net\/en_US\/fbevents.js');\n        fbq('init', '492459597522335');\n        fbq('track', 'PageView');\n    <\/script><\/p>\n","protected":false},"excerpt":{"rendered":"<p>El ministro de Econom\u00eda, Luis Caputo, respondi\u00f3 este mi\u00e9rcoles a las cr\u00edticas que lanzaron referentes de la Uni\u00f3n Industrial Argentina (UIA) contra el rumbo econ\u00f3mico y defendi\u00f3 la apertura comercial impulsada por el Gobierno. Reconoci\u00f3 que el nuevo escenario genera dificultades diferentes entre los sectores, pero sostuvo que su responsabilidad es representar al conjunto de [&hellip;]<\/p>\n","protected":false},"author":2,"featured_media":241613,"comment_status":"closed","ping_status":"closed","sticky":false,"template":"","format":"standard","meta":{"footnotes":""},"categories":[28],"tags":[],"class_list":["post-241612","post","type-post","status-publish","format-standard","has-post-thumbnail","hentry","category-economia"],"_links":{"self":[{"href":"https:\/\/radioacuariofm.com.ar\/index.php?rest_route=\/wp\/v2\/posts\/241612","targetHints":{"allow":["GET"]}}],"collection":[{"href":"https:\/\/radioacuariofm.com.ar\/index.php?rest_route=\/wp\/v2\/posts"}],"about":[{"href":"https:\/\/radioacuariofm.com.ar\/index.php?rest_route=\/wp\/v2\/types\/post"}],"author":[{"embeddable":true,"href":"https:\/\/radioacuariofm.com.ar\/index.php?rest_route=\/wp\/v2\/users\/2"}],"replies":[{"embeddable":true,"href":"https:\/\/radioacuariofm.com.ar\/index.php?rest_route=%2Fwp%2Fv2%2Fcomments&post=241612"}],"version-history":[{"count":1,"href":"https:\/\/radioacuariofm.com.ar\/index.php?rest_route=\/wp\/v2\/posts\/241612\/revisions"}],"predecessor-version":[{"id":241614,"href":"https:\/\/radioacuariofm.com.ar\/index.php?rest_route=\/wp\/v2\/posts\/241612\/revisions\/241614"}],"wp:featuredmedia":[{"embeddable":true,"href":"https:\/\/radioacuariofm.com.ar\/index.php?rest_route=\/wp\/v2\/media\/241613"}],"wp:attachment":[{"href":"https:\/\/radioacuariofm.com.ar\/index.php?rest_route=%2Fwp%2Fv2%2Fmedia&parent=241612"}],"wp:term":[{"taxonomy":"category","embeddable":true,"href":"https:\/\/radioacuariofm.com.ar\/index.php?rest_route=%2Fwp%2Fv2%2Fcategories&post=241612"},{"taxonomy":"post_tag","embeddable":true,"href":"https:\/\/radioacuariofm.com.ar\/index.php?rest_route=%2Fwp%2Fv2%2Ftags&post=241612"}],"curies":[{"name":"wp","href":"https:\/\/api.w.org\/{rel}","templated":true}]}}