{"id":241609,"date":"2026-09-02T16:40:51","date_gmt":"2026-09-02T19:40:51","guid":{"rendered":"https:\/\/radioacuariofm.com.ar\/?p=241609"},"modified":"2026-09-02T16:40:53","modified_gmt":"2026-09-02T19:40:53","slug":"martin-rappallini-la-economia-no-puede-medirse-solamente-por-la-evolucion-de-la-inflacion","status":"publish","type":"post","link":"https:\/\/radioacuariofm.com.ar\/?p=241609","title":{"rendered":"Mart\u00edn Rappallini: \u201cLa econom\u00eda no puede medirse solamente por la evoluci\u00f3n de la inflaci\u00f3n\u201d"},"content":{"rendered":"<p><\/p>\n<div>\n<p class=\"com-paragraph --capital --s\">La Uni\u00f3n Industrial Argentina (UIA) eligi\u00f3 este a\u00f1o una planta farmac\u00e9utica para celebrar el <strong>D\u00eda de la Industria<\/strong>. En el auditorio de Laboratorio Elea no hubo funcionarios de primera l\u00ednea del Gobierno, y el discurso de su presidente, <strong>Mart\u00edn Rappallini<\/strong>, gir\u00f3 alrededor de una palabra: puente.<\/p>\n<p class=\"com-paragraph --s\">\u201cEl sector industrial, la UIA, pide un puente. <strong>Un puente entre la econom\u00eda que estamos dejando atr\u00e1s y la econom\u00eda competitiva que queremos construir<\/strong>\u201d, dijo el titular de la central fabril, que enumer\u00f3 siete puntos para acompa\u00f1ar la transici\u00f3n hacia una econom\u00eda abierta y estabilizada.<\/p>\n<p class=\"com-paragraph --s\">Rappallini empez\u00f3 por explicar la elecci\u00f3n del lugar, cuyo due\u00f1o es Hugo Sigman. La industria farmac\u00e9utica invierte m\u00e1s de US$300 millones anuales, emplea a m\u00e1s de 48.000 personas de manera directa y a 120.000 de forma indirecta, produce medicamentos por unos US$19.000 millones y <strong>exporta m\u00e1s de US$1500 millones al a\u00f1o<\/strong>, seg\u00fan los datos que aport\u00f3. Lo escuchaba en primera fila Pablo Lavigne, secretario de Coordinaci\u00f3n de Producci\u00f3n del Ministerio de Econom\u00eda.<\/p>\n<p class=\"com-paragraph --s\">El diagn\u00f3stico sobre el presente fue menos amable. <strong>La producci\u00f3n se ubica un 10% por debajo de los niveles de 2022<\/strong>, con sectores que registran ca\u00eddas de entre 25% y 30%. Desde agosto de 2023,<strong> la industria perdi\u00f3 90.000 puestos de trabajo asalariados registrados<\/strong>. Rappallini describi\u00f3 el momento como un \u201ctriple desaf\u00edo\u201d: recuperar actividad, adaptarse a una competencia internacional m\u00e1s agresiva y reducir los costos internos.<\/p>\n<div class=\"content-media\">\n<section role=\"button\" class=\"mod-media   \">\n<figure role=\"button\" tabindex=\"0\" class=\"mod-figure \"><figcaption class=\"mod-figcaption\"><span class=\"com-text --caption --twoxs\">El presidente de la central fabril expuso que la producci\u00f3n est\u00e1 10% por debajo de 2022 y que los precios industriales subieron 140% en dos a\u00f1os, frente a 400% de los servicios; reclam\u00f3 cr\u00e9dito, baja de impuestos y alivio en las tarifas de gas y electricidad<\/span><span class=\"com-text --credit --twoxs\">UIA<\/span><\/figcaption><\/figure>\n<\/section>\n<\/div>\n<p class=\"com-paragraph --s\">Tambi\u00e9n reclam\u00f3 que se reconozca el aporte del sector al programa de desinflaci\u00f3n. En los \u00faltimos dos a\u00f1os, mientras los servicios aumentaron alrededor de 400% y el nivel general de precios cerca de 190%, <strong>los valores industriales crecieron 140%<\/strong>. <mark class=\"hl_underline\">\u201cLa industria le est\u00e1 poniendo el hombro en la estabilizaci\u00f3n\u201d, afirm\u00f3.<\/mark><\/p>\n<p><h2 class=\"font-primary font-w-bold text-subheading-lg text-left container-center-100 mb-8\"><span>Los siete puntos<\/span><\/h2>\n<\/p>\n<p class=\"com-paragraph --s\">El primer eje es la actividad y el cr\u00e9dito. <mark class=\"hl_underline\">\u201cLa econom\u00eda no puede medirse solamente por la evoluci\u00f3n de la inflaci\u00f3n\u201d<\/mark>, plante\u00f3, y pidi\u00f3 instrumentos que sostengan la actividad sin comprometer el orden fiscal, con eje en la reconstrucci\u00f3n del cr\u00e9dito para capital de trabajo, inversi\u00f3n, vivienda y consumo.<\/p>\n<p class=\"com-paragraph --s\">El segundo es el costo argentino. All\u00ed la UIA propone un Pacto Fiscal Industrial Federal que comprometa a la Naci\u00f3n, las provincias y los municipios <strong>a reducir de manera gradual y coordinada la carga sobre la producci\u00f3n<\/strong>, como Ingresos Brutos, Sellos, tasas municipales, el impuesto al cheque y la carga sobre la renta empresarial. Un informe que cit\u00f3 ubica a<strong> la Argentina al tope del ranking mundial de presi\u00f3n fiscal sobre el sector formal<\/strong>, con una carga del 56%. <\/p>\n<div class=\"content-media\">\n<section role=\"button\" class=\"mod-media   \">\n<figure role=\"button\" tabindex=\"0\" class=\"mod-figure \"><figcaption class=\"mod-figcaption\"><span class=\"com-text --caption --twoxs\">Mart\u00edn Rappallini: \u201cNo debe ser el Estado quien determine qu\u00e9 sectores tienen futuro en la Argentina y cu\u00e1les no\u201d<\/span><span class=\"com-text --credit --twoxs\">UIA<\/span><\/figcaption><\/figure>\n<\/section>\n<\/div>\n<p class=\"com-paragraph --s\">Rappallini respald\u00f3 el RIGI y el S\u00faper RIGI \u2014\u201cgeneran condiciones competitivas para que las grandes inversiones puedan desarrollarse\u201d\u2014 y pidi\u00f3 extender ese principio al resto del entramado fabril. <mark class=\"hl_underline\">\u201cNo debe ser el Estado quien determine qu\u00e9 sectores tienen futuro en la Argentina y cu\u00e1les no\u201d<\/mark>, agreg\u00f3.<\/p>\n<p class=\"com-paragraph --s\">El tercer punto es la competencia desleal. En algunos sectores, los productos que ingresan por circuitos irregulares <strong>ya representan entre el 30% y el 50% del mercado<\/strong>, sostuvo, y sum\u00f3 la subfacturaci\u00f3n, la informalidad y las diferencias en las exigencias de calidad entre importados y nacionales. \u201cEsto lejos est\u00e1 de ser libre mercado\u201d, dijo.<\/p>\n<p class=\"com-paragraph --s\">El cuarto es la energ\u00eda. Rappallini pidi\u00f3 <strong>que Vaca Muerta funcione tambi\u00e9n como plataforma para exportar producci\u00f3n industrial y no solo energ\u00eda<\/strong>, y describi\u00f3 el impacto de las tarifas: muchas empresas, en particular pymes, recibieron facturas de gas y electricidad que se multiplicaron por tres y hasta por cinco. Lo atribuy\u00f3 a la decisi\u00f3n oficial de trasladar a la industria el diferencial del costo de importaci\u00f3n y reclam\u00f3 un mecanismo de acompa\u00f1amiento. \u201cSeguimos aguardando una respuesta\u201d, indic\u00f3.<\/p>\n<p class=\"com-paragraph --s\">Los tres ejes restantes son <strong>la morosidad<\/strong> \u2014con pedidos de reprogramaci\u00f3n de deudas bancarias y fiscales, suspensi\u00f3n de embargos y devoluci\u00f3n acelerada de saldos a favor\u2014, <strong>la infraestructura y la modernizaci\u00f3n laboral<\/strong>. Sobre este \u00faltimo \u00edtem, valor\u00f3 la nueva legislaci\u00f3n como \u201cun punto de partida\u201d y puso el foco en la actualizaci\u00f3n de convenios colectivos y en la reducci\u00f3n de la litigiosidad.<\/p>\n<p class=\"com-paragraph --s\">El cierre tuvo una referencia al clima pol\u00edtico. \u201c<mark class=\"hl_underline\">Debemos dejar atr\u00e1s las descalificaciones y las agresiones hacia quienes producen<\/mark>. Podemos tener diferencias, incluso debatir qu\u00e9 pol\u00edticas necesita la Argentina, pero el respeto tiene que ser parte fundamental de nuestra convivencia democr\u00e1tica\u201d, dijo, antes de recordar que <strong>la industria representa cerca del 18% del PBI, el 20% del empleo y el 30% de la recaudaci\u00f3n<\/strong>.<\/p>\n<p class=\"com-paragraph --s\">\u201cLa discusi\u00f3n industrial no es una discusi\u00f3n sectorial. Lo que hoy estamos discutiendo es qu\u00e9 pa\u00eds construimos para los pr\u00f3ximos 30 a\u00f1os\u201d, concluy\u00f3.<\/p>\n<section class=\"container-center-100 mb-40 border border-bottom border-thin border-neutral-light-700\">\n<hr\/>\n<\/section>\n<\/div>\n<p><script id=\"facebookpixel\" defer=\"\" type=\"text\/javascript\">\n        !function(f,b,e,v,n,t,s)\n        {if(f.fbq)return;n=f.fbq=function(){n.callMethod?\n        n.callMethod.apply(n,arguments):n.queue.push(arguments)};\n        if(!f._fbq)f._fbq=n;n.push=n;n.loaded=!0;n.version='2.0';\n        n.queue=[];t=b.createElement(e);t.async=!0;\n        t.src=v;s=b.getElementsByTagName(e)[0];\n        s.parentNode.insertBefore(t,s)}(window, document,'script',\n        'https:\/\/connect.facebook.net\/en_US\/fbevents.js');\n        fbq('init', '492459597522335');\n        fbq('track', 'PageView');\n    <\/script><\/p>\n","protected":false},"excerpt":{"rendered":"<p>La Uni\u00f3n Industrial Argentina (UIA) eligi\u00f3 este a\u00f1o una planta farmac\u00e9utica para celebrar el D\u00eda de la Industria. En el auditorio de Laboratorio Elea no hubo funcionarios de primera l\u00ednea del Gobierno, y el discurso de su presidente, Mart\u00edn Rappallini, gir\u00f3 alrededor de una palabra: puente. \u201cEl sector industrial, la UIA, pide un puente. Un [&hellip;]<\/p>\n","protected":false},"author":2,"featured_media":241610,"comment_status":"closed","ping_status":"closed","sticky":false,"template":"","format":"standard","meta":{"footnotes":""},"categories":[28],"tags":[],"class_list":["post-241609","post","type-post","status-publish","format-standard","has-post-thumbnail","hentry","category-economia"],"_links":{"self":[{"href":"https:\/\/radioacuariofm.com.ar\/index.php?rest_route=\/wp\/v2\/posts\/241609","targetHints":{"allow":["GET"]}}],"collection":[{"href":"https:\/\/radioacuariofm.com.ar\/index.php?rest_route=\/wp\/v2\/posts"}],"about":[{"href":"https:\/\/radioacuariofm.com.ar\/index.php?rest_route=\/wp\/v2\/types\/post"}],"author":[{"embeddable":true,"href":"https:\/\/radioacuariofm.com.ar\/index.php?rest_route=\/wp\/v2\/users\/2"}],"replies":[{"embeddable":true,"href":"https:\/\/radioacuariofm.com.ar\/index.php?rest_route=%2Fwp%2Fv2%2Fcomments&post=241609"}],"version-history":[{"count":1,"href":"https:\/\/radioacuariofm.com.ar\/index.php?rest_route=\/wp\/v2\/posts\/241609\/revisions"}],"predecessor-version":[{"id":241611,"href":"https:\/\/radioacuariofm.com.ar\/index.php?rest_route=\/wp\/v2\/posts\/241609\/revisions\/241611"}],"wp:featuredmedia":[{"embeddable":true,"href":"https:\/\/radioacuariofm.com.ar\/index.php?rest_route=\/wp\/v2\/media\/241610"}],"wp:attachment":[{"href":"https:\/\/radioacuariofm.com.ar\/index.php?rest_route=%2Fwp%2Fv2%2Fmedia&parent=241609"}],"wp:term":[{"taxonomy":"category","embeddable":true,"href":"https:\/\/radioacuariofm.com.ar\/index.php?rest_route=%2Fwp%2Fv2%2Fcategories&post=241609"},{"taxonomy":"post_tag","embeddable":true,"href":"https:\/\/radioacuariofm.com.ar\/index.php?rest_route=%2Fwp%2Fv2%2Ftags&post=241609"}],"curies":[{"name":"wp","href":"https:\/\/api.w.org\/{rel}","templated":true}]}}