{"id":241600,"date":"2026-09-02T13:35:03","date_gmt":"2026-09-02T16:35:03","guid":{"rendered":"https:\/\/radioacuariofm.com.ar\/?p=241600"},"modified":"2026-09-02T13:35:09","modified_gmt":"2026-09-02T16:35:09","slug":"la-feria-agroproductiva-vuelve-al-parque-con-mas-de-120-productores-locales","status":"publish","type":"post","link":"https:\/\/radioacuariofm.com.ar\/?p=241600","title":{"rendered":"La Feria Agroproductiva vuelve al Parque con m\u00e1s de 120 productores locales"},"content":{"rendered":"<p><\/p>\n<div>\n<p>Este s\u00e1bado 5 de septiembre, de 10 a 14 horas, se realizar\u00e1 una nueva edici\u00f3n de la Feria Agroproductiva de San Juan, en el tradicional Paseo de las Palmeras del Parque de Mayo. Desde el Ministerio de Producci\u00f3n, Trabajo e Innovaci\u00f3n, a trav\u00e9s de la Secretar\u00eda de Agricultura, Ganader\u00eda y Agroindustria, se invita a las familias sanjuaninas a participar de esta actividad que tendr\u00e1 distintas propuestas.<\/p>\n<p>En esta oportunidad, m\u00e1s de 120 productores y emprendedores sanjuaninos ofrecer\u00e1n una amplia variedad de productos elaborados y producidos en la provincia, generando un espacio de encuentro directo entre quienes producen y quienes eligen consumir local. Adem\u00e1s, durante la jornada, distintos organismos provinciales estar\u00e1n presentes acercando servicios, asesoramiento, educaci\u00f3n y actividades destinadas a toda la familia.<\/p>\n<p>El Ministerio de Salud, a trav\u00e9s del Vacunatorio M\u00f3vil, brindar\u00e1 a los visitantes la posibilidad de consultar y actualizar de manera gratuita el calendario de vacunaci\u00f3n. La Secretar\u00eda de Tr\u00e1nsito y Transporte contar\u00e1 con un stand informativo sobre la tarjeta SUBE, donde se ofrecer\u00e1 asesoramiento y se realizar\u00e1 la entrega de pl\u00e1sticos. La Direcci\u00f3n de Sanidad Vegetal, Animal y Alimentos estar\u00e1 realizando la entrega de botellas matadora para la mosca de los frutos. Aquellos que visiten el stand pueden entregar una botella descartable con tapa, y recibir una botella matadora para la mosca de los frutos, la cual incluye el atrayente y los elementos necesarios para colgarla en los frutales. Adem\u00e1s, se informar\u00e1 sobre las acciones de manejo integrado de plagas agr\u00edcolas y las herramientas de control respetuosas con el medio ambiente y la salud humana. Tambi\u00e9n se presentar\u00e1n insectos biocontroladores producidos en la BioPlanta San Juan, y se ofrecer\u00e1 a los interesados la posibilidad de conocer los procesos de cr\u00eda de estos insectos, as\u00ed como los m\u00e9todos para el control de plagas en la fruticultura.<\/p>\n<p>La jornada tambi\u00e9n contar\u00e1 con la participaci\u00f3n del Ministerio de Educaci\u00f3n, a trav\u00e9s de Escuelas Agrot\u00e9cnicas de nivel primario y secundario y Escuelas de Capacitaci\u00f3n Laboral, que compartir\u00e1n sus experiencias y propuestas con el p\u00fablico.<\/p>\n<p>La Feria Agroproductiva contin\u00faa consolid\u00e1ndose como un espacio fundamental para la promoci\u00f3n, comercializaci\u00f3n y visibilizaci\u00f3n de la producci\u00f3n sanjuanina, acompa\u00f1ando el crecimiento de peque\u00f1os y medianos productores y fortaleciendo las econom\u00edas locales.<\/p>\n<\/p><\/div>\n<p><script async defer crossorigin=\"anonymous\" src=\"https:\/\/connect.facebook.net\/es_ES\/sdk.js#xfbml=1&#038;version=v3.3\"><\/script><\/p>\n","protected":false},"excerpt":{"rendered":"<p>Este s\u00e1bado 5 de septiembre, de 10 a 14 horas, se realizar\u00e1 una nueva edici\u00f3n de la Feria Agroproductiva de San Juan, en el tradicional Paseo de las Palmeras del Parque de Mayo. Desde el Ministerio de Producci\u00f3n, Trabajo e Innovaci\u00f3n, a trav\u00e9s de la Secretar\u00eda de Agricultura, Ganader\u00eda y Agroindustria, se invita a las [&hellip;]<\/p>\n","protected":false},"author":2,"featured_media":241601,"comment_status":"closed","ping_status":"closed","sticky":false,"template":"","format":"standard","meta":{"footnotes":""},"categories":[27],"tags":[],"class_list":["post-241600","post","type-post","status-publish","format-standard","has-post-thumbnail","hentry","category-san-juan"],"_links":{"self":[{"href":"https:\/\/radioacuariofm.com.ar\/index.php?rest_route=\/wp\/v2\/posts\/241600","targetHints":{"allow":["GET"]}}],"collection":[{"href":"https:\/\/radioacuariofm.com.ar\/index.php?rest_route=\/wp\/v2\/posts"}],"about":[{"href":"https:\/\/radioacuariofm.com.ar\/index.php?rest_route=\/wp\/v2\/types\/post"}],"author":[{"embeddable":true,"href":"https:\/\/radioacuariofm.com.ar\/index.php?rest_route=\/wp\/v2\/users\/2"}],"replies":[{"embeddable":true,"href":"https:\/\/radioacuariofm.com.ar\/index.php?rest_route=%2Fwp%2Fv2%2Fcomments&post=241600"}],"version-history":[{"count":1,"href":"https:\/\/radioacuariofm.com.ar\/index.php?rest_route=\/wp\/v2\/posts\/241600\/revisions"}],"predecessor-version":[{"id":241602,"href":"https:\/\/radioacuariofm.com.ar\/index.php?rest_route=\/wp\/v2\/posts\/241600\/revisions\/241602"}],"wp:featuredmedia":[{"embeddable":true,"href":"https:\/\/radioacuariofm.com.ar\/index.php?rest_route=\/wp\/v2\/media\/241601"}],"wp:attachment":[{"href":"https:\/\/radioacuariofm.com.ar\/index.php?rest_route=%2Fwp%2Fv2%2Fmedia&parent=241600"}],"wp:term":[{"taxonomy":"category","embeddable":true,"href":"https:\/\/radioacuariofm.com.ar\/index.php?rest_route=%2Fwp%2Fv2%2Fcategories&post=241600"},{"taxonomy":"post_tag","embeddable":true,"href":"https:\/\/radioacuariofm.com.ar\/index.php?rest_route=%2Fwp%2Fv2%2Ftags&post=241600"}],"curies":[{"name":"wp","href":"https:\/\/api.w.org\/{rel}","templated":true}]}}