{"id":241594,"date":"2026-09-02T12:36:56","date_gmt":"2026-09-02T15:36:56","guid":{"rendered":"https:\/\/radioacuariofm.com.ar\/?p=241594"},"modified":"2026-09-02T12:36:58","modified_gmt":"2026-09-02T15:36:58","slug":"mercado-libre-invierte-us128-millones-en-uruguay-y-amplia-su-capacidad-logistica","status":"publish","type":"post","link":"https:\/\/radioacuariofm.com.ar\/?p=241594","title":{"rendered":"Mercado Libre invierte US$12,8 millones en Uruguay y ampl\u00eda su capacidad log\u00edstica"},"content":{"rendered":"<p><\/p>\n<div>\n<p class=\"com-paragraph --s text-left\"><strong>Mercado Libre ampl\u00eda su operaci\u00f3n en Uruguay. El unicornio argentino creado por Marcos Galperin anunci\u00f3 una nueva inversi\u00f3n de US$12,8 millones <\/strong>en aquel pa\u00eds, destinada a ampliar su infraestructura corporativa y log\u00edstica. <\/p>\n<p class=\"com-paragraph --s text-left\">El desembolso se divide en dos proyectos. Por un lado, la compa\u00f1\u00eda destin\u00f3 <strong>US$8,8 millones a sus nuevas oficinas.<\/strong> La compa\u00f1\u00eda inaugur\u00f3 oficialmente un nuevo espacio en Cosmos Tower, en Canelones, donde ocupar\u00e1 cuatro pisos. En esta primera etapa, los niveles 13, 14 y 15 suman 3000 metros cuadrados y 316 puestos operativos. En la segunda etapa, prevista para el \u00faltimo trimestre de 2027, incorporar\u00e1 el piso 12 con 1000 metros cuadrados y 126 puestos adicionales, llevando la capacidad total a 4000 metros cuadrados y 442 puestos operativos al cierre del proyecto -frente a los 2000 metros cuadrados y 231 puestos actuales en el World Trade Center.<\/p>\n<p class=\"com-paragraph --s text-left\">Por otro lado, desde la empresa anunciaron que invertir\u00e1n <strong>US$4 millones en la ampliaci\u00f3n de su dep\u00f3sito de \u00faltima milla <\/strong>en el departamento de Canelones, con el objetivo de triplicar su tama\u00f1o -de 4000 a 12.000 metros cuadrados-, ampliar su capacidad log\u00edstica y hacer los env\u00edos m\u00e1s r\u00e1pidos. Seg\u00fan precisaron, esa expansi\u00f3n permitir\u00e1 sumar m\u00e1s de 100 puestos entre equipo directo y conductores asociados en los pr\u00f3ximos dos a\u00f1os.<\/p>\n<p class=\"com-paragraph --s text-left\">Los anuncios fueron realizados ayer, durante la inauguraci\u00f3n oficial de la nueva sede, que cont\u00f3 con la presencia del presidente uruguayo, Yamand\u00fa Orsi, y el intendente de Canelones, Francisco Legnani, entre otras autoridades.<\/p>\n<div class=\"content-media\">\n<section role=\"button\" class=\"mod-media   \">\n<figure role=\"button\" tabindex=\"0\" class=\"mod-figure \"><figcaption class=\"mod-figcaption\"><span class=\"com-text --caption --twoxs\">La compa\u00f1\u00eda inaugur\u00f3 nuevas oficinas en Montevideo y anunci\u00f3 que triplicar\u00e1 el tama\u00f1o de su centro de \u00faltima milla<\/span><span class=\"com-text --credit --twoxs\">Mercadolibre<\/span><\/figcaption><\/figure>\n<\/section>\n<\/div>\n<p class=\"com-paragraph --s text-left\"><mark class=\"hl_underline\">\u201cUruguay sigue siendo un lugar donde Mercado Libre decide invertir, y esta semana lo mostramos con hechos concretos\u201d<\/mark>, se\u00f1al\u00f3 Diego Gamba, country manager de Mercado Libre en Uruguay, en una publicaci\u00f3n en LinkedIn.<\/p>\n<p class=\"com-paragraph --s text-left\">La inversi\u00f3n se produce en un mercado en el que Mercado Libre ya opera desde hace m\u00e1s de una d\u00e9cada. \u201cLos dos anuncios apuntan a seguir creciendo en Uruguay donde hoy somos 1800 personas, construyendo la plataforma de comercio electr\u00f3nico y servicios financieros que millones de personas usan todos los d\u00edas en Am\u00e9rica Latina, indic\u00f3 Osvaldo Gim\u00e9nez, presidente de Fintech de Mercado Libre, en otra publicaci\u00f3n en LinkedIn.<\/p>\n<p class=\"com-paragraph --s text-left\">El movimiento se suma a los distintos desembolsos que Mercado Libre viene realizando en<strong> infraestructura, tecnolog\u00eda y log\u00edstica<\/strong> en los mercados donde opera. A principios de este a\u00f1o, <a href=\"https:\/\/www.lanacion.com.ar\/economia\/negocios\/plan-2026-mercado-libre-invertira-us3400-millones-y-tomara-1900-empleados-en-la-argentina-nid11032026\/\" target=\"_self\" title=\"https:\/\/www.lanacion.com.ar\/economia\/negocios\/plan-2026-mercado-libre-invertira-us3400-millones-y-tomara-1900-empleados-en-la-argentina-nid11032026\/\" class=\"com-link break-word\" data-mrf-recirculation=\"n_link_parrafo\">la compa\u00f1\u00eda hab\u00eda anticipado que en 2026 invertir\u00eda US$3400 millones<\/a> para expandir su operaci\u00f3n log\u00edstica, fortalecer su plataforma de comercio electr\u00f3nico y profundizar el desarrollo de su ecosistema fintech en la Argentina. Como parte del plan, la compa\u00f1\u00eda se\u00f1al\u00f3 que prev\u00e9 incorporar 1900 nuevos empleados en distintas \u00e1reas estrat\u00e9gicas, en una apuesta por consolidar su crecimiento en el pa\u00eds.<\/p>\n<p><h2 class=\"font-primary font-w-bold text-subheading-lg text-left container-center-100 mb-8\"><span>Compresi\u00f3n de m\u00e1rgenes y apuesta a largo plazo<\/span><\/h2>\n<\/p>\n<p class=\"com-paragraph --s text-left\">En su <a href=\"https:\/\/www.lanacion.com.ar\/economia\/negocios\/mercado-libre-tras-la-presentacion-de-resultados-la-accion-cae-en-la-bolsa-de-nueva-york-nid05082026\/\" target=\"_self\" title=\"https:\/\/www.lanacion.com.ar\/economia\/negocios\/mercado-libre-tras-la-presentacion-de-resultados-la-accion-cae-en-la-bolsa-de-nueva-york-nid05082026\/\" class=\"com-link break-word\" data-mrf-recirculation=\"n_link_parrafo\">balance financiero relativo al segundo trimestre del a\u00f1o<\/a>, Mercado Libre report\u00f3, por primera vez, i<strong>ngresos netos superiores a los 10 d\u00edgitos en un solo trimestre. <\/strong>En el per\u00edodo que va de abril a junio, la compa\u00f1\u00eda factur\u00f3 US$10.169 millones, lo que representa un salto del 50% interanual y el ritmo de expansi\u00f3n m\u00e1s acelerado de los \u00faltimos cuatro a\u00f1os.<\/p>\n<p class=\"com-paragraph --s text-left\">Asimismo, de acuerdo con el balance, la compa\u00f1\u00eda alcanz\u00f3 un resultado operativo de US$683 millones, con un margen del 6,7%, y una utilidad neta de US$466 millones, lo que representa un margen del 4,6%.<\/p>\n<p class=\"com-paragraph --s text-left\"><mark class=\"hl_underline\"><strong>Se trata de datos que, si bien son positivos, contrastan y reflejan un descenso respecto del per\u00edodo anterior<\/strong><\/mark>. En el primer trimestre del a\u00f1o, la compa\u00f1\u00eda hab\u00eda alcanzado un resultado operativo de US$611 millones, con un margen de 6,9%, y una utilidad neta de US$417 millones, con un margen de 4,7%.<\/p>\n<p class=\"com-paragraph --s text-left\">Seg\u00fan explicaron desde la firma, estos n\u00fameros se dan en un marco de <strong>priorizaci\u00f3n de inversiones estrat\u00e9gicas a largo plazo<\/strong>, como el programa de lealtad MELI+, el env\u00edo gratuito y la expansi\u00f3n de su cartera de cr\u00e9dito, por sobre la rentabilidad inmediata.<\/p>\n<p class=\"com-paragraph --s text-left\">\u201c<strong>Seguimos ajustando los par\u00e1metros de una manera que prioriza la creaci\u00f3n de valor a largo plazo sobre la rentabilidad a corto plazo<\/strong>, una compensaci\u00f3n que hacemos con cuidado y solo donde vemos evidencia clara de la rentabilidad que vendr\u00e1 despu\u00e9s\u201d, indicaron desde Mercado Libre en la carta a sus <em>stakeholders<\/em>.<\/p>\n<p class=\"com-paragraph --s text-left\">Ya en la presentaci\u00f3n de los <a href=\"https:\/\/www.lanacion.com.ar\/economia\/negocios\/mercado-libre-tras-la-presentacion-de-resultados-su-accion-cae-en-la-bolsa-de-nueva-york-nid08052026\/\" target=\"_self\" title=\"https:\/\/www.lanacion.com.ar\/economia\/negocios\/mercado-libre-tras-la-presentacion-de-resultados-su-accion-cae-en-la-bolsa-de-nueva-york-nid08052026\/\" class=\"com-link break-word\" data-mrf-recirculation=\"n_link_parrafo\">resultados del primer trimestre<\/a>, la compa\u00f1\u00eda hab\u00eda exhibido una compresi\u00f3n del margen operativo y un <em>cash flow<\/em> negativo. Y de acuerdo con los analistas, esto motiv\u00f3 tambi\u00e9n una ca\u00edda en el precio de su acci\u00f3n, que super\u00f3 el 10% en el d\u00eda, y que reci\u00e9n en julio recuper\u00f3 los niveles previos.<\/p>\n<section class=\"container-center-100 mb-40 border border-bottom border-thin border-neutral-light-700\">\n<hr\/>\n<\/section>\n<\/div>\n<p><script id=\"facebookpixel\" defer=\"\" type=\"text\/javascript\">\n        !function(f,b,e,v,n,t,s)\n        {if(f.fbq)return;n=f.fbq=function(){n.callMethod?\n        n.callMethod.apply(n,arguments):n.queue.push(arguments)};\n        if(!f._fbq)f._fbq=n;n.push=n;n.loaded=!0;n.version='2.0';\n        n.queue=[];t=b.createElement(e);t.async=!0;\n        t.src=v;s=b.getElementsByTagName(e)[0];\n        s.parentNode.insertBefore(t,s)}(window, document,'script',\n        'https:\/\/connect.facebook.net\/en_US\/fbevents.js');\n        fbq('init', '492459597522335');\n        fbq('track', 'PageView');\n    <\/script><\/p>\n","protected":false},"excerpt":{"rendered":"<p>Mercado Libre ampl\u00eda su operaci\u00f3n en Uruguay. El unicornio argentino creado por Marcos Galperin anunci\u00f3 una nueva inversi\u00f3n de US$12,8 millones en aquel pa\u00eds, destinada a ampliar su infraestructura corporativa y log\u00edstica. El desembolso se divide en dos proyectos. Por un lado, la compa\u00f1\u00eda destin\u00f3 US$8,8 millones a sus nuevas oficinas. La compa\u00f1\u00eda inaugur\u00f3 oficialmente [&hellip;]<\/p>\n","protected":false},"author":2,"featured_media":241595,"comment_status":"closed","ping_status":"closed","sticky":false,"template":"","format":"standard","meta":{"footnotes":""},"categories":[28],"tags":[],"class_list":["post-241594","post","type-post","status-publish","format-standard","has-post-thumbnail","hentry","category-economia"],"_links":{"self":[{"href":"https:\/\/radioacuariofm.com.ar\/index.php?rest_route=\/wp\/v2\/posts\/241594","targetHints":{"allow":["GET"]}}],"collection":[{"href":"https:\/\/radioacuariofm.com.ar\/index.php?rest_route=\/wp\/v2\/posts"}],"about":[{"href":"https:\/\/radioacuariofm.com.ar\/index.php?rest_route=\/wp\/v2\/types\/post"}],"author":[{"embeddable":true,"href":"https:\/\/radioacuariofm.com.ar\/index.php?rest_route=\/wp\/v2\/users\/2"}],"replies":[{"embeddable":true,"href":"https:\/\/radioacuariofm.com.ar\/index.php?rest_route=%2Fwp%2Fv2%2Fcomments&post=241594"}],"version-history":[{"count":1,"href":"https:\/\/radioacuariofm.com.ar\/index.php?rest_route=\/wp\/v2\/posts\/241594\/revisions"}],"predecessor-version":[{"id":241596,"href":"https:\/\/radioacuariofm.com.ar\/index.php?rest_route=\/wp\/v2\/posts\/241594\/revisions\/241596"}],"wp:featuredmedia":[{"embeddable":true,"href":"https:\/\/radioacuariofm.com.ar\/index.php?rest_route=\/wp\/v2\/media\/241595"}],"wp:attachment":[{"href":"https:\/\/radioacuariofm.com.ar\/index.php?rest_route=%2Fwp%2Fv2%2Fmedia&parent=241594"}],"wp:term":[{"taxonomy":"category","embeddable":true,"href":"https:\/\/radioacuariofm.com.ar\/index.php?rest_route=%2Fwp%2Fv2%2Fcategories&post=241594"},{"taxonomy":"post_tag","embeddable":true,"href":"https:\/\/radioacuariofm.com.ar\/index.php?rest_route=%2Fwp%2Fv2%2Ftags&post=241594"}],"curies":[{"name":"wp","href":"https:\/\/api.w.org\/{rel}","templated":true}]}}