{"id":241591,"date":"2026-09-02T11:50:52","date_gmt":"2026-09-02T14:50:52","guid":{"rendered":"https:\/\/radioacuariofm.com.ar\/?p=241591"},"modified":"2026-09-02T11:50:54","modified_gmt":"2026-09-02T14:50:54","slug":"el-festival-del-inmigrante-reunira-a-16-colectividades-y-representaciones-culturales","status":"publish","type":"post","link":"https:\/\/radioacuariofm.com.ar\/?p=241591","title":{"rendered":"El Festival del Inmigrante reunir\u00e1 a 16 colectividades y representaciones culturales"},"content":{"rendered":"<p><\/p>\n<div>\n<p>El Ministerio de Gobierno invita a toda la comunidad a disfrutar de una nueva edici\u00f3n del Festival del Inmigrante, una celebraci\u00f3n que pone en valor las ra\u00edces, tradiciones y expresiones culturales de las distintas comunidades que forman parte de nuestra sociedad.<\/p>\n<p>El encuentro se desarrollar\u00e1 este s\u00e1bado 5 de septiembre, de 18 a 24 horas, en el Parque de Mayo, con una propuesta pensada para disfrutar en familia y conocer la riqueza cultural que aportan las diferentes colectividades.<\/p>\n<p>Durante la jornada estar\u00e1n representadas comunidades de Venezuela, Alemania, Bolivia, Per\u00fa, Brasil, Chile, Polonia, L\u00edbano, Italia y Jap\u00f3n, adem\u00e1s de distintas representaciones vinculadas a Espa\u00f1a, Valencia, Mallorca, China y Rusia.<\/p>\n<p>La propuesta contar\u00e1 con 25 puestos gastron\u00f3micos, 22 artesanos y productores y 10 ONG, que formar\u00e1n parte del recorrido ofreciendo comidas t\u00edpicas, productos, artesan\u00edas y propuestas culturales.<\/p>\n<p>La m\u00fasica y la danza tambi\u00e9n ser\u00e1n protagonistas, con una variada grilla art\u00edstica que incluir\u00e1 flamenco espa\u00f1ol, danzas \u00e1rabes, salsa, folclore y otros ritmos representativos de las distintas culturas.<\/p>\n<p>Adem\u00e1s, el p\u00fablico podr\u00e1 recorrer y disfrutar del Mercado Artesanal y la Feria Agroproductiva, sumando producci\u00f3n local, artesan\u00edas y productos sanjuaninos a esta gran celebraci\u00f3n.<\/p>\n<h3>\u00bfC\u00f3mo llegar al Festival?<\/h3>\n<p>El acceso al predio ser\u00e1 por dos v\u00edas:<\/p>\n<ul>&#13;<\/p>\n<li>Costado este del Monumento al General San Mart\u00edn.<br \/>Paseo de las Am\u00e9ricas, con ingreso por calle Las Heras.<\/li>\n<p>&#13;\n<\/ul>\n<p>Quienes opten por utilizar el transporte p\u00fablico podr\u00e1n llegar al Parque de Mayo a trav\u00e9s de diferentes l\u00edneas de RedTulum:<\/p>\n<ul>&#13;<\/p>\n<li>Por calle San Mart\u00edn: l\u00edneas A, 123, 127, 162, 242 y 320.<\/li>\n<p>&#13;<\/p>\n<li>Por calle 25 de Mayo: l\u00edneas 100, 101, 122, 125, 126, 140, 141 y 142.<\/li>\n<p>&#13;<\/p>\n<li>Por calle Urquiza: l\u00edneas E y 127.<\/li>\n<p>&#13;<\/p>\n<li>Por calle Las Heras: l\u00edneas E, 100, 101, 102, 122, 125, 126, 127, 140, 141, 142, 300 y 405.<\/li>\n<p>&#13;\n<\/ul>\n<p>El Festival del Inmigrante ser\u00e1 una oportunidad para celebrar la diversidad, conocer nuestras ra\u00edces y encontrarnos a trav\u00e9s de las culturas que enriquecen la identidad de San Juan.<\/p>\n<p>La organizaci\u00f3n est\u00e1 a cargo de la Secretar\u00eda de Relaciones Institucionales, con el apoyo de los Ministerios de Turismo y de Producci\u00f3n.<\/p>\n<\/p><\/div>\n<p><script async defer crossorigin=\"anonymous\" src=\"https:\/\/connect.facebook.net\/es_ES\/sdk.js#xfbml=1&#038;version=v3.3\"><\/script><\/p>\n","protected":false},"excerpt":{"rendered":"<p>El Ministerio de Gobierno invita a toda la comunidad a disfrutar de una nueva edici\u00f3n del Festival del Inmigrante, una celebraci\u00f3n que pone en valor las ra\u00edces, tradiciones y expresiones culturales de las distintas comunidades que forman parte de nuestra sociedad. El encuentro se desarrollar\u00e1 este s\u00e1bado 5 de septiembre, de 18 a 24 horas, [&hellip;]<\/p>\n","protected":false},"author":2,"featured_media":241592,"comment_status":"closed","ping_status":"closed","sticky":false,"template":"","format":"standard","meta":{"footnotes":""},"categories":[27],"tags":[],"class_list":["post-241591","post","type-post","status-publish","format-standard","has-post-thumbnail","hentry","category-san-juan"],"_links":{"self":[{"href":"https:\/\/radioacuariofm.com.ar\/index.php?rest_route=\/wp\/v2\/posts\/241591","targetHints":{"allow":["GET"]}}],"collection":[{"href":"https:\/\/radioacuariofm.com.ar\/index.php?rest_route=\/wp\/v2\/posts"}],"about":[{"href":"https:\/\/radioacuariofm.com.ar\/index.php?rest_route=\/wp\/v2\/types\/post"}],"author":[{"embeddable":true,"href":"https:\/\/radioacuariofm.com.ar\/index.php?rest_route=\/wp\/v2\/users\/2"}],"replies":[{"embeddable":true,"href":"https:\/\/radioacuariofm.com.ar\/index.php?rest_route=%2Fwp%2Fv2%2Fcomments&post=241591"}],"version-history":[{"count":1,"href":"https:\/\/radioacuariofm.com.ar\/index.php?rest_route=\/wp\/v2\/posts\/241591\/revisions"}],"predecessor-version":[{"id":241593,"href":"https:\/\/radioacuariofm.com.ar\/index.php?rest_route=\/wp\/v2\/posts\/241591\/revisions\/241593"}],"wp:featuredmedia":[{"embeddable":true,"href":"https:\/\/radioacuariofm.com.ar\/index.php?rest_route=\/wp\/v2\/media\/241592"}],"wp:attachment":[{"href":"https:\/\/radioacuariofm.com.ar\/index.php?rest_route=%2Fwp%2Fv2%2Fmedia&parent=241591"}],"wp:term":[{"taxonomy":"category","embeddable":true,"href":"https:\/\/radioacuariofm.com.ar\/index.php?rest_route=%2Fwp%2Fv2%2Fcategories&post=241591"},{"taxonomy":"post_tag","embeddable":true,"href":"https:\/\/radioacuariofm.com.ar\/index.php?rest_route=%2Fwp%2Fv2%2Ftags&post=241591"}],"curies":[{"name":"wp","href":"https:\/\/api.w.org\/{rel}","templated":true}]}}