{"id":241589,"date":"2026-09-02T11:36:06","date_gmt":"2026-09-02T14:36:06","guid":{"rendered":"https:\/\/radioacuariofm.com.ar\/?p=241589"},"modified":"2026-09-02T11:36:08","modified_gmt":"2026-09-02T14:36:08","slug":"caputo-sobre-2027-tenemos-mucha-mas-municion-en-lo-cambiario","status":"publish","type":"post","link":"https:\/\/radioacuariofm.com.ar\/?p=241589","title":{"rendered":"Caputo, sobre 2027: \u201cTenemos mucha m\u00e1s munici\u00f3n en lo cambiario\u201d"},"content":{"rendered":"<p><\/p>\n<div>\n<p class=\"com-paragraph --capital --s text-left\">ASHEVILLE, Carolina del Norte.- El ministro de Econom\u00eda,<strong> Luis Caputo<\/strong>, se mostr\u00f3 exultante tras su participaci\u00f3n en la <a href=\"https:\/\/www.lanacion.com.ar\/economia\/tras-los-elogios-de-bessent-al-gobierno-caputo-se-reunio-con-el-secretario-del-tesoro-en-la-cumbre-nid01092026\/\" target=\"_self\" title=\"https:\/\/www.lanacion.com.ar\/economia\/tras-los-elogios-de-bessent-al-gobierno-caputo-se-reunio-con-el-secretario-del-tesoro-en-la-cumbre-nid01092026\/\" class=\"com-link break-word\" data-mrf-recirculation=\"n_link_parrafo\">cumbre del G-20 en esta ciudad<\/a>. Mantuvo una reuni\u00f3n <strong>\u201cbuen\u00edsima\u201d<\/strong> con el <strong>secretario del Tesoro<\/strong>, <strong>Scott Bessent<\/strong>, cosech\u00f3 nuevos elogios de <strong>Kristalina Georgieva<\/strong>, asegur\u00f3 que <strong>ni en la administraci\u00f3n de Donald<\/strong> <strong>Trump<\/strong> <strong>ni en el Fondo Monetario Internacional (FMI) existen inquietudes <\/strong>sobre la marcha del programa econ\u00f3mico, y afirm\u00f3 que <strong>cumplir\u00e1n \u201csin problemas\u201d las metas<\/strong> pautadas con el organismo multilateral. <\/p>\n<p class=\"com-paragraph --s\"><mark class=\"hl_underline\">\u201cRealmente, ellos no tienen ninguna preocupaci\u00f3n. En Estados Unidos son mucho m\u00e1s optimistas, desde el Tesoro y el Fondo\u201d,<\/mark><strong> <\/strong>expres\u00f3 Caputo<strong> <\/strong>en una entrevista con <strong>LA NACION<\/strong> durante el encuentro de dos d\u00edas en Asheville, en el que particip\u00f3 de diversas sesiones junto al equipo econ\u00f3mico. En sentido, sostuvo que tampoco recibi\u00f3 consultas sobre la morosidad, que volvi\u00f3 a subir en julio.<\/p>\n<p class=\"com-paragraph --s\">Adem\u00e1s, durante el di\u00e1logo el martes por la tarde en el Omni Grove Park Inn, un emblem\u00e1tico hotel y <em>resort <\/em>con espectaculares vistas a las monta\u00f1as de la Blue Ridge, el ministro confi\u00f3 en que un eventual traspi\u00e9 del Partido Republicano en las elecciones de medio t\u00e9rmino el 3 de noviembre no comprometer\u00eda el fuerte respaldo de la administraci\u00f3n de Donald Trump al Gobierno. <strong>\u201cEl compromiso que tienen con nosotros es muy alto\u201d<\/strong>, remarc\u00f3.<\/p>\n<div class=\"content-media\">\n<section role=\"button\" class=\"mod-media   \">\n<figure role=\"button\" tabindex=\"0\" class=\"mod-figure \"><figcaption class=\"mod-figcaption\"><span class=\"com-text --caption --twoxs\">El secretario del Tesoro, Scott Bessent, y el ministro de Econom\u00eda, Luis Caputo, en la cumbre del G-20, en Asheville.<\/span><span class=\"com-text --credit --twoxs\">Guilermo Idiart <\/span><\/figcaption><\/figure>\n<\/section>\n<\/div>\n<p class=\"com-paragraph --s\"><strong>-\u00bfC\u00f3mo fue la reuni\u00f3n con Bessent y de qu\u00e9 conversaron?<\/strong><\/p>\n<p class=\"com-paragraph --s\">-Fue buen\u00edsima. En la cena del G-20 [el lunes] <strong>ya hab\u00edamos hablado bastante de la situaci\u00f3n en la Argentina; incluso despu\u00e9s estuvimos tambi\u00e9n un rato largo a solas.<\/strong> En la reuni\u00f3n [del martes] yo aprovech\u00e9 para preguntarle sobre temas geopol\u00edticos y c\u00f3mo ve la situaci\u00f3n global, como por ejemplo el impacto del conflicto en Medio Oriente. Estados Unidos es parte central de la soluci\u00f3n para este <em>shock <\/em>externo. En general, cuando a la Argentina la agarraba un <em>shock <\/em>externo, como la econom\u00eda en general estaba desordenada, te sacaba de la cancha. Es la primera vez que estamos enfrentando un <em>shock <\/em>externo fuert\u00edsimo \u2014no solo por la guerra, sino por las altas tasas\u2014 y estamos con una econom\u00eda creciendo, con los mercados tranquilos, con el Banco Central comprando d\u00f3lares, con la inflaci\u00f3n bajando.<\/p>\n<p class=\"com-paragraph --s\"><strong>-Si tuviera que marcar una preocupaci\u00f3n de la administraci\u00f3n Trump respecto a la Argentina tras las charlas con Bessent, \u00bfcu\u00e1l ser\u00eda?<\/strong><\/p>\n<p class=\"com-paragraph --s\">-No, cr\u00e9eme que nada.<\/p>\n<p class=\"com-paragraph --s\"><strong>-No est\u00e1n preocupados por nada, ni por inflaci\u00f3n, morosidad crediticia, d\u00e9ficit, crecimiento.<\/strong><\/p>\n<p class=\"com-paragraph --s\">-No. Tampoco el FMI. Estuvimos hablando mucho con Georgieva y con [el director general adjunto del FMI] Dan Katz. De hecho, como vieron, siempre nos ponen como ejemplos. <strong>Realmente, ellos no tienen ninguna preocupaci\u00f3n. Yo veo alguna preocupaci\u00f3n a nivel local. <\/strong>Hablo todo el tiempo con las diferentes industrias. En el \u00e1mbito privado en la Argentina, la preocupaci\u00f3n n\u00famero uno es la reelecci\u00f3n del Presidente. <mark class=\"hl_underline\">En Estados Unidos son mucho m\u00e1s optimistas, desde el Tesoro y el Fondo.<\/mark><\/p>\n<div class=\"content-media\">\n<section role=\"button\" class=\"mod-media   \">\n<figure role=\"button\" tabindex=\"0\" class=\"mod-figure \"><figcaption class=\"mod-figcaption\"><span class=\"com-text --caption --twoxs\">El ministro de Econom\u00eda, Luis Caputo, junto a la directora gerente del Fondo Monetario Internacional (FMI), Kristalina Georgieva, en la cumbre del G-20 en Asheville.<\/span><span class=\"com-text --credit --twoxs\">@LuisCaputoAR<\/span><\/figcaption><\/figure>\n<\/section>\n<\/div>\n<p class=\"com-paragraph --s\"><strong>-\u00bfY ellos le preguntan sobre, por ejemplo, los cr\u00e9ditos en mora?<\/strong><\/p>\n<p class=\"com-paragraph --s\">&#8211;<strong>No, cero. Cr\u00e9eme, ni siquiera una pregunta, nada<\/strong>. Ni Georgieva, ni Katz, ni [el presidente del Banco Mundial] Ajay Banga, ninguno.<\/p>\n<p class=\"com-paragraph --s\"><strong>-\u00bfHubo alg\u00fan tema puntual que haya charlado en la reuni\u00f3n con Georgieva? <\/strong><\/p>\n<p class=\"com-paragraph --s\">-No, tenemos un di\u00e1logo constante con Georgieva, con Katz, con Banga. Ellos est\u00e1n totalmente al tanto y siguen todo, y <strong>se sienten muy c\u00f3modos con que estamos haciendo las cosas correctas<\/strong>. Nunca nos alejamos de la meta de d\u00e9ficit, de equilibrio fiscal. La deuda sigue cayendo; la inflaci\u00f3n, bajando, y la econom\u00eda, recuper\u00e1ndose. Hoy, a nivel internacional, la Argentina es el ejemplo n\u00famero uno, como hemos visto.<\/p>\n<p class=\"com-paragraph --s\"><strong>-\u00bfDe cara a la siguiente revisi\u00f3n del acuerdo, el FMI no tiene ninguna inquietud?<\/strong><\/p>\n<p class=\"com-paragraph --s\">-No.<\/p>\n<p class=\"com-paragraph --s\"><strong>-\u00bfNo temen sobre la meta de super\u00e1vit fiscal o la recaudaci\u00f3n?<\/strong><\/p>\n<p class=\"com-paragraph --s\">-No. La recaudaci\u00f3n est\u00e1 levantando. Los \u00faltimos dos meses levant\u00f3.<\/p>\n<p class=\"com-paragraph --s\"><strong>-O sea que van a cumplir las metas en la pr\u00f3xima revisi\u00f3n<\/strong> <strong>del acuerdo con el Fondo.<\/strong><\/p>\n<p class=\"com-paragraph --s\">-S\u00ed, s\u00ed. <mark class=\"hl_underline\">Vamos a estar cumpliendo las metas sin problemas.<\/mark> Adem\u00e1s, hay que tener en cuenta que en esa meta nosotros no estamos incluyendo lo que son ventas de activos. Con lo cual, <strong>si inclu\u00eds las ventas de activos, en realidad vamos a estar sobrecumpliendo c\u00f3modamente<\/strong>. Pero aun sin tener en cuenta las ventas de activos, vamos a estar cumpliendo la meta fiscal tambi\u00e9n.<\/p>\n<div class=\"content-media\">\n<section role=\"button\" class=\"mod-media   \">\n<figure role=\"button\" tabindex=\"0\" class=\"mod-figure \"><figcaption class=\"mod-figcaption\"><span class=\"com-text --caption --twoxs\">El ministro de Econom\u00eda, Luis Caputo, y el presidente del BCRA, Santiago Bausili, en la cumbre del G-20 en Asheville, Carolina del Norte.<\/span><span class=\"com-text --credit --twoxs\">Guillermo Idiart<\/span><\/figcaption><\/figure>\n<\/section>\n<\/div>\n<p class=\"com-paragraph --s\"><strong>-El a\u00f1o pasado se habl\u00f3 de que un grupo de bancos pod\u00eda generar una especie de hipercr\u00e9dito para la Argentina con la garant\u00eda del Tesoro. Luego se cre\u00f3 otro mecanismo, que fue la garant\u00eda de los multilaterales. Aquella estrategia que finalmente no funcion\u00f3, \u00bfcree que el a\u00f1o que viene puede retomarse?<\/strong><\/p>\n<p class=\"com-paragraph --s\">-No es que no funcion\u00f3, sino que <mark class=\"hl_underline\">pas\u00f3 a no ser necesaria, porque terminamos haciendo el <\/mark><mark class=\"hl_underline\"><em>swap <\/em><\/mark><mark class=\"hl_underline\">[con Estados Unidos]<\/mark>. Y despu\u00e9s se dio este acuerdo de garant\u00edas [con el Banco Mundial, el Banco Interamericano de Desarrollo y el Banco de Desarrollo de Am\u00e9rica Latina y el Caribe]. No fue necesario. Hoy la situaci\u00f3n con respecto al a\u00f1o pasado es bien diferente, desde lo econ\u00f3mico y desde lo pol\u00edtico. La inflaci\u00f3n sigue cayendo, las reservas han aumentado fuert\u00edsimamente, tenemos el <em>swap <\/em>con China y el <em>swap <\/em>con Estados Unidos, tenemos toda la posici\u00f3n de futuro pr\u00e1cticamente en cero. Son herramientas que la Argentina tiene hacia el a\u00f1o que viene, que algunos ven que puede ser vol\u00e1til, como siempre en un a\u00f1o electoral.<strong> <\/strong><mark class=\"hl_underline\">Por un lado, tenemos el financiamiento asegurado, y por el otro, tenemos en t\u00e9rminos de mercado de cambios much\u00edsima m\u00e1s munici\u00f3n.<\/mark><\/p>\n<p class=\"com-paragraph --s\"><strong>-O sea que ese plan no lo pondr\u00e1 en marcha, no lo tiene en tu cartera.<\/strong><\/p>\n<p class=\"com-paragraph --s\">&#8211;<mark class=\"hl_underline\">Tenemos un poder de fuego que supera largamente la base monetaria<\/mark>. Entonces, no, yo creo que no valdr\u00e1 la pena. Igual, nosotros seguimos trabajando en otras cosas, porque siempre estamos trabajando para tratar de estar siempre adelante del mercado. Y complemento esto del programa financiero y lo cambiario con la situaci\u00f3n pol\u00edtica. <strong>En 2025 tambi\u00e9n se gener\u00f3 mucho ruido, porque se hablaba de que lo pod\u00edan directamente sacar al presidente [Javier Milei]. Entonces, eso hoy ya no est\u00e1 m\u00e1s.<\/strong> Incluso las leyes que buscaban quebrar el equilibrio fiscal. Ahora hay poder de veto. Con lo cual, hay much\u00edsimas cosas que cambiaron. Cuando la gente dice: \u201cPas\u00f3 en 2025, puede pasar en 2027\u201d. No, cambi\u00f3 todo. <mark class=\"hl_underline\">Cuando ten\u00e9s el programa financiero cubierto, ten\u00e9s mucha m\u00e1s munici\u00f3n en lo cambiario.<\/mark><strong> <\/strong>Lo pol\u00edtico cambi\u00f3 absolutamente. Entonces no te pueden quebrar desde el punto de vista fiscal. Y por \u00faltimo, algo que a m\u00ed no me gusta, porque el Banco Central no est\u00e1 para eso, pero la realidad es que al sector privado le cost\u00f3 casi US$2000 millones ese intento, en algunos casos, de desestabilizaci\u00f3n. En otros casos fue simplemente gente que se asust\u00f3 y compr\u00f3. <mark class=\"hl_underline\">Lo ideal ser\u00eda que la gente entendiera que eso no es lo que pasar\u00e1 en 2027. Pero nosotros tenemos que estar preparados como si esa fuera una posibilidad.<\/mark><\/p>\n<div class=\"content-media\">\n<section role=\"button\" class=\"mod-media   \">\n<figure role=\"button\" tabindex=\"0\" class=\"mod-figure \"><figcaption class=\"mod-figcaption\"><span class=\"com-text --caption --twoxs\">El presidente Javier Milei, en el Congreso Americano de la FIA.<\/span><span class=\"com-text --credit --twoxs\">Tom\u00e1s Cuesta<\/span><\/figcaption><\/figure>\n<\/section>\n<\/div>\n<p class=\"com-paragraph --s\"><strong>-Respecto de las elecciones de medio t\u00e9rmino de noviembre en Estados Unidos, \u00bftemen que, en caso de que los republicanos perdieran una de las c\u00e1maras del Congreso o ambas, eso pudiera repercutir en el fuerte respaldo de la administraci\u00f3n Trump a la Argentina?<\/strong><\/p>\n<p class=\"com-paragraph --s\">-Es una buena pregunta. <mark class=\"hl_underline\">No lo creo, porque el compromiso que tienen con nosotros es muy alto.<\/mark> Es una pregunta que tiene sentido, porque no solo es la elecci\u00f3n de Estados Unidos, tambi\u00e9n es la elecci\u00f3n en Brasil, y alguno puede decir: \u201cBueno, si los vientos cambian&#8230;\u201d. No lo veo, la verdad. Ellos tienen un compromiso ideol\u00f3gico y ven en la Argentina un aliado, y mientras est\u00e9n ellos, no creo que nada cambie.<\/p>\n<p class=\"com-paragraph --s\"><strong>-Y en la hip\u00f3tesis de que la administraci\u00f3n Trump pierda las dos c\u00e1maras o una, y finalmente Eduardo Bolsonaro derrotara a Lula da Silva, lo que generar\u00eda un alineamiento ideol\u00f3gico entre Brasil y Estados Unidos, \u00bfle preocupa que pueda desplazarse el inter\u00e9s hacia la Argentina?<\/strong><\/p>\n<p class=\"com-paragraph --s\">-No, porque en el fondo nosotros con Brasil, m\u00e1s all\u00e1 de la diferencia ideol\u00f3gica, en lo que respecta a la relaci\u00f3n comercial, sigue sus cursos normales. M\u00e1s all\u00e1 de que gane Bolsonaro o Lula. Como se\u00f1al\u00f3 Bessent, y a m\u00ed me lo dice siempre, \u00e9l ve a nuestro Presidente como el gran promotor y el gran generador de este cambio en la regi\u00f3n. \u00c9l le atribuye el m\u00e9rito a lo que se est\u00e1 viendo en Am\u00e9rica Latina. <\/p>\n<p class=\"com-paragraph --s\"><strong>-Lo que dijo Bessent en esta cumbre sobre que la Argentina \u201cest\u00e1 liderando una oportunidad hist\u00f3rica en el hemisferio occidental\u201d, \u00bfes lo que les dice a ustedes en charlas informales? <\/strong><\/p>\n<p class=\"com-paragraph --s\">-S\u00ed, absolutamente. Es lo que \u00e9l piensa. De hecho, en la cena [del lunes] sali\u00f3 en la mesa, entre todos. Creo que fue [el presidente y director ejecutivo de JP Morgan] <strong>Jamie Dimon<\/strong> quien coment\u00f3: \u201cQu\u00e9 impresionante el trabajo que est\u00e1n haciendo\u201d. Estaban tambi\u00e9n sentados all\u00ed los ministros de Francia, de Jap\u00f3n, de Italia y de Polonia. Y cuando sali\u00f3 este tema, Bessent enseguida se larg\u00f3 con todo. Y \u00e9l lo ve realmente as\u00ed, \u00e9l ve que el Presidente fue un factor clave. Bessent es muy directo, muy sincero, y dice lo que piensa, y lo que dice en las entrevistas es lo que despu\u00e9s te dice personalmente.<\/p>\n<div class=\"content-media\">\n<section role=\"button\" class=\"mod-media   \">\n<figure role=\"button\" tabindex=\"0\" class=\"mod-figure \"><figcaption class=\"mod-figcaption\"><span class=\"com-text --caption --twoxs\">El secretario del Tesoro, Scott Bessent, en la reuni\u00f3n del G-20 en Asheville, Carolina del Norte, el 1 de septiembre del 2026. <\/span><span class=\"com-text --credit --twoxs\">Gerald Herbert &#8211; AP<\/span><\/figcaption><\/figure>\n<\/section>\n<\/div>\n<p class=\"com-paragraph --s\"><strong>-\u00bfQu\u00e9 balance hace de esta cumbre del G-20?<\/strong><\/p>\n<p class=\"com-paragraph --s\">-Fue tal vez el mejor G-20 al que me haya tocado venir, porque los temas eran muy relevantes. Crecimiento, inteligencia artificial, la regulaci\u00f3n, todos los temas que realmente estamos atacando y llevando a cabo en la Argentina. Tambi\u00e9n lo diferenci\u00f3 con respecto a otros G-20, que es la primera vez que invitaron al sector privado. Eso le agreg\u00f3 valor tambi\u00e9n.<\/p>\n<p class=\"com-paragraph --s\"><strong>-\u00bfY por qu\u00e9 fue importante para la Argentina?<\/strong><\/p>\n<p class=\"com-paragraph --s\">-Lo ves en las reuniones bilaterales, en las felicitaciones; se pone muy en perspectiva lo que ha hecho el pa\u00eds. A m\u00ed me pusieron como orador principal en la sesi\u00f3n de crecimiento porque justamente una de las cosas que sorprende en el mundo es lo que se hizo en la Argentina [el ajuste] y que eso gener\u00f3 crecimiento. Y hoy eso es debate a nivel mundial, porque hay muchos pa\u00edses que tienen d\u00e9ficit y no se animan a hacer lo que hizo este gobierno. <strong>La Argentina es un <\/strong><em><strong>leading case<\/strong><\/em><strong>, absolutamente.<\/strong> Eso lo dicen todos. Lo dijo incluso Bessent. Y lo m\u00e1s importante es que se est\u00e1n sentando las bases para que esto contin\u00fae. Esto s\u00ed va a generar crecimiento de largo plazo. <mark class=\"hl_underline\">Entiendo la impaciencia de la gente que a veces quiere ver m\u00e1s resultados, m\u00e1s r\u00e1pidos, pero los resultados est\u00e1n a la vista<\/mark>. Eso es lo que m\u00e1s impacta al mundo.<\/p>\n<section class=\"container-center-100 mb-40 border border-bottom border-thin border-neutral-light-700\">\n<hr\/>\n<\/section>\n<\/div>\n<p><script id=\"facebookpixel\" defer=\"\" type=\"text\/javascript\">\n        !function(f,b,e,v,n,t,s)\n        {if(f.fbq)return;n=f.fbq=function(){n.callMethod?\n        n.callMethod.apply(n,arguments):n.queue.push(arguments)};\n        if(!f._fbq)f._fbq=n;n.push=n;n.loaded=!0;n.version='2.0';\n        n.queue=[];t=b.createElement(e);t.async=!0;\n        t.src=v;s=b.getElementsByTagName(e)[0];\n        s.parentNode.insertBefore(t,s)}(window, document,'script',\n        'https:\/\/connect.facebook.net\/en_US\/fbevents.js');\n        fbq('init', '492459597522335');\n        fbq('track', 'PageView');\n    <\/script><\/p>\n","protected":false},"excerpt":{"rendered":"<p>ASHEVILLE, Carolina del Norte.- El ministro de Econom\u00eda, Luis Caputo, se mostr\u00f3 exultante tras su participaci\u00f3n en la cumbre del G-20 en esta ciudad. Mantuvo una reuni\u00f3n \u201cbuen\u00edsima\u201d con el secretario del Tesoro, Scott Bessent, cosech\u00f3 nuevos elogios de Kristalina Georgieva, asegur\u00f3 que ni en la administraci\u00f3n de Donald Trump ni en el Fondo Monetario [&hellip;]<\/p>\n","protected":false},"author":2,"featured_media":241561,"comment_status":"closed","ping_status":"closed","sticky":false,"template":"","format":"standard","meta":{"footnotes":""},"categories":[28],"tags":[],"class_list":["post-241589","post","type-post","status-publish","format-standard","has-post-thumbnail","hentry","category-economia"],"_links":{"self":[{"href":"https:\/\/radioacuariofm.com.ar\/index.php?rest_route=\/wp\/v2\/posts\/241589","targetHints":{"allow":["GET"]}}],"collection":[{"href":"https:\/\/radioacuariofm.com.ar\/index.php?rest_route=\/wp\/v2\/posts"}],"about":[{"href":"https:\/\/radioacuariofm.com.ar\/index.php?rest_route=\/wp\/v2\/types\/post"}],"author":[{"embeddable":true,"href":"https:\/\/radioacuariofm.com.ar\/index.php?rest_route=\/wp\/v2\/users\/2"}],"replies":[{"embeddable":true,"href":"https:\/\/radioacuariofm.com.ar\/index.php?rest_route=%2Fwp%2Fv2%2Fcomments&post=241589"}],"version-history":[{"count":1,"href":"https:\/\/radioacuariofm.com.ar\/index.php?rest_route=\/wp\/v2\/posts\/241589\/revisions"}],"predecessor-version":[{"id":241590,"href":"https:\/\/radioacuariofm.com.ar\/index.php?rest_route=\/wp\/v2\/posts\/241589\/revisions\/241590"}],"wp:featuredmedia":[{"embeddable":true,"href":"https:\/\/radioacuariofm.com.ar\/index.php?rest_route=\/wp\/v2\/media\/241561"}],"wp:attachment":[{"href":"https:\/\/radioacuariofm.com.ar\/index.php?rest_route=%2Fwp%2Fv2%2Fmedia&parent=241589"}],"wp:term":[{"taxonomy":"category","embeddable":true,"href":"https:\/\/radioacuariofm.com.ar\/index.php?rest_route=%2Fwp%2Fv2%2Fcategories&post=241589"},{"taxonomy":"post_tag","embeddable":true,"href":"https:\/\/radioacuariofm.com.ar\/index.php?rest_route=%2Fwp%2Fv2%2Ftags&post=241589"}],"curies":[{"name":"wp","href":"https:\/\/api.w.org\/{rel}","templated":true}]}}