{"id":241583,"date":"2026-09-02T10:57:52","date_gmt":"2026-09-02T13:57:52","guid":{"rendered":"https:\/\/radioacuariofm.com.ar\/?p=241583"},"modified":"2026-09-02T10:57:54","modified_gmt":"2026-09-02T13:57:54","slug":"abren-las-inscripciones-para-representar-a-san-juan-en-el-festival-de-laborde","status":"publish","type":"post","link":"https:\/\/radioacuariofm.com.ar\/?p=241583","title":{"rendered":"Abren las inscripciones para representar a San Juan en el Festival de Laborde"},"content":{"rendered":"<p><\/p>\n<div>\n<p>El Ministerio de Turismo, Cultura y Deporte, a trav\u00e9s de la Secretar\u00eda de Cultura y la Direcci\u00f3n de Artes Esc\u00e9nicas, abri\u00f3 la convocatoria para participar del Pre Laborde 2027, instancia provincial de selecci\u00f3n para el Festival Nacional del Malambo.<br \/>El encuentro se realizar\u00e1 el viernes 2 de octubre, a partir de las 17, en el Comedor Juan Guti\u00e9rrez del <strong>Complejo Universitario Islas Malvinas (CUIM)<\/strong> de la<strong> Universidad Nacional de San Juan<\/strong>, ubicado en Meglioli Sur 885. La actividad tendr\u00e1 entrada libre y gratuita.<br \/>El<strong> Pre Laborde<\/strong> reunir\u00e1 a representantes de la danza y la m\u00fasica folkl\u00f3rica de la provincia que buscar\u00e1n formar parte de la delegaci\u00f3n sanjuanina en la pr\u00f3xima edici\u00f3n del reconocido festival nacional.<br \/>El Festival Nacional del Malambo constituye uno de los encuentros folkl\u00f3ricos de referencia del pa\u00eds y tiene entre sus objetivos la revalorizaci\u00f3n y difusi\u00f3n de las manifestaciones de la cultura nacional, sus danzas, su cancionero y sus costumbres. Adem\u00e1s, ocupa un lugar central en la preservaci\u00f3n y promoci\u00f3n del malambo y de sus diferentes estilos tradicionales.<br \/>Las personas interesadas en participar del selectivo provincial podr\u00e1n inscribirse hasta el viernes 18 de septiembre, a trav\u00e9s del formulario online habilitado por la organizaci\u00f3n Inscripci\u00f3n Pre Laborde 2027 <br \/>Para consultas sobre la convocatoria y las inscripciones estar\u00e1 disponible el WhatsApp 264 6272246.<br \/>La actividad se extender\u00e1 durante la tarde y la noche, de acuerdo con la cantidad de participantes inscriptos en los diferentes rubros en competencia.<br \/>El Pre Laborde 2027 es organizado por la Direcci\u00f3n de Artes Esc\u00e9nicas, dependiente de la Secretar\u00eda de Cultura del Ministerio de Turismo, Cultura y Deporte. Para mayor informaci\u00f3n tambi\u00e9n se encuentra disponible el correo <span id=\"cloak46a36cac1ca4630ff72b7608bc38d441\">Esta direcci\u00f3n de correo electr\u00f3nico est\u00e1 siendo protegida contra los robots de spam. Necesita tener JavaScript habilitado para poder verlo.<\/span>.<\/p>\n<\/p><\/div>\n<p><script async defer crossorigin=\"anonymous\" src=\"https:\/\/connect.facebook.net\/es_ES\/sdk.js#xfbml=1&#038;version=v3.3\"><\/script><\/p>\n","protected":false},"excerpt":{"rendered":"<p>El Ministerio de Turismo, Cultura y Deporte, a trav\u00e9s de la Secretar\u00eda de Cultura y la Direcci\u00f3n de Artes Esc\u00e9nicas, abri\u00f3 la convocatoria para participar del Pre Laborde 2027, instancia provincial de selecci\u00f3n para el Festival Nacional del Malambo.El encuentro se realizar\u00e1 el viernes 2 de octubre, a partir de las 17, en el Comedor [&hellip;]<\/p>\n","protected":false},"author":2,"featured_media":241584,"comment_status":"closed","ping_status":"closed","sticky":false,"template":"","format":"standard","meta":{"footnotes":""},"categories":[27],"tags":[],"class_list":["post-241583","post","type-post","status-publish","format-standard","has-post-thumbnail","hentry","category-san-juan"],"_links":{"self":[{"href":"https:\/\/radioacuariofm.com.ar\/index.php?rest_route=\/wp\/v2\/posts\/241583","targetHints":{"allow":["GET"]}}],"collection":[{"href":"https:\/\/radioacuariofm.com.ar\/index.php?rest_route=\/wp\/v2\/posts"}],"about":[{"href":"https:\/\/radioacuariofm.com.ar\/index.php?rest_route=\/wp\/v2\/types\/post"}],"author":[{"embeddable":true,"href":"https:\/\/radioacuariofm.com.ar\/index.php?rest_route=\/wp\/v2\/users\/2"}],"replies":[{"embeddable":true,"href":"https:\/\/radioacuariofm.com.ar\/index.php?rest_route=%2Fwp%2Fv2%2Fcomments&post=241583"}],"version-history":[{"count":1,"href":"https:\/\/radioacuariofm.com.ar\/index.php?rest_route=\/wp\/v2\/posts\/241583\/revisions"}],"predecessor-version":[{"id":241585,"href":"https:\/\/radioacuariofm.com.ar\/index.php?rest_route=\/wp\/v2\/posts\/241583\/revisions\/241585"}],"wp:featuredmedia":[{"embeddable":true,"href":"https:\/\/radioacuariofm.com.ar\/index.php?rest_route=\/wp\/v2\/media\/241584"}],"wp:attachment":[{"href":"https:\/\/radioacuariofm.com.ar\/index.php?rest_route=%2Fwp%2Fv2%2Fmedia&parent=241583"}],"wp:term":[{"taxonomy":"category","embeddable":true,"href":"https:\/\/radioacuariofm.com.ar\/index.php?rest_route=%2Fwp%2Fv2%2Fcategories&post=241583"},{"taxonomy":"post_tag","embeddable":true,"href":"https:\/\/radioacuariofm.com.ar\/index.php?rest_route=%2Fwp%2Fv2%2Ftags&post=241583"}],"curies":[{"name":"wp","href":"https:\/\/api.w.org\/{rel}","templated":true}]}}