{"id":241575,"date":"2026-09-02T09:13:51","date_gmt":"2026-09-02T12:13:51","guid":{"rendered":"https:\/\/radioacuariofm.com.ar\/?p=241575"},"modified":"2026-09-02T09:13:53","modified_gmt":"2026-09-02T12:13:53","slug":"cumbre-del-motociclismo-sudamericano-y-la-ilusion-local-de-mateo-bongiovanni","status":"publish","type":"post","link":"https:\/\/radioacuariofm.com.ar\/?p=241575","title":{"rendered":"cumbre del motociclismo sudamericano y la ilusi\u00f3n local de Mateo Bongiovanni"},"content":{"rendered":"<p><\/p>\n<div>\n<p>El <strong>Circuito San Juan Villicum<\/strong> ser\u00e1 escenario de un fin de semana hist\u00f3rico para el motociclismo de la regi\u00f3n del <strong>4 al 6 de septiembre de 2026<\/strong>. El imponente trazado sanjuanino albergar\u00e1 de manera simult\u00e1nea el <strong>Campeonato Argentino de Velocidad (CAV)<\/strong>, el <strong>Campeonato Chileno de Velocidad (CCV)<\/strong> y el <strong>Campeonato Latinoamericano Moto4<\/strong>, en un evento de escala internacional que cuenta con el apoyo del <strong>Gobierno de San Juan. <\/strong><\/p>\n<p>La cita pondr\u00e1 en pista a los mejores referentes de <strong>Argentina, Chile<\/strong> y la regi\u00f3n, fortaleciendo el v\u00ednculo deportivo trasandino en uno de los aut\u00f3dromos m\u00e1s modernos y exigentes del continente. Se espera una verdadera batalla deportiva marcada por la velocidad, el sobrepaso y la adrenalina.<\/p>\n<p><b>Resultados de Mateo Bongiovanni en la temporada 2026:<\/b> <\/p>\n<p>Entre las grandes figuras que dirimir\u00e1n las posiciones del campeonato se destaca el local <strong>Mateo Bongiovanni<\/strong>. Con un recorrido internacional a muy corta edad \u2014que incluye pasos por el Superbike de Brasil (donde logr\u00f3 una recordada victoria en la categor\u00eda Honda 650 a los 17 a\u00f1os) y el Campeonato de Espa\u00f1a de Superbike a bordo de la Kawasaki N\u00ba 28 del RXP MIR Racing\u2014, el piloto sanjuanino llega con rodaje de nivel mundial. <\/p>\n<p>Actualmente, Bongiovanni se ubica en el <strong>cuarto lugar de la tabla en la categor\u00eda SBK Pro<\/strong> del CAV y buscar\u00e1 aprovechar el conocimiento de su tierra para pelear por la victoria.<\/p>\n<div class=\"embera-embed-responsive embera-embed-responsive-photo embera-embed-responsive-provider-flickr\"><a data-flickr-embed=\"true\" href=\"https:\/\/www.flickr.com\/photos\/gobiernodesanjuan\/55503852773\/\" title=\"2026-09-02 DEPORTE: El San Juan Villicum se viste de gala: cumbre del motociclismo sudamericano y la ilusi\u00f3n local de Mateo Bongiovanni by Gobierno de San Juan, on Flickr\"><\/a><\/div>\n<p><strong>Resultados de Mateo Bongiovanni en la temporada 2026:<\/strong><\/p>\n<ul>&#13;<\/p>\n<li><strong>1\u00aa Fecha (Termas de R\u00edo Hondo, Santiago del Estero):<\/strong> 1\u00ba puesto.<\/li>\n<p>&#13;<\/p>\n<li><strong>2\u00aa Fecha (Toay, La Pampa):<\/strong>\u00ba puesto.<\/li>\n<p>&#13;<\/p>\n<li><strong>3\u00aa Fecha (San Nicol\u00e1s, Buenos Aires):<\/strong> 5\u00ba puesto.<\/li>\n<p>&#13;<\/p>\n<li><strong>4\u00aa Fecha (Concordia, Entre R\u00edos):<\/strong> 3\u00ba puesto.<\/li>\n<p>&#13;\n<\/ul>\n<p><strong>Informaci\u00f3n sobre entradas<\/strong><\/p>\n<p>El p\u00fablico podr\u00e1 disfrutar de la actividad en pista durante las tres jornadas adquiriendo sus tickets de manera anticipada.<\/p>\n<p>El valor establecido es de $ 5.000 para la entrada general<br \/>Sector de parque cerrado, con estacionamiento: $ 20.000<br \/>Menores de 12 a\u00f1os, sin cargo, acompa\u00f1ados de un adulto.<br \/>Las entradas est\u00e1n disponibles a trav\u00e9s de la plataforma digital <a href=\"https:\/\/app.tickit.global\/web\/event\/gran-premio-mobil-san-juan-villicum-2026-09-04\">Tickit Global<\/a>.<\/p>\n<\/p><\/div>\n<p><script async defer crossorigin=\"anonymous\" src=\"https:\/\/connect.facebook.net\/es_ES\/sdk.js#xfbml=1&#038;version=v3.3\"><\/script><\/p>\n","protected":false},"excerpt":{"rendered":"<p>El Circuito San Juan Villicum ser\u00e1 escenario de un fin de semana hist\u00f3rico para el motociclismo de la regi\u00f3n del 4 al 6 de septiembre de 2026. El imponente trazado sanjuanino albergar\u00e1 de manera simult\u00e1nea el Campeonato Argentino de Velocidad (CAV), el Campeonato Chileno de Velocidad (CCV) y el Campeonato Latinoamericano Moto4, en un evento [&hellip;]<\/p>\n","protected":false},"author":2,"featured_media":241576,"comment_status":"closed","ping_status":"closed","sticky":false,"template":"","format":"standard","meta":{"footnotes":""},"categories":[27],"tags":[],"class_list":["post-241575","post","type-post","status-publish","format-standard","has-post-thumbnail","hentry","category-san-juan"],"_links":{"self":[{"href":"https:\/\/radioacuariofm.com.ar\/index.php?rest_route=\/wp\/v2\/posts\/241575","targetHints":{"allow":["GET"]}}],"collection":[{"href":"https:\/\/radioacuariofm.com.ar\/index.php?rest_route=\/wp\/v2\/posts"}],"about":[{"href":"https:\/\/radioacuariofm.com.ar\/index.php?rest_route=\/wp\/v2\/types\/post"}],"author":[{"embeddable":true,"href":"https:\/\/radioacuariofm.com.ar\/index.php?rest_route=\/wp\/v2\/users\/2"}],"replies":[{"embeddable":true,"href":"https:\/\/radioacuariofm.com.ar\/index.php?rest_route=%2Fwp%2Fv2%2Fcomments&post=241575"}],"version-history":[{"count":1,"href":"https:\/\/radioacuariofm.com.ar\/index.php?rest_route=\/wp\/v2\/posts\/241575\/revisions"}],"predecessor-version":[{"id":241577,"href":"https:\/\/radioacuariofm.com.ar\/index.php?rest_route=\/wp\/v2\/posts\/241575\/revisions\/241577"}],"wp:featuredmedia":[{"embeddable":true,"href":"https:\/\/radioacuariofm.com.ar\/index.php?rest_route=\/wp\/v2\/media\/241576"}],"wp:attachment":[{"href":"https:\/\/radioacuariofm.com.ar\/index.php?rest_route=%2Fwp%2Fv2%2Fmedia&parent=241575"}],"wp:term":[{"taxonomy":"category","embeddable":true,"href":"https:\/\/radioacuariofm.com.ar\/index.php?rest_route=%2Fwp%2Fv2%2Fcategories&post=241575"},{"taxonomy":"post_tag","embeddable":true,"href":"https:\/\/radioacuariofm.com.ar\/index.php?rest_route=%2Fwp%2Fv2%2Ftags&post=241575"}],"curies":[{"name":"wp","href":"https:\/\/api.w.org\/{rel}","templated":true}]}}