{"id":241572,"date":"2026-09-02T08:47:52","date_gmt":"2026-09-02T11:47:52","guid":{"rendered":"https:\/\/radioacuariofm.com.ar\/?p=241572"},"modified":"2026-09-02T08:47:53","modified_gmt":"2026-09-02T11:47:53","slug":"alerta-meteorologica-n-37-26-viento-zonda","status":"publish","type":"post","link":"https:\/\/radioacuariofm.com.ar\/?p=241572","title":{"rendered":"Alerta meteorol\u00f3gica N\u00b0 37\/26 &#8211; Viento Zonda"},"content":{"rendered":"<p><\/p>\n<div>\n<p>La Direcci\u00f3n de Protecci\u00f3n Civil informa que, para la tarde del mi\u00e9rcoles 2 de septiembre, se prev\u00e9 la ocurrencia de viento zonda en el territorio provincial.<\/p>\n<p><strong> Alerta Amarilla:<\/strong><\/p>\n<p> El \u00e1rea ser\u00e1 afectada por viento zonda con velocidades entre 30 y 50 km\/h, con r\u00e1fagas que podr\u00edan superar puntualmente los 70 km\/h. Este fen\u00f3meno puede provocar reducci\u00f3n significativa de visibilidad, un repentino aumento de temperatura y condiciones de muy baja humedad relativa.<\/p>\n<p> Recomendaciones por alerta de vientos fuertes.<\/p>\n<p> Prestar atenci\u00f3n a su alrededor (cables ca\u00eddos, ramas, objetos sueltos).<\/p>\n<p> Cerrar y asegurar puertas y ventanas.<\/p>\n<p> Manejar con precauci\u00f3n mantener la distancia entre veh\u00edculos y la velocidad m\u00ednima, siempre con luces bajas encendidas.<\/p>\n<p> No detenerse debajo de \u00e1rboles ni elementos sujetados a edificios (carteles, marquesinas, toldos, etc.)<\/p>\n<p> Tener siempre a mano linternas cargadas.<\/p>\n<p> <strong>Asimismo, Protecci\u00f3n Civil recuerda que el riesgo de incendios forestales por quema de pastizales y basura es alto. Por tanto, recomienda tener en cuenta los siguientes consejos:<\/strong><\/p>\n<p> Evitar arrojar colillas de cigarrillos en alta vegetaci\u00f3n ya que en \u00e9poca de Zonda hay mucha sequedad.<\/p>\n<p> Evitar arrojar basura en campos de vegetaci\u00f3n porque entre la basura puede haber algo inflamable que genere incendios.<\/p>\n<p> Evitar hacer fogatas o alg\u00fan otro tipo de fuego cerca de lugares agr\u00edcolas que son susceptibles a que se produzca incendio forestal.<\/p>\n<p> Es necesario ser consciente de que los incendios forestales se magnifican con el Zonda porque la temperatura ambiente colabora para que se mantenga la temperatura del incendio y sea m\u00e1s dif\u00edcil de sofocar<\/p>\n<p> Quienes viven en el campo, deben liberar los alrededores de la casa haciendo callejones amplios mayores a 5 metros para que quede solo tierra y as\u00ed evitar que por propagaci\u00f3n de fuego se da\u00f1e la casa.<\/p>\n<p> En cuanto se detecte humo llamar a Bomberos y tratar de tener un plan de contingencia en caso de incendio para las personas que viven en el campo: llamado a bomberos y evacuaci\u00f3n, como primeras medidas<\/p>\n<p> Ser consciente de que quemar hojas o basura est\u00e1 prohibido por ley. Todo individuo o grupo que sea visto provocando fuego en zonas de alta inflamabilidad o quemando vegetaci\u00f3n autom\u00e1ticamente tiene que ser denunciado al 911.<\/p>\n<p><strong> N\u00fameros habilitados ante cualquier emergencia: 911<\/strong><\/p>\n<p><strong> 103 Protecci\u00f3n Civil<\/strong><\/p>\n<\/p><\/div>\n<p><script async defer crossorigin=\"anonymous\" src=\"https:\/\/connect.facebook.net\/es_ES\/sdk.js#xfbml=1&#038;version=v3.3\"><\/script><\/p>\n","protected":false},"excerpt":{"rendered":"<p>La Direcci\u00f3n de Protecci\u00f3n Civil informa que, para la tarde del mi\u00e9rcoles 2 de septiembre, se prev\u00e9 la ocurrencia de viento zonda en el territorio provincial. Alerta Amarilla: El \u00e1rea ser\u00e1 afectada por viento zonda con velocidades entre 30 y 50 km\/h, con r\u00e1fagas que podr\u00edan superar puntualmente los 70 km\/h. Este fen\u00f3meno puede provocar [&hellip;]<\/p>\n","protected":false},"author":2,"featured_media":241573,"comment_status":"closed","ping_status":"closed","sticky":false,"template":"","format":"standard","meta":{"footnotes":""},"categories":[27],"tags":[],"class_list":["post-241572","post","type-post","status-publish","format-standard","has-post-thumbnail","hentry","category-san-juan"],"_links":{"self":[{"href":"https:\/\/radioacuariofm.com.ar\/index.php?rest_route=\/wp\/v2\/posts\/241572","targetHints":{"allow":["GET"]}}],"collection":[{"href":"https:\/\/radioacuariofm.com.ar\/index.php?rest_route=\/wp\/v2\/posts"}],"about":[{"href":"https:\/\/radioacuariofm.com.ar\/index.php?rest_route=\/wp\/v2\/types\/post"}],"author":[{"embeddable":true,"href":"https:\/\/radioacuariofm.com.ar\/index.php?rest_route=\/wp\/v2\/users\/2"}],"replies":[{"embeddable":true,"href":"https:\/\/radioacuariofm.com.ar\/index.php?rest_route=%2Fwp%2Fv2%2Fcomments&post=241572"}],"version-history":[{"count":1,"href":"https:\/\/radioacuariofm.com.ar\/index.php?rest_route=\/wp\/v2\/posts\/241572\/revisions"}],"predecessor-version":[{"id":241574,"href":"https:\/\/radioacuariofm.com.ar\/index.php?rest_route=\/wp\/v2\/posts\/241572\/revisions\/241574"}],"wp:featuredmedia":[{"embeddable":true,"href":"https:\/\/radioacuariofm.com.ar\/index.php?rest_route=\/wp\/v2\/media\/241573"}],"wp:attachment":[{"href":"https:\/\/radioacuariofm.com.ar\/index.php?rest_route=%2Fwp%2Fv2%2Fmedia&parent=241572"}],"wp:term":[{"taxonomy":"category","embeddable":true,"href":"https:\/\/radioacuariofm.com.ar\/index.php?rest_route=%2Fwp%2Fv2%2Fcategories&post=241572"},{"taxonomy":"post_tag","embeddable":true,"href":"https:\/\/radioacuariofm.com.ar\/index.php?rest_route=%2Fwp%2Fv2%2Ftags&post=241572"}],"curies":[{"name":"wp","href":"https:\/\/api.w.org\/{rel}","templated":true}]}}