{"id":241566,"date":"2026-09-02T00:24:28","date_gmt":"2026-09-02T03:24:28","guid":{"rendered":"https:\/\/radioacuariofm.com.ar\/?p=241566"},"modified":"2026-09-02T00:24:31","modified_gmt":"2026-09-02T03:24:31","slug":"el-gobierno-vacia-un-evento-empresario-y-la-oposicion-aprovecha-para-vender-su-discurso","status":"publish","type":"post","link":"https:\/\/radioacuariofm.com.ar\/?p=241566","title":{"rendered":"El Gobierno vac\u00eda un evento empresario y la oposici\u00f3n aprovecha para \u201cvender\u201d su discurso"},"content":{"rendered":"<p><\/p>\n<div>\n<p class=\"com-paragraph --capital --s\">Ya en el inicio de la campa\u00f1a electoral, el D\u00eda de la Industria tendr\u00e1, por lo menos, tres insumos que prometen <strong>elevar el voltaje pol\u00edtico.<\/strong> Los empresarios de ese sector volver\u00e1n a reivindicar el valor de su actividad en un contexto que consideran de crisis; lo har\u00e1n frente al vac\u00edo que les propondr\u00e1 el Gobierno nacional, cuyas principales figuras estar\u00e1n ausentes, y, a la vez, mientras <strong>crecen los contactos con parte de la oposici\u00f3n m\u00e1s dura. <\/strong><\/p>\n<p class=\"com-paragraph --s\">El presidente de la Uni\u00f3n Industrial Argentina (UIA), <strong>Mart\u00edn Rappallini,<\/strong> dar\u00e1 su discurso en esa celebraci\u00f3n cerca de las 10.30 en la planta que tiene el laboratorio ELEA, la empresa de Hugo Sigman, en Los Polvorines. No por nada, uno de los \u00fanicos funcionarios que estar\u00e1 presente es el ministro de Salud, Mario Lugones. La c\u00e1lida bienvenida a ese funcionario estar\u00e1 a cargo del vicepresidente sectorial de UIA y uno de los anfitriones, Isa\u00edas Drajer. <\/p>\n<p class=\"com-paragraph --s\">Seg\u00fan contaron los organizadores, a ellos se sumar\u00e1n el secretario de Coordinaci\u00f3n Productiva,<strong> Pablo Lavigne, <\/strong>y la subsecretaria de Pol\u00edtica Industrial, Daniela Ramos. No estar\u00edan ni el presidente Javier Milei, ni el ministro de Econom\u00eda, Luis Caputo (en el G-20 en Estados Unidos, pese a que llega al pa\u00eds el mismo mi\u00e9rcoles a la ma\u00f1ana), ni tampoco, como se preve\u00eda la semana pasada en la entidad fabril, el jefe de Gabinete, Diego Santilli. <\/p>\n<p class=\"com-paragraph --s\"><strong>LA NACION<\/strong> consult\u00f3 en Casa Rosada y en Jefatura de Gabinete sobre las ausencias, pero no hubo respuesta oficial. En el Palacio de Hacienda dijeron que Caputo ten\u00eda la agenda del G-20 y, obviamente, se privilegi\u00f3 ese encuentro. Lavigne depende de Caputo en el organigrama oficial. <\/p>\n<p class=\"com-paragraph --s\"><strong>\u201cEl discurso volver\u00e1 a poner en valor la importancia de ese rubro de la econom\u00eda\u201d,<\/strong> contaron en la entidad fabril sobre lo que dir\u00e1 Rappallini en el evento. Antes, Drajer dar\u00e1 la bienvenida y luego del discurso habr\u00e1 un brunch. <\/p>\n<p class=\"com-paragraph --s\">\u201c\u00bfEl Gobierno los vaci\u00f3?\u201d, pregunt\u00f3 este medio. \u201cQu\u00e9 decirte\u201d, fue la respuesta en la UIA, que hab\u00eda entrado en tensi\u00f3n con el Gobierno tras el cortocircuito que gener\u00f3 una cr\u00edtica de Caputo a \u201clos tarados\u201d que cuestionan el modelo libertario aludiendo a la situaci\u00f3n industrial. <em>Clar\u00edn <\/em>cont\u00f3 d\u00edas atr\u00e1s que Rappallini se levant\u00f3 de su asiento cuando Milei habl\u00f3 en el Consejo de las Am\u00e9ricas en el Hotel Alvear y se fue al bar. El Presidente critic\u00f3 all\u00ed otra vez el\u00edpticamente a Paolo Rocca (Techint) y Javier Madanes Quintanilla (Aluar). <\/p>\n<div class=\"content-media\">\n<section role=\"button\" class=\"mod-media   \">\n<figure role=\"button\" tabindex=\"0\" class=\"mod-figure \"><figcaption class=\"mod-figcaption\"><span class=\"com-text --caption --twoxs\">Rappallini, durante un discurso en 2025<\/span><span class=\"com-text --credit --twoxs\">Redes<\/span><\/figcaption><\/figure>\n<\/section>\n<\/div>\n<p><h2 class=\"font-primary font-w-bold text-subheading-lg text-left container-center-100 mb-8\"><span>El avance de Kicillof<\/span><\/h2>\n<\/p>\n<p class=\"com-paragraph --s\">Curiosamente, <strong>el vac\u00edo que deja el oficialismo en ese sector busca ser aprovechado por el principal contrincante de Milei<\/strong> en el primigenio men\u00fa electoral camino a los comicios del a\u00f1o que viene. Hay un esfuerzo cada vez m\u00e1s latente de <strong>Axel Kicillof<\/strong> \u2014y su equipo chico\u2014 por dejar trascender un discurso que podr\u00eda ser <strong>un canto de sirena para muchos industriales. <\/strong><\/p>\n<p class=\"com-paragraph --s\">El jueves pasado, el titular de la Agencia de Recaudaci\u00f3n de la provincia de Buenos Aires (ARBA),<strong> Cristian Girard, pas\u00f3 por la UIA.<\/strong> Se reuni\u00f3 all\u00ed con el presidente del Departamento de Pol\u00edtica Tributaria de la entidad fabril \u2014y hombre de Techint\u2014, Carlos Abeledo. Estuvieron adem\u00e1s el subdirector de Recaudaci\u00f3n y Catastro, Federico Gosman, y el de Acciones Territoriales y Servicios, Gaspar Spiritoso. A<strong>RBA habl\u00f3 de simplificaci\u00f3n tributaria, reducci\u00f3n del peso de los reg\u00edmenes generales y la disminuci\u00f3n de los saldos a favor acumulados. <\/strong><\/p>\n<p class=\"com-paragraph --s\">Seg\u00fan la minuta empresaria, sobre<strong> Ingresos Brutos<\/strong> \u2014el gravamen m\u00e1s cuestionado por las empresas\u2014, Girard dijo que <strong>ARBA est\u00e1 \u201crevisando\u201d<\/strong> los diferentes reg\u00edmenes y que buscan reducir el peso de las retenciones bancarias del Sircreb y que trabajan para \u201cadecuar\u201d el Sirtac. Como se dijo, los expertos tributarios de la entidad escucharon tambi\u00e9n sobre la posibilidad de \u201cfacilitar\u201d el uso de saldos acumulados por las compa\u00f1\u00edas. Girard les dijo que <strong>es necesaria una reforma tributaria,<\/strong> pero que primero la econom\u00eda debe crecer. Miel para los o\u00eddos de algunos industriales en el actual contexto.<\/p>\n<p class=\"com-paragraph --s\">Girard fue m\u00e1s all\u00e1 y cit\u00f3 la palabra prohibida en la UIA: <strong>China<\/strong>. Dijo que hay una industria en \u201creconversi\u00f3n\u201d hace a\u00f1os por una capacidad productiva expandida en el sudeste asi\u00e1tico y una demanda mundial que \u201clanguidece\u201d. Agreg\u00f3 que el problema de competitividad no es comercial ni de \u201cmala gesti\u00f3n\u201d de las empresas y que<strong> \u201cla cancha no debe estar inclinada\u201d<\/strong> (el discurso de la UIA). Habl\u00f3 de <em>dumping <\/em>industrial y dijo que EE.UU. est\u00e1 discutiendo la industria, algo que aclar\u00f3, va a contramano del mile\u00edsmo. <\/p>\n<p class=\"com-paragraph --s\">El propio Kicillof hab\u00eda dicho algo similar d\u00edas atr\u00e1s en un encuentro organizado en el Alvear por Susan Seagal tras el Consejo de las Am\u00e9ricas con una veintena de empresas multinacionales. El gobernador lleg\u00f3 con su jefe de Gabinete, Carlos Bianco, y su ministro de Producci\u00f3n, Augusto Costa. <\/p>\n<p class=\"com-paragraph --s\">All\u00ed comenz\u00f3 diciendo que la actual macroeconom\u00eda estaba matando la microeconom\u00eda y que el pa\u00eds se desindustrializaba para exportar materias primas sin valor agregado. Lo escuchaban varias empresas de energ\u00eda y mineras, y algunos bancos de inversi\u00f3n. <strong>\u201cHizo un diagn\u00f3stico catastr\u00f3fico\u201d, <\/strong>cont\u00f3 un empresario, que disiente con la mirada del gobernador y que acept\u00f3 los costos de transformaci\u00f3n que tiene el rumbo elegido por Milei. \u201cEl camino es pedregoso\u201d, reconoci\u00f3 el CEO de la compa\u00f1\u00eda que escuch\u00f3 a Kicillof. <\/p>\n<p class=\"com-paragraph --s\">Como contraste al escenario descripto por el gobernador, los empresarios le preguntaron a Kicillof qu\u00e9 opinaba de la baja de la pobreza lograda por el Gobierno. Kicillof dijo que estaba mal medida y que hab\u00eda aumentado. Como Girard, el gobernador puso a Donald Trump como ejemplo de que, en el actual contexto, la apertura comercial de Milei no era el mejor camino a tomar. <\/p>\n<p class=\"com-paragraph --s\">La reuni\u00f3n dur\u00f3 una hora. <strong>\u201c\u00bfQu\u00e9 les pareci\u00f3 el discurso de hoy?\u201d<\/strong>, quiso saber Bianco de los empresarios sobre las palabras de Milei. Seagal, que bastoneaba, no dej\u00f3 que respondieran. El Presidente hab\u00eda negado una crisis y criticado a empresarios. \u201c\u00bfQueremos ser grandes? Hay que ponerse los pantalones largos y los hijos de puta prebendarios tienen que quebrar\u201d, hab\u00eda advertido. <strong>\u201cLos salv\u00f3 la campana\u201d, <\/strong>brome\u00f3 el jefe de Gabinete de Kicillof. Los empresarios se iban a ver a Mart\u00edn Menem y Kicillof viajaba a Uruguay. <\/p>\n<p class=\"com-paragraph --s\">Cuando se iba, varios le preguntaron a Kicillof si iba a ser o no candidato en 2027. \u201cEs muy temprano\u201d, repiti\u00f3, y admiti\u00f3 que la interna peronista ard\u00eda. No hab\u00eda, sin embargo, empresario que creyera que el gobernador no fuera a jugar. <\/p>\n<section class=\"container-center-100 mb-40 border border-bottom border-thin border-neutral-light-700\">\n<hr\/>\n<\/section>\n<\/div>\n<p><script id=\"facebookpixel\" defer=\"\" type=\"text\/javascript\">\n        !function(f,b,e,v,n,t,s)\n        {if(f.fbq)return;n=f.fbq=function(){n.callMethod?\n        n.callMethod.apply(n,arguments):n.queue.push(arguments)};\n        if(!f._fbq)f._fbq=n;n.push=n;n.loaded=!0;n.version='2.0';\n        n.queue=[];t=b.createElement(e);t.async=!0;\n        t.src=v;s=b.getElementsByTagName(e)[0];\n        s.parentNode.insertBefore(t,s)}(window, document,'script',\n        'https:\/\/connect.facebook.net\/en_US\/fbevents.js');\n        fbq('init', '492459597522335');\n        fbq('track', 'PageView');\n    <\/script><\/p>\n","protected":false},"excerpt":{"rendered":"<p>Ya en el inicio de la campa\u00f1a electoral, el D\u00eda de la Industria tendr\u00e1, por lo menos, tres insumos que prometen elevar el voltaje pol\u00edtico. Los empresarios de ese sector volver\u00e1n a reivindicar el valor de su actividad en un contexto que consideran de crisis; lo har\u00e1n frente al vac\u00edo que les propondr\u00e1 el Gobierno [&hellip;]<\/p>\n","protected":false},"author":2,"featured_media":241567,"comment_status":"closed","ping_status":"closed","sticky":false,"template":"","format":"standard","meta":{"footnotes":""},"categories":[28],"tags":[],"class_list":["post-241566","post","type-post","status-publish","format-standard","has-post-thumbnail","hentry","category-economia"],"_links":{"self":[{"href":"https:\/\/radioacuariofm.com.ar\/index.php?rest_route=\/wp\/v2\/posts\/241566","targetHints":{"allow":["GET"]}}],"collection":[{"href":"https:\/\/radioacuariofm.com.ar\/index.php?rest_route=\/wp\/v2\/posts"}],"about":[{"href":"https:\/\/radioacuariofm.com.ar\/index.php?rest_route=\/wp\/v2\/types\/post"}],"author":[{"embeddable":true,"href":"https:\/\/radioacuariofm.com.ar\/index.php?rest_route=\/wp\/v2\/users\/2"}],"replies":[{"embeddable":true,"href":"https:\/\/radioacuariofm.com.ar\/index.php?rest_route=%2Fwp%2Fv2%2Fcomments&post=241566"}],"version-history":[{"count":1,"href":"https:\/\/radioacuariofm.com.ar\/index.php?rest_route=\/wp\/v2\/posts\/241566\/revisions"}],"predecessor-version":[{"id":241568,"href":"https:\/\/radioacuariofm.com.ar\/index.php?rest_route=\/wp\/v2\/posts\/241566\/revisions\/241568"}],"wp:featuredmedia":[{"embeddable":true,"href":"https:\/\/radioacuariofm.com.ar\/index.php?rest_route=\/wp\/v2\/media\/241567"}],"wp:attachment":[{"href":"https:\/\/radioacuariofm.com.ar\/index.php?rest_route=%2Fwp%2Fv2%2Fmedia&parent=241566"}],"wp:term":[{"taxonomy":"category","embeddable":true,"href":"https:\/\/radioacuariofm.com.ar\/index.php?rest_route=%2Fwp%2Fv2%2Fcategories&post=241566"},{"taxonomy":"post_tag","embeddable":true,"href":"https:\/\/radioacuariofm.com.ar\/index.php?rest_route=%2Fwp%2Fv2%2Ftags&post=241566"}],"curies":[{"name":"wp","href":"https:\/\/api.w.org\/{rel}","templated":true}]}}