{"id":241560,"date":"2026-09-01T19:17:49","date_gmt":"2026-09-01T22:17:49","guid":{"rendered":"https:\/\/radioacuariofm.com.ar\/?p=241560"},"modified":"2026-09-01T19:17:51","modified_gmt":"2026-09-01T22:17:51","slug":"tras-los-elogios-de-bessent-al-gobierno-caputo-se-reunio-con-el-secretario-del-tesoro-en-la-cumbre-del-g-20-en-ee-uu","status":"publish","type":"post","link":"https:\/\/radioacuariofm.com.ar\/?p=241560","title":{"rendered":"Tras los elogios de Bessent al Gobierno, Caputo se reuni\u00f3 con el secretario del Tesoro en la cumbre del G-20 en EE.UU."},"content":{"rendered":"<p><\/p>\n<div>\n<p class=\"com-paragraph --capital --s text-left\">ASHEVILLE, Carolina del Norte.- Luego del fuerte elogio que el <strong>secretario del Tesoro, Scott Bessent<\/strong>, hizo esta ma\u00f1ana a la Argentina al afirmar que <a href=\"https:\/\/www.lanacion.com.ar\/economia\/tras-el-encuentro-con-georgieva-en-una-cumbre-del-g-20-en-eeuu-caputo-se-reune-con-bessent-nid01092026\/\" target=\"_self\" title=\"https:\/\/www.lanacion.com.ar\/economia\/tras-el-encuentro-con-georgieva-en-una-cumbre-del-g-20-en-eeuu-caputo-se-reune-con-bessent-nid01092026\/\" class=\"com-link break-word\" data-mrf-recirculation=\"n_link_parrafo\">\u201clidera una oportunidad hist\u00f3rica en el hemisferio occidental\u201d<\/a>, el <strong>ministro de Econom\u00eda, Luis Caputo<\/strong>, se reuni\u00f3 durante 20 minutos en esta ciudad con el alto funcionario norteamericano para ratificar la alianza del Gobierno con la administraci\u00f3n de <strong>Donald Trump<\/strong>, en el marco de una <strong>cumbre del G-20<\/strong>.<\/p>\n<p class=\"com-paragraph --s text-left\">En la reuni\u00f3n a puertas cerradas en el hotel <strong>Omni Grove Park Inn de Asheville<\/strong>, Caputo y Bessent dialogaron sobre <strong>asuntos de inter\u00e9s geopol\u00edtico<\/strong>, como el impacto del conflicto en Medio Oriente, que han marcado este encuentro de ministros de finanzas y gobernadores de bancos centrales del foro internacional.<\/p>\n<div class=\"content-media\">\n<section role=\"button\" class=\"mod-media   \">\n<figure role=\"button\" tabindex=\"0\" class=\"mod-figure \"><figcaption class=\"mod-figcaption\"><span class=\"com-text --caption --twoxs\">El secretario del Tesoro norteamericano, Scott Bessent, y el ministro Luis Caputo, en Asheville.<\/span><span class=\"com-text --credit --twoxs\">Guilermo Idiart <\/span><\/figcaption><\/figure>\n<\/section>\n<\/div>\n<p class=\"com-paragraph --s\">Caputo quer\u00eda conocer de primera mano la visi\u00f3n de Bessent del <strong>contexto geopol\u00edtico actual<\/strong>, en medio de una intensificaci\u00f3n de la guerra entre Ir\u00e1n y Estados Unidos que ha impactado de lleno en los precios de la energ\u00eda. <\/p>\n<p class=\"com-paragraph --s text-left\">El ministro y Bessent ya hab\u00edan conversado anoche en el Omni Grove Park Inn, durante la cena formal de los funcionarios que participan de la cumbre del G-20. All\u00ed hab\u00edan aprovechado para dialogar sobre la situaci\u00f3n de la Argentina.<\/p>\n<p class=\"com-paragraph --s text-left\">Caputo<strong> fue ubicado en la misma mesa que el secretario del Tesoro<\/strong>, junto a los ministros de Finanzas de Italia, Francia, Jap\u00f3n y Polonia, entre otros. <\/p>\n<p class=\"com-paragraph --s text-left\">Horas antes de este encuentro, por la ma\u00f1ana, Caputo escuch\u00f3 en el sal\u00f3n Seely Pavilion, sentado en segunda fila detr\u00e1s de la <strong>directora gerente del Fondo Monetario Internacional (FMI), Kristalina Georgieva<\/strong>, los fuertes elogios de Bessent al Gobierno y a la marcha del plan econ\u00f3mico de la administraci\u00f3n de <strong>Javier Milei<\/strong>.<\/p>\n<p class=\"com-paragraph --s text-left\">\u201c<strong>Creo que tenemos una oportunidad hist\u00f3rica en el hemisferio occidental liderada por la Argentina y las reformas que all\u00ed se est\u00e1n llevando a cabo. Todos dec\u00edan que era imposible<\/strong>, y ahora estamos viendo c\u00f3mo sucede en medio de un panorama econ\u00f3mico cambiante\u201d, se\u00f1al\u00f3 Bessent en un di\u00e1logo que mantuvo con el presentador y analista conservador <strong>Larry Kudlow<\/strong>, exdirector del Consejo Econ\u00f3mico Nacional de Estados Unidos.<\/p>\n<p class=\"com-paragraph --s text-left\">\u201c<strong>Si analizamos en detalle la \u00faltima elecci\u00f3n del presidente [Javier] Milei, vemos que los sectores m\u00e1s pobres de la sociedad y los j\u00f3venes \u2014que antes se inclinaban por la izquierda\u2014 le dieron su apoyo<\/strong>\u201d, expres\u00f3 Bessent, en referencia a los comicios legislativos de octubre del a\u00f1o pasado.<\/p>\n<p class=\"com-paragraph --s text-left\">\u201cAs\u00ed que, como usted mencion\u00f3, estamos viendo cambios en la <strong>Argentina<\/strong>, Bolivia, Colombia, Chile y Ecuador, y <strong>creo que veremos muchos m\u00e1s casos similares<\/strong>\u201d, agreg\u00f3 el secretario del Tesoro, el funcionario que fue clave para sellar el <strong>auxilio financiero norteamericano al Gobierno <\/strong>el a\u00f1o pasado.<\/p>\n<p class=\"com-paragraph --s text-left\">A trav\u00e9s de su cuenta en X, Caputo calific\u00f3 los comentarios de Bessent como <strong>\u201cun reconocimiento al proceso de transformaci\u00f3n que est\u00e1 llevando adelante el Presidente\u201d<\/strong>.<\/p>\n<div class=\"content-media\">\n<section role=\"button\" class=\"mod-media   \">\n<figure role=\"button\" tabindex=\"0\" class=\"mod-figure \"><figcaption class=\"mod-figcaption\"><span class=\"com-text --caption --twoxs\">El secretario del Tesoro, Scott Bessent, en su di\u00e1logo con el presentador conservador Larry Kudlow, en la cumbre del G-20 en Asheville.<\/span><span class=\"com-text --credit --twoxs\">Gerald Herbert &#8211; AP<\/span><\/figcaption><\/figure>\n<\/section>\n<\/div>\n<p class=\"com-paragraph --s text-left\">Los elogios del secretario del Tesoro fueron en respuesta a un comentario de Kudlow sobre c\u00f3mo la libre empresa avanza por el hemisferio occidental.<\/p>\n<p class=\"com-paragraph --s text-left\"><strong>\u201cEs muy interesante. Se est\u00e1 dejando atr\u00e1s el socialismo de izquierda para volver a econom\u00edas de libre mercado. Chile o la Argentina son, con diferencia, los mejores ejemplos, aunque no los \u00fanicos\u201d<\/strong>, introdujo el comentarista de noticias financieras para <em>Fox Business<\/em>.<\/p>\n<p class=\"com-paragraph --s\">La \u00faltima reuni\u00f3n formal cara a cara entre Bessent y Caputo hab\u00eda sido en octubre del a\u00f1o pasado, en la sede del <strong>Departamento del Tesoro<\/strong>, en Washington, cuando ambos funcionarios rubricaron el auxilio financiero norteamericano a la administraci\u00f3n de <strong>Javier Milei <\/strong>con un swap de monedas porUS$20.000 millones, en medio de las turbulencias econ\u00f3micas antes de las elecciones legislativas de fin de aquel mes en la Argentina.<\/p>\n<div class=\"content-media\">\n<section role=\"button\" class=\"mod-media   \">\n<figure role=\"button\" tabindex=\"0\" class=\"mod-figure \"><figcaption class=\"mod-figcaption\"><span class=\"com-text --caption --twoxs\">El secretario de Tesoro, Scott Bessent, en la cumbre del G-20 en Asheville.<\/span><span class=\"com-text --credit --twoxs\">Gerald Herbert &#8211; AP<\/span><\/figcaption><\/figure>\n<\/section>\n<\/div>\n<p class=\"com-paragraph --s\">El lunes, en el marco de la reuni\u00f3n en Asheville, <strong>Caputo particip\u00f3 de diversos paneles presentados por Bessent<\/strong>, anfitri\u00f3n del encuentro de ministros de finanzas y de gobernadores de bancos centrales de los pa\u00edses miembros del G-20. La cumbre de mandatarios, liderada por <strong>Donald Trump<\/strong>, ser\u00e1 el 14 y 15 de diciembre en Miami, adonde seguramente viajar\u00e1 Milei.<\/p>\n<p class=\"com-paragraph --s\">Es usual que en este tipo de cumbres se produzcan varias <strong>reuniones bilaterales e informales<\/strong> entre los funcionarios participantes, como la que ocurri\u00f3 entre <strong>Caputo y Georgieva<\/strong> ayer por la tarde. All\u00ed, el ministro volvi\u00f3 a conseguir un fuerte respaldo del organismo multilateral al plan econ\u00f3mico del Gobierno.<\/p>\n<div class=\"content-media\">\n<section role=\"button\" class=\"mod-media   \">\n<figure role=\"button\" tabindex=\"0\" class=\"mod-figure \"><figcaption class=\"mod-figcaption\"><span class=\"com-text --caption --twoxs\">El ministro de Econom\u00eda, Luis Caputo, junto a la directora gerente del FMI, Kristalina Georgieva, en la cumbre del G-20 en Asheville.<\/span><span class=\"com-text --credit --twoxs\">@LuisCaputoAR<\/span><\/figcaption><\/figure>\n<\/section>\n<\/div>\n<p class=\"com-paragraph --s\"><strong>\u201cGenial ponerme al d\u00eda con Caputo sobre el impresionante repunte econ\u00f3mico de la Argentina, resultado de buenas pol\u00edticas y una s\u00f3lida implementaci\u00f3n\u201d<\/strong>, se\u00f1al\u00f3 Georgieva a trav\u00e9s de un posteo en la red social X.<\/p>\n<p class=\"com-paragraph --s\">Adem\u00e1s, Caputo mantuvo un encuentro este martes en Asheville con el presidente del Banco Mundial (BM), <strong>Ajay Banga<\/strong>, con quien dialog\u00f3 sobre \u201cla agenda de crecimiento y las oportunidades para seguir profundizando la cooperaci\u00f3n y el apoyo\u201d del organismo multilateral a la Argentina, seg\u00fan expres\u00f3 el ministro en X.<\/p>\n<section class=\"container-center-100 mb-40 border border-bottom border-thin border-neutral-light-700\">\n<hr\/>\n<\/section>\n<\/div>\n<p><script id=\"facebookpixel\" defer=\"\" type=\"text\/javascript\">\n        !function(f,b,e,v,n,t,s)\n        {if(f.fbq)return;n=f.fbq=function(){n.callMethod?\n        n.callMethod.apply(n,arguments):n.queue.push(arguments)};\n        if(!f._fbq)f._fbq=n;n.push=n;n.loaded=!0;n.version='2.0';\n        n.queue=[];t=b.createElement(e);t.async=!0;\n        t.src=v;s=b.getElementsByTagName(e)[0];\n        s.parentNode.insertBefore(t,s)}(window, document,'script',\n        'https:\/\/connect.facebook.net\/en_US\/fbevents.js');\n        fbq('init', '492459597522335');\n        fbq('track', 'PageView');\n    <\/script><\/p>\n","protected":false},"excerpt":{"rendered":"<p>ASHEVILLE, Carolina del Norte.- Luego del fuerte elogio que el secretario del Tesoro, Scott Bessent, hizo esta ma\u00f1ana a la Argentina al afirmar que \u201clidera una oportunidad hist\u00f3rica en el hemisferio occidental\u201d, el ministro de Econom\u00eda, Luis Caputo, se reuni\u00f3 durante 20 minutos en esta ciudad con el alto funcionario norteamericano para ratificar la alianza [&hellip;]<\/p>\n","protected":false},"author":2,"featured_media":241561,"comment_status":"closed","ping_status":"closed","sticky":false,"template":"","format":"standard","meta":{"footnotes":""},"categories":[28],"tags":[],"class_list":["post-241560","post","type-post","status-publish","format-standard","has-post-thumbnail","hentry","category-economia"],"_links":{"self":[{"href":"https:\/\/radioacuariofm.com.ar\/index.php?rest_route=\/wp\/v2\/posts\/241560","targetHints":{"allow":["GET"]}}],"collection":[{"href":"https:\/\/radioacuariofm.com.ar\/index.php?rest_route=\/wp\/v2\/posts"}],"about":[{"href":"https:\/\/radioacuariofm.com.ar\/index.php?rest_route=\/wp\/v2\/types\/post"}],"author":[{"embeddable":true,"href":"https:\/\/radioacuariofm.com.ar\/index.php?rest_route=\/wp\/v2\/users\/2"}],"replies":[{"embeddable":true,"href":"https:\/\/radioacuariofm.com.ar\/index.php?rest_route=%2Fwp%2Fv2%2Fcomments&post=241560"}],"version-history":[{"count":1,"href":"https:\/\/radioacuariofm.com.ar\/index.php?rest_route=\/wp\/v2\/posts\/241560\/revisions"}],"predecessor-version":[{"id":241562,"href":"https:\/\/radioacuariofm.com.ar\/index.php?rest_route=\/wp\/v2\/posts\/241560\/revisions\/241562"}],"wp:featuredmedia":[{"embeddable":true,"href":"https:\/\/radioacuariofm.com.ar\/index.php?rest_route=\/wp\/v2\/media\/241561"}],"wp:attachment":[{"href":"https:\/\/radioacuariofm.com.ar\/index.php?rest_route=%2Fwp%2Fv2%2Fmedia&parent=241560"}],"wp:term":[{"taxonomy":"category","embeddable":true,"href":"https:\/\/radioacuariofm.com.ar\/index.php?rest_route=%2Fwp%2Fv2%2Fcategories&post=241560"},{"taxonomy":"post_tag","embeddable":true,"href":"https:\/\/radioacuariofm.com.ar\/index.php?rest_route=%2Fwp%2Fv2%2Ftags&post=241560"}],"curies":[{"name":"wp","href":"https:\/\/api.w.org\/{rel}","templated":true}]}}