{"id":241557,"date":"2026-09-01T18:15:51","date_gmt":"2026-09-01T21:15:51","guid":{"rendered":"https:\/\/radioacuariofm.com.ar\/?p=241557"},"modified":"2026-09-01T18:15:54","modified_gmt":"2026-09-01T21:15:54","slug":"el-dolar-oficial-arranco-el-mes-con-una-leve-suba-y-cerro-en-su-valor-nominal-maximo","status":"publish","type":"post","link":"https:\/\/radioacuariofm.com.ar\/?p=241557","title":{"rendered":"El d\u00f3lar oficial arranc\u00f3 el mes con una leve suba y cerr\u00f3 en su valor nominal m\u00e1ximo"},"content":{"rendered":"<p><\/p>\n<div>\n<p class=\"com-paragraph --s text-left\"><strong>El d\u00f3lar subi\u00f3 en la primera rueda de septiembre debido a la demanda estacional de inicio de mes<\/strong>. La cotizaci\u00f3n minorista present\u00f3 una leve suba y se ubic\u00f3 nuevamente en los $1535, el mismo valor nominal m\u00e1ximo del a\u00f1o que toc\u00f3 a fines de agosto. <\/p>\n<p class=\"com-paragraph --s text-left\"><strong>La cotizaci\u00f3n del d\u00f3lar al que accede el p\u00fablico cerr\u00f3 hoy en las pizarras del Banco Naci\u00f3n a $1535<\/strong>, $5 m\u00e1s que el cierre anterior (+0,3%). <strong>Al ver el precio promedio del mercado, el tipo de cambio oficial oper\u00f3 a $1533,63<\/strong>, de acuerdo con el relevamiento de entidades financieras que realiza diariamente el Banco Central (BCRA).<\/p>\n<div class=\"content-media\">\n<section role=\"button\" class=\"mod-media   \">\n<figure role=\"button\" tabindex=\"0\" class=\"mod-figure \"><figcaption class=\"mod-figcaption\"><span class=\"com-text --caption --twoxs\">El d\u00f3lar oficial minorista borr\u00f3 la baja de ayer por mayor demanda a principio de mes<\/span><span class=\"com-text --credit --twoxs\">Gemini<\/span><\/figcaption><\/figure>\n<\/section>\n<\/div>\n<p class=\"com-paragraph --s text-left\">En la \u00faltima jornada h\u00e1bil de agosto, el tipo de cambio present\u00f3 una baja de $5 (-0,3%) hasta los $1530 y en el mes acumul\u00f3 un avance de $20 (+1,3%). De todos modos, hoy borr\u00f3 ese descenso y se posicion\u00f3 nuevamente en el valor nominal m\u00e1s alto del a\u00f1o, que alcanz\u00f3 el pasado 26 de agosto y sostuvo hasta ayer.<\/p>\n<p class=\"com-paragraph --s text-left\">Por su parte, el <strong>tipo de cambio minorista<\/strong> sum\u00f3 $3,35 (+0,2%) hasta los $1512,43. Igualmente, estuvo un 20% por debajo del techo de la banda cambiaria, establecido hoy en $1881,22.<\/p>\n<p class=\"com-paragraph --s text-left\"><strong>Los d\u00f3lares financieros se mantienen estables<\/strong>: el MEP aparece en las pantallas a $1531,98, mientras que el contado con liquidaci\u00f3n opera a $1592,66.<\/p>\n<p class=\"com-paragraph --s text-left\">Gustavo Quintana, operador de cambio en PR, se\u00f1al\u00f3 que <strong>el movimiento en el tipo de cambio oficial fue \u201cestacional\u201d<\/strong>. <\/p>\n<p class=\"com-paragraph --s text-left\">\u201c<strong>Siempre en el inicio del mes se nota una demanda algo m\u00e1s activa<\/strong>: est\u00e1n las compras por atesoramiento, para el pago de tarjetas y probablemente alg\u00fan rezago de vencimientos de fin de agosto\u201d, precis\u00f3.<\/p>\n<p class=\"com-paragraph --s text-left\">Fernando Camusso, director de Rafaela Capital, coincidi\u00f3 sobre este punto: \u201cEl vencimiento de la D31G6 \u2015Letra del Tesoro ajustada al tipo de cambio\u2015 liber\u00f3 pesos y parte de esa liquidez podr\u00eda estar buscando nuevamente cobertura cambiaria. A eso se suman las habituales \u00f3rdenes de empresas e importadores de comienzo de mes, en un contexto de tasas en pesos menos atractivas\u00bb, se\u00f1al\u00f3. En esa l\u00ednea, observ\u00f3 que se trat\u00f3 de \u201c<strong>un reacomodamiento de flujos y no como un cambio de tendencia<\/strong>\u201d.<\/p>\n<p><h2 class=\"font-primary font-w-bold text-subheading-lg text-left container-center-100 mb-8\"><span>Mercados hoy<\/span><\/h2>\n<\/p>\n<p class=\"com-paragraph --s\"><strong>El riesgo pa\u00eds cae ocho unidades y se posiciona en los 504 puntos b\u00e1sicos (-1,6%)<\/strong>, de acuerdo a las pantallas de Rava. Este movimiento se explica por el desempe\u00f1o de los bonos soberanos. Los t\u00edtulos bajo ley local se elevan hasta 0,4% (AL41D y AL30D), aunque el AL35D cede 0,1%. Los Globales escalan hasta 0,8% (GD46D).<\/p>\n<p class=\"com-paragraph --s text-left\"><strong>Las acciones argentinas que cotizan en la Bolsa de Nueva York (ADR) tienden al alza por segunda rueda consecutiva<\/strong>, a contramano de los principales \u00edndices de Wall Street. Lidera el panel Tenaris (+4%), seguido de Pampa Energ\u00eda (+1,6%) y Banco Supervielle (+1,6%).<\/p>\n<p class=\"com-paragraph --s text-left\"><strong>El Merval suma 0,4% hasta las 3.044.922,08 unidades<\/strong>, lo equivalente a US$1911,69 al ajustar por el d\u00f3lar CCL (+0,6%). Las principales subas son de Pampa Energ\u00eda (+2,3%), YPF (+1,6%) y Central Puerto (+1,6%). En tanto, bajan Transener (-4,9%), Transportadora de Gas del Norte (-3,6%) y Banco de Valores (-2%).<\/p>\n<p class=\"com-paragraph --s text-left\">Gustavo Ber, economista de Estudio Ber, se\u00f1al\u00f3 que en Wall Street hay un clima de \u201cmayor cautela\u201d por la suba de las tasas de inter\u00e9s de los bonos del Tesoro estadounidense. No obstante, <strong>los activos dom\u00e9sticos responden de manera positiva<\/strong>, tanto para los bonos como para las acciones. En el caso puntual de los papeles, destac\u00f3 el impulso que la mejora en el precio del petr\u00f3leo Brent le da a las energ\u00e9ticas. A su vez, los bancos registran subas tras el fuerte castigo que sufrieron en sus valuaciones las \u00faltimas semanas.<\/p>\n<section class=\"container-center-100 mb-40 border border-bottom border-thin border-neutral-light-700\">\n<hr\/>\n<\/section>\n<\/div>\n<p><script id=\"facebookpixel\" defer=\"\" type=\"text\/javascript\">\n        !function(f,b,e,v,n,t,s)\n        {if(f.fbq)return;n=f.fbq=function(){n.callMethod?\n        n.callMethod.apply(n,arguments):n.queue.push(arguments)};\n        if(!f._fbq)f._fbq=n;n.push=n;n.loaded=!0;n.version='2.0';\n        n.queue=[];t=b.createElement(e);t.async=!0;\n        t.src=v;s=b.getElementsByTagName(e)[0];\n        s.parentNode.insertBefore(t,s)}(window, document,'script',\n        'https:\/\/connect.facebook.net\/en_US\/fbevents.js');\n        fbq('init', '492459597522335');\n        fbq('track', 'PageView');\n    <\/script><\/p>\n","protected":false},"excerpt":{"rendered":"<p>El d\u00f3lar subi\u00f3 en la primera rueda de septiembre debido a la demanda estacional de inicio de mes. La cotizaci\u00f3n minorista present\u00f3 una leve suba y se ubic\u00f3 nuevamente en los $1535, el mismo valor nominal m\u00e1ximo del a\u00f1o que toc\u00f3 a fines de agosto. La cotizaci\u00f3n del d\u00f3lar al que accede el p\u00fablico cerr\u00f3 [&hellip;]<\/p>\n","protected":false},"author":2,"featured_media":241558,"comment_status":"closed","ping_status":"closed","sticky":false,"template":"","format":"standard","meta":{"footnotes":""},"categories":[28],"tags":[],"class_list":["post-241557","post","type-post","status-publish","format-standard","has-post-thumbnail","hentry","category-economia"],"_links":{"self":[{"href":"https:\/\/radioacuariofm.com.ar\/index.php?rest_route=\/wp\/v2\/posts\/241557","targetHints":{"allow":["GET"]}}],"collection":[{"href":"https:\/\/radioacuariofm.com.ar\/index.php?rest_route=\/wp\/v2\/posts"}],"about":[{"href":"https:\/\/radioacuariofm.com.ar\/index.php?rest_route=\/wp\/v2\/types\/post"}],"author":[{"embeddable":true,"href":"https:\/\/radioacuariofm.com.ar\/index.php?rest_route=\/wp\/v2\/users\/2"}],"replies":[{"embeddable":true,"href":"https:\/\/radioacuariofm.com.ar\/index.php?rest_route=%2Fwp%2Fv2%2Fcomments&post=241557"}],"version-history":[{"count":1,"href":"https:\/\/radioacuariofm.com.ar\/index.php?rest_route=\/wp\/v2\/posts\/241557\/revisions"}],"predecessor-version":[{"id":241559,"href":"https:\/\/radioacuariofm.com.ar\/index.php?rest_route=\/wp\/v2\/posts\/241557\/revisions\/241559"}],"wp:featuredmedia":[{"embeddable":true,"href":"https:\/\/radioacuariofm.com.ar\/index.php?rest_route=\/wp\/v2\/media\/241558"}],"wp:attachment":[{"href":"https:\/\/radioacuariofm.com.ar\/index.php?rest_route=%2Fwp%2Fv2%2Fmedia&parent=241557"}],"wp:term":[{"taxonomy":"category","embeddable":true,"href":"https:\/\/radioacuariofm.com.ar\/index.php?rest_route=%2Fwp%2Fv2%2Fcategories&post=241557"},{"taxonomy":"post_tag","embeddable":true,"href":"https:\/\/radioacuariofm.com.ar\/index.php?rest_route=%2Fwp%2Fv2%2Ftags&post=241557"}],"curies":[{"name":"wp","href":"https:\/\/api.w.org\/{rel}","templated":true}]}}