{"id":241542,"date":"2026-09-01T13:38:58","date_gmt":"2026-09-01T16:38:58","guid":{"rendered":"https:\/\/radioacuariofm.com.ar\/?p=241542"},"modified":"2026-09-01T13:39:00","modified_gmt":"2026-09-01T16:39:00","slug":"educacion-y-una-empresa-de-ingenieria-desarrollaran-experiencias-educativas","status":"publish","type":"post","link":"https:\/\/radioacuariofm.com.ar\/?p=241542","title":{"rendered":"Educaci\u00f3n y una empresa de ingenier\u00eda desarrollar\u00e1n experiencias educativas"},"content":{"rendered":"<p><\/p>\n<div>\n<p>El Ministerio de Educaci\u00f3n y la empresa de ingenier\u00eda Syotec firmaron un convenio de asistencia, colaboraci\u00f3n y cooperaci\u00f3n rec\u00edproca destinado a complementar la formaci\u00f3n de los estudiantes con las necesidades del sector socio-productivo de la provincia.<\/p>\n<p>La firma se realiz\u00f3 en el Ministerio de Educaci\u00f3n y estuvo encabezada por la ministra Silvia Fuentes y el socio administrador de Syotec, Gast\u00f3n Ch\u00e1vez.<\/p>\n<p>El acuerdo establece un marco de trabajo conjunto para desarrollar experiencias educativas y acciones de asistencia t\u00e9cnica que permitan complementar la formaci\u00f3n acad\u00e9mica con conocimientos y pr\u00e1cticas vinculadas al mundo laboral.<\/p>\n<p>La articulaci\u00f3n tendr\u00e1 especial impacto en estudiantes de escuelas e institutos, con prioridad en la educaci\u00f3n t\u00e9cnica e industrial, y permitir\u00e1 generar propuestas relacionadas con \u00e1reas como montaje electromec\u00e1nico, instalaciones industriales, redes hidr\u00e1ulicas, automatizaci\u00f3n y mantenimiento especializado, campos vinculados con actividades productivas de la provincia.<\/p>\n<p>\u201cPara nosotros es fundamental que nuestros estudiantes puedan encontrarse con el mundo del trabajo antes de egresar. La formaci\u00f3n t\u00e9cnica tiene que estar conectada con lo que sucede en nuestras industrias, con las nuevas tecnolog\u00edas y con lo que hoy demanda San Juan\u201d, destac\u00f3 la ministra Silvia Fuentes.<\/p>\n<p>La titular de Educaci\u00f3n agreg\u00f3 que estos acuerdos permiten ampliar las oportunidades de aprendizaje m\u00e1s all\u00e1 del aula. \u201cCuando una empresa abre sus puertas y pone a disposici\u00f3n su experiencia, sus profesionales y sus conocimientos, estamos generando mejores condiciones para que los j\u00f3venes puedan formarse, conocer distintas realidades laborales y proyectar su futuro\u201d, se\u00f1al\u00f3.<\/p>\n<p>Syotec es una empresa de ingenier\u00eda que desarrolla soluciones vinculadas al montaje electromec\u00e1nico, instalaciones industriales, redes hidr\u00e1ulicas, automatizaci\u00f3n y mantenimiento especializado, con participaci\u00f3n en proyectos relacionados con sectores como la miner\u00eda y la energ\u00eda.<\/p>\n<p>Chavez destac\u00f3 el valor de que una empresa local pueda contribuir a la formaci\u00f3n de las nuevas generaciones. \u201cSomos una empresa sanjuanina y trabajamos con muchos profesionales que se formaron en nuestra provincia. Conocemos el nivel de nuestros egresados y tambi\u00e9n las necesidades que tiene el sector productivo, por eso creemos que es importante generar este v\u00ednculo desde la etapa de formaci\u00f3n\u201d, afirm\u00f3.<\/p>\n<p>El convenio tambi\u00e9n contempla promover la actualizaci\u00f3n tecnol\u00f3gica de docentes, el intercambio de experiencias, materiales did\u00e1cticos y recursos de apoyo, adem\u00e1s de impulsar acciones destinadas a mejorar la empleabilidad y la capacidad emprendedora de los estudiantes.<\/p>\n<p>Las actividades, los recursos y los cronogramas de cada iniciativa ser\u00e1n definidos mediante acuerdos espec\u00edficos o protocolos adicionales entre las partes, de acuerdo con las caracter\u00edsticas de cada propuesta.<\/p>\n<\/p><\/div>\n<p><script async defer crossorigin=\"anonymous\" src=\"https:\/\/connect.facebook.net\/es_ES\/sdk.js#xfbml=1&#038;version=v3.3\"><\/script><\/p>\n","protected":false},"excerpt":{"rendered":"<p>El Ministerio de Educaci\u00f3n y la empresa de ingenier\u00eda Syotec firmaron un convenio de asistencia, colaboraci\u00f3n y cooperaci\u00f3n rec\u00edproca destinado a complementar la formaci\u00f3n de los estudiantes con las necesidades del sector socio-productivo de la provincia. La firma se realiz\u00f3 en el Ministerio de Educaci\u00f3n y estuvo encabezada por la ministra Silvia Fuentes y el [&hellip;]<\/p>\n","protected":false},"author":2,"featured_media":241543,"comment_status":"closed","ping_status":"closed","sticky":false,"template":"","format":"standard","meta":{"footnotes":""},"categories":[27],"tags":[],"class_list":["post-241542","post","type-post","status-publish","format-standard","has-post-thumbnail","hentry","category-san-juan"],"_links":{"self":[{"href":"https:\/\/radioacuariofm.com.ar\/index.php?rest_route=\/wp\/v2\/posts\/241542","targetHints":{"allow":["GET"]}}],"collection":[{"href":"https:\/\/radioacuariofm.com.ar\/index.php?rest_route=\/wp\/v2\/posts"}],"about":[{"href":"https:\/\/radioacuariofm.com.ar\/index.php?rest_route=\/wp\/v2\/types\/post"}],"author":[{"embeddable":true,"href":"https:\/\/radioacuariofm.com.ar\/index.php?rest_route=\/wp\/v2\/users\/2"}],"replies":[{"embeddable":true,"href":"https:\/\/radioacuariofm.com.ar\/index.php?rest_route=%2Fwp%2Fv2%2Fcomments&post=241542"}],"version-history":[{"count":1,"href":"https:\/\/radioacuariofm.com.ar\/index.php?rest_route=\/wp\/v2\/posts\/241542\/revisions"}],"predecessor-version":[{"id":241544,"href":"https:\/\/radioacuariofm.com.ar\/index.php?rest_route=\/wp\/v2\/posts\/241542\/revisions\/241544"}],"wp:featuredmedia":[{"embeddable":true,"href":"https:\/\/radioacuariofm.com.ar\/index.php?rest_route=\/wp\/v2\/media\/241543"}],"wp:attachment":[{"href":"https:\/\/radioacuariofm.com.ar\/index.php?rest_route=%2Fwp%2Fv2%2Fmedia&parent=241542"}],"wp:term":[{"taxonomy":"category","embeddable":true,"href":"https:\/\/radioacuariofm.com.ar\/index.php?rest_route=%2Fwp%2Fv2%2Fcategories&post=241542"},{"taxonomy":"post_tag","embeddable":true,"href":"https:\/\/radioacuariofm.com.ar\/index.php?rest_route=%2Fwp%2Fv2%2Ftags&post=241542"}],"curies":[{"name":"wp","href":"https:\/\/api.w.org\/{rel}","templated":true}]}}