{"id":241536,"date":"2026-09-01T13:11:10","date_gmt":"2026-09-01T16:11:10","guid":{"rendered":"https:\/\/radioacuariofm.com.ar\/?p=241536"},"modified":"2026-09-01T13:11:12","modified_gmt":"2026-09-01T16:11:12","slug":"gabriela-renaudo-asume-la-presidencia-de-amcham-argentina","status":"publish","type":"post","link":"https:\/\/radioacuariofm.com.ar\/?p=241536","title":{"rendered":"Gabriela Renaudo asume la presidencia de AmCham Argentina"},"content":{"rendered":"<p><\/p>\n<div>\n<p class=\"com-paragraph --s\"><strong>Gabriela Renaudo, Group Country Manager de Cono Sur de Visa, fue designada nueva presidente de AmCham Argentina, <\/strong>la C\u00e1mara de Comercio de Estados Unidos en el pa\u00eds. La ejecutiva sucede a Mariana Schoua, quien encabezaba la instituci\u00f3n desde junio de 2025 y se hab\u00eda convertido en la primera mujer en ocupar ese cargo desde la fundaci\u00f3n de la entidad.<\/p>\n<p class=\"com-paragraph --s\">El nombramiento se produjo en el marco de la renovaci\u00f3n de las autoridades del Directorio y del Comit\u00e9 Ejecutivo de AmCham, una organizaci\u00f3n que re\u00fane a m\u00e1s de <strong>700 empresas de 42 industrias<\/strong> y que cuenta con m\u00e1s de 100 a\u00f1os de presencia en la Argentina.<\/p>\n<p class=\"com-paragraph --s\">\u201cEs un honor asumir la presidencia de AmCham Argentina y representar a la comunidad de negocios m\u00e1s importante del pa\u00eds, que tiene un compromiso profundo con el desarrollo federal\u201d, se\u00f1al\u00f3 Renaudo.<\/p>\n<p class=\"com-paragraph --s\">La ejecutiva asegur\u00f3 que durante su gesti\u00f3n la c\u00e1mara <strong>buscar\u00e1 profundizar una agenda centrada en la competitividad y las inversiones. <\/strong>\u201cAsumo esta responsabilidad con la convicci\u00f3n de que el crecimiento sostenible requiere instituciones s\u00f3lidas, di\u00e1logo y una mirada de largo plazo. Desde la C\u00e1mara seguiremos trabajando para fortalecer la competitividad, promover la inversi\u00f3n y contribuir a una Argentina con mayores oportunidades\u201d, afirm\u00f3.<\/p>\n<p class=\"com-paragraph --s\"><strong>Renaudo reemplazar\u00e1 a<\/strong> <strong>Mariana Schoua<\/strong>, quien estuvo al frente de la entidad desde junio de 2025. Al finalizar su mandato, la ejecutiva destac\u00f3 el crecimiento de la organizaci\u00f3n y su papel como \u00e1mbito de di\u00e1logo entre empresas, autoridades y otros actores de la sociedad.<\/p>\n<p class=\"com-paragraph --s\">\u201cCierro esta etapa profundamente agradecida y orgullosa. Vi crecer a esta instituci\u00f3n, ampliar su influencia y consolidarse como uno de los espacios m\u00e1s relevantes de di\u00e1logo entre el sector privado, el sector p\u00fablico y la sociedad argentina\u201d, sostuvo Schoua.<\/p>\n<p><h2 class=\"font-primary font-w-bold text-subheading-lg text-left container-center-100 mb-8\"><span>La nueva conducci\u00f3n de AmCham<\/span><\/h2>\n<\/p>\n<p class=\"com-paragraph --s\">Junto con Renaudo, <strong>el nuevo Comit\u00e9 Ejecutivo <\/strong>qued\u00f3 integrado por Mart\u00edn Genesio, de AES Argentina, como vicepresidente I; Luis Enrique Guastini, de ManpowerGroup Argentina, como vicepresidente II; Facundo G\u00f3mez Minuj\u00edn, de JP Morgan, como secretario; y Juan Farinati, de Bayer, como tesorero.<\/p>\n<p class=\"com-paragraph --s\">Tambi\u00e9n forman parte de la <strong>conducci\u00f3n <\/strong>Sebasti\u00e1n Wodka, de SC Johnson, como prosecretario; Lorena Zicker, de Amazon Web Services, como protesorera; y Milagros Arg\u00fcello, de Boston Scientific; Fernando Garc\u00eda Cozzi, de Cargill; Mar\u00eda Eugenia Tibessio, de DuPont; y Guillermo Malm Green, de Bons &amp; Salas, como vocales.<\/p>\n<p class=\"com-paragraph --s\">AmCham Argentina nuclea actualmente a m\u00e1s de <strong>700 compa\u00f1\u00edas, <\/strong>que, seg\u00fan datos de la propia entidad, <strong>representan el 24% del PBI,<\/strong> el 39% de la recaudaci\u00f3n fiscal, el 35% de las importaciones y el 45% de las exportaciones del pa\u00eds. Adem\u00e1s, las empresas que integran la C\u00e1mara generan m\u00e1s de <strong>420.000 empleos directos<\/strong> y cuatro millones indirectos.<\/p>\n<p class=\"com-paragraph --s\">Con m\u00e1s de un siglo de trayectoria, la organizaci\u00f3n trabaja para fortalecer la relaci\u00f3n comercial entre la Argentina y Estados Unidos y desarrolla iniciativas vinculadas con sectores como agroindustria, energ\u00eda, innovaci\u00f3n, miner\u00eda, salud, turismo y comercio, entre otros.<\/p>\n<section class=\"container-center-100 mb-40 border border-bottom border-thin border-neutral-light-700\">\n<hr\/>\n<\/section>\n<\/div>\n<p><script id=\"facebookpixel\" defer=\"\" type=\"text\/javascript\">\n        !function(f,b,e,v,n,t,s)\n        {if(f.fbq)return;n=f.fbq=function(){n.callMethod?\n        n.callMethod.apply(n,arguments):n.queue.push(arguments)};\n        if(!f._fbq)f._fbq=n;n.push=n;n.loaded=!0;n.version='2.0';\n        n.queue=[];t=b.createElement(e);t.async=!0;\n        t.src=v;s=b.getElementsByTagName(e)[0];\n        s.parentNode.insertBefore(t,s)}(window, document,'script',\n        'https:\/\/connect.facebook.net\/en_US\/fbevents.js');\n        fbq('init', '492459597522335');\n        fbq('track', 'PageView');\n    <\/script><\/p>\n","protected":false},"excerpt":{"rendered":"<p>Gabriela Renaudo, Group Country Manager de Cono Sur de Visa, fue designada nueva presidente de AmCham Argentina, la C\u00e1mara de Comercio de Estados Unidos en el pa\u00eds. La ejecutiva sucede a Mariana Schoua, quien encabezaba la instituci\u00f3n desde junio de 2025 y se hab\u00eda convertido en la primera mujer en ocupar ese cargo desde la [&hellip;]<\/p>\n","protected":false},"author":2,"featured_media":241537,"comment_status":"closed","ping_status":"closed","sticky":false,"template":"","format":"standard","meta":{"footnotes":""},"categories":[28],"tags":[],"class_list":["post-241536","post","type-post","status-publish","format-standard","has-post-thumbnail","hentry","category-economia"],"_links":{"self":[{"href":"https:\/\/radioacuariofm.com.ar\/index.php?rest_route=\/wp\/v2\/posts\/241536","targetHints":{"allow":["GET"]}}],"collection":[{"href":"https:\/\/radioacuariofm.com.ar\/index.php?rest_route=\/wp\/v2\/posts"}],"about":[{"href":"https:\/\/radioacuariofm.com.ar\/index.php?rest_route=\/wp\/v2\/types\/post"}],"author":[{"embeddable":true,"href":"https:\/\/radioacuariofm.com.ar\/index.php?rest_route=\/wp\/v2\/users\/2"}],"replies":[{"embeddable":true,"href":"https:\/\/radioacuariofm.com.ar\/index.php?rest_route=%2Fwp%2Fv2%2Fcomments&post=241536"}],"version-history":[{"count":1,"href":"https:\/\/radioacuariofm.com.ar\/index.php?rest_route=\/wp\/v2\/posts\/241536\/revisions"}],"predecessor-version":[{"id":241538,"href":"https:\/\/radioacuariofm.com.ar\/index.php?rest_route=\/wp\/v2\/posts\/241536\/revisions\/241538"}],"wp:featuredmedia":[{"embeddable":true,"href":"https:\/\/radioacuariofm.com.ar\/index.php?rest_route=\/wp\/v2\/media\/241537"}],"wp:attachment":[{"href":"https:\/\/radioacuariofm.com.ar\/index.php?rest_route=%2Fwp%2Fv2%2Fmedia&parent=241536"}],"wp:term":[{"taxonomy":"category","embeddable":true,"href":"https:\/\/radioacuariofm.com.ar\/index.php?rest_route=%2Fwp%2Fv2%2Fcategories&post=241536"},{"taxonomy":"post_tag","embeddable":true,"href":"https:\/\/radioacuariofm.com.ar\/index.php?rest_route=%2Fwp%2Fv2%2Ftags&post=241536"}],"curies":[{"name":"wp","href":"https:\/\/api.w.org\/{rel}","templated":true}]}}