{"id":241527,"date":"2026-09-01T11:09:00","date_gmt":"2026-09-01T14:09:00","guid":{"rendered":"https:\/\/radioacuariofm.com.ar\/?p=241527"},"modified":"2026-09-01T11:09:05","modified_gmt":"2026-09-01T14:09:05","slug":"las-busquedas-de-los-argentinos-en-google-reflejan-la-crisis-del-empleo-formal-y-la-saturacion-de-las-apps","status":"publish","type":"post","link":"https:\/\/radioacuariofm.com.ar\/?p=241527","title":{"rendered":"Las b\u00fasquedas de los argentinos en Google reflejan la crisis del empleo formal y la \u201csaturaci\u00f3n\u201d de las apps"},"content":{"rendered":"<p><\/p>\n<div>\n<p class=\"com-paragraph --capital --s\">Las consultas de los argentinos en Google reflejan la crisis que atraviesa el empleo formal: en el pa\u00eds <strong>caen las b\u00fasquedas de palabras como \u201cpsicot\u00e9cnico\u201d y \u201cpreocupacional\u201d, asociadas con el ingreso a un nuevo trabajo, mientras crecen las consultas por \u201cdespidos\u201d y \u201cfacturar\u201d<\/strong>, esta \u00faltima asociada con el crecimiento del monotributo. <a href=\"https:\/\/www.lanacion.com.ar\/economia\/la-carrera-por-llegar-a-fin-de-mes-mas-integrantes-de-la-familia-buscan-trabajo-y-crece-el-peso-de-nid24082026\/\" target=\"_self\" title=\"https:\/\/www.lanacion.com.ar\/economia\/la-carrera-por-llegar-a-fin-de-mes-mas-integrantes-de-la-familia-buscan-trabajo-y-crece-el-peso-de-nid24082026\/\" class=\"com-link break-word\" data-mrf-recirculation=\"n_link_parrafo\">El buscador m\u00e1s utilizado del mundo tambi\u00e9n muestra ahora un freno en el inter\u00e9s por descargar aplicaciones como <strong>Uber, Cabify, DiDi, Rappi o PedidosYa<\/strong> para trabajar.<\/a><\/p>\n<p class=\"com-paragraph --s\">Algunos analistas consideran que puede ser un s\u00edntoma de <strong>\u201csaturaci\u00f3n\u201d<\/strong> en ocupaciones que funcionaron como refugio para quienes quedaron fuera del segmento formal del mercado laboral. La l\u00f3gica es simple:<strong> <\/strong>cada vez m\u00e1s repartidores y conductores compiten por una cantidad de viajes y pedidos que no crece al mismo ritmo; <strong>hay menos trabajo disponible para cada uno y los ingresos se achican, una situaci\u00f3n que vienen advirtiendo trabajadores y gremios del sector.<\/strong><\/p>\n<div class=\"content-media\">\n<section role=\"button\" class=\"mod-media   \">\n<figure role=\"button\" tabindex=\"0\" class=\"mod-figure \"><figcaption class=\"mod-figcaption\"><span class=\"com-text --caption --twoxs\">Las b\u00fasquedas en Google reflejan la situaci\u00f3n del mercado de trabajo en el pa\u00eds.<\/span><span class=\"com-text --credit --twoxs\">Cecilia Di Dio &#8211; Shutterstock<\/span><\/figcaption><\/figure>\n<\/section>\n<\/div>\n<p class=\"com-paragraph --s\">La lectura surge de un ejercicio realizado por <strong>Econviews<\/strong> ante el rezago con el que se publican las estad\u00edsticas laborales. A fines de agosto, los \u00faltimos datos del <strong>Sistema Integrado Previsional Argentino (SIPA)<\/strong> llegan hasta mayo y los de la <strong>Encuesta Permanente de Hogares (EPH)<\/strong>, que permite observar tambi\u00e9n la informalidad, hasta el primer trimestre. Para aproximarse a una fotograf\u00eda m\u00e1s reciente, la consultora que dirige Miguel Kiguel analiz\u00f3 <em><strong>Google Trends<\/strong><\/em> y compar\u00f3 la evoluci\u00f3n de distintas b\u00fasquedas con indicadores oficiales del mercado de trabajo.<\/p>\n<p class=\"com-paragraph --s\">Entre febrero y mayo se perdieron <strong>89.000 empleos asalariados formales en el sector privado<\/strong>, seg\u00fan informaci\u00f3n del SIPA. En apenas tres meses desapareci\u00f3 la misma cantidad de puestos que durante todo 2025.<\/p>\n<div class=\"content-media\">\n<section role=\"button\" class=\"mod-media   \">\n<figure role=\"button\" tabindex=\"0\" class=\"mod-figure \"><figcaption class=\"mod-figcaption\"><span class=\"com-text --caption --twoxs\">Las b\u00fasquedas de \u201cpsicot\u00e9cnico\u201d y \u201cpreocupacional\u201d acompa\u00f1an de cerca la evoluci\u00f3n del empleo asalariado privado formal.<\/span><\/figcaption><\/figure>\n<\/section>\n<\/div>\n<p class=\"com-paragraph --s\">Las <strong>b\u00fasquedas de \u201cpsicot\u00e9cnico\u201d y \u201cpreocupacional\u201d hab\u00edan ca\u00eddo 7%<\/strong> en los tres meses anteriores a febrero, su peor desempe\u00f1o desde julio de 2024, y<strong> retrocedieron otro 4% entre febrero y agosto<\/strong>, aunque con una trayectoria irregular. <strong>\u201cLas personas que googlean estas palabras son un buen proxy de cu\u00e1ntos ingresan al universo formal, pero no de cu\u00e1ntos salen\u201d<\/strong>, explic\u00f3 Econviews.<\/p>\n<p class=\"com-paragraph --s\">Para aproximarse a esa segunda dimensi\u00f3n,<strong> la consultora analiz\u00f3 las b\u00fasquedas de \u201cdespidos\u201d.<\/strong> El inter\u00e9s por el t\u00e9rmino salt\u00f3 44% en febrero, mientras se discut\u00eda la reforma laboral, y desde entonces aument\u00f3 otro 13%. <strong>Econviews aclar\u00f3 que es \u201cmenos \u00fatil como predictor\u201d<\/strong> porque se trata de una b\u00fasqueda m\u00e1s amplia, que incluye al sector p\u00fablico y puede estar atravesada por el debate pol\u00edtico.<\/p>\n<div class=\"content-media\">\n<section role=\"button\" class=\"mod-media   \">\n<figure role=\"button\" tabindex=\"0\" class=\"mod-figure \"><figcaption class=\"mod-figcaption\"><span class=\"com-text --caption --twoxs\">Un trabajador de plataformas de delivery realiza compras en un supermercado.<\/span><span class=\"com-text --credit --twoxs\">Daniel Basualdo<\/span><\/figcaption><\/figure>\n<\/section>\n<\/div>\n<p class=\"com-paragraph --s\">Un relevamiento del <strong>Ieral de la Fundaci\u00f3n Mediterr\u00e1nea<\/strong> record\u00f3 que desde noviembre de 2023 desaparecieron alrededor de <strong>241.000 puestos de trabajo privados formales<\/strong>, una ca\u00edda cercana al 4%. El deterioro se concentr\u00f3 especialmente en dos actividades intensivas en mano de obra: <strong>la industria perdi\u00f3 unos 85.600 puestos y la construcci\u00f3n, otros 62.700<\/strong>. Entre ambas explican cerca del <strong>62% de la ca\u00edda total<\/strong>.<\/p>\n<div class=\"content-media\">\n<section role=\"button\" class=\"mod-media   \">\n<figure role=\"button\" tabindex=\"0\" class=\"mod-figure \"><figcaption class=\"mod-figcaption\"><span class=\"com-text --caption --twoxs\">Las consultas por \u201cfacturar\u201d muestran una trayectoria similar al crecimiento de la cantidad de monotributistas.<\/span><\/figcaption><\/figure>\n<\/section>\n<\/div>\n<p class=\"com-paragraph --s\">El fen\u00f3meno tambi\u00e9n refleja la heterogeneidad de la econom\u00eda. Mientras la industria y la construcci\u00f3n \u2014actividades con fuerte incidencia sobre el empleo\u2014 perdieron puestos, el agro mostr\u00f3 una evoluci\u00f3n positiva. <strong>La mejora de algunos sectores de la actividad, por lo tanto, no se traduce necesariamente en una recuperaci\u00f3n equivalente del empleo privado formal.<\/strong><\/p>\n<p class=\"com-paragraph --s\">Pero la destrucci\u00f3n de empleo registrado convivi\u00f3 con un aumento de los puestos de trabajo bajo otras modalidades. Seg\u00fan el cuadro elaborado por Econviews a partir de datos oficiales, <strong>en los \u00faltimos dos a\u00f1os la econom\u00eda sum\u00f3 463.000 puestos de trabajo<\/strong>, pese a que los puestos asalariados registrados se redujeron en 193.000. En paralelo, <strong>los puestos asalariados no registrados aumentaron en 228.000 y los no asalariados, en 429.000<\/strong>. El n\u00famero de monotributistas, que surge de otra estad\u00edstica oficial, aument\u00f3 en 129.000, hasta los 2,2 millones.<\/p>\n<div class=\"content-media\">\n<section role=\"button\" class=\"mod-media   \">\n<figure role=\"button\" tabindex=\"0\" class=\"mod-figure \"><figcaption class=\"mod-figcaption\"><span class=\"com-text --caption --twoxs\">Las b\u00fasquedas de \u201cdespidos\u201d volvieron a crecer con fuerza en los \u00faltimos meses, en paralelo con el deterioro del mercado laboral.<\/span><\/figcaption><\/figure>\n<\/section>\n<\/div>\n<p class=\"com-paragraph --s\">La misma divergencia se observa en el \u00faltimo a\u00f1o: hubo <strong>215.000 puestos de trabajo m\u00e1s<\/strong>, pese a que los asalariados registrados se redujeron en 119.000. Los puestos no registrados aumentaron en 183.000 y los no asalariados, en 151.000.<\/p>\n<p class=\"com-paragraph --s\">Google captura parte de ese desplazamiento. Las b\u00fasquedas de <strong>\u201cfacturar\u201d<\/strong>, que Econviews utiliza como aproximaci\u00f3n a la evoluci\u00f3n del monotributo y el cuentapropismo, crecieron 3% entre mayo y agosto.<\/p>\n<p class=\"com-paragraph --s\">Seg\u00fan la EPH, los cuentapropistas que cocinan y venden comida desde sus hogares o hacen delivery pasaron de <strong>82.000 en el primer trimestre de 2023 a 190.000 en igual per\u00edodo de 2026<\/strong>. En transporte, 105.000 personas se identificaron como cuentapropistas, aunque estimaciones gremiales calculan que existen m\u00e1s de 600.000 conductores de aplicaciones. La diferencia podr\u00eda obedecer, entre otros factores, a que muchos utilizan esas tareas como segundo empleo.<\/p>\n<div class=\"content-media\">\n<section role=\"button\" class=\"mod-media   \">\n<figure role=\"button\" tabindex=\"0\" class=\"mod-figure \"><figcaption class=\"mod-figcaption\"><span class=\"com-text --caption --twoxs\">Las b\u00fasquedas para trabajar en aplicaciones crecieron con fuerza desde 2022, pero comenzaron a retroceder en los \u00faltimos meses.<\/span><\/figcaption><\/figure>\n<\/section>\n<\/div>\n<p class=\"com-paragraph --s\">Econviews compar\u00f3 esos datos con las b\u00fasquedas para descargar Uber, Cabify, DiDi, Rappi y PedidosYa para trabajar. En 2025, las consultas crecieron 30%, mientras que la cantidad de trabajadores vinculados con esas actividades aument\u00f3 23%. En el primer trimestre de 2026 volvieron a avanzar 7%, casi en paralelo con el deterioro del empleo formal.<\/p>\n<p class=\"com-paragraph --s\">Desde marzo, sin embargo, la tendencia cambi\u00f3: <strong>las b\u00fasquedas cayeron 8% hasta agosto y frenaron su expansi\u00f3n por primera vez durante la gesti\u00f3n de Javier Milei<\/strong>.<\/p>\n<p class=\"com-paragraph --s\">\u201cPuede ser se\u00f1al de un mercado saturado, donde los viajes ya no rinden, o de que afloj\u00f3 la presi\u00f3n porque el universo formal ya no est\u00e1 tan mal\u201d, plante\u00f3 Econviews. La consultora consider\u00f3 que los datos de Google Trends se ajustan m\u00e1s a la primera hip\u00f3tesis.<\/p>\n<div class=\"content-media\">\n<section role=\"button\" class=\"mod-media   \">\n<figure role=\"button\" tabindex=\"0\" class=\"mod-figure \"><figcaption class=\"mod-figcaption\"><span class=\"com-text --caption --twoxs\">En los \u00faltimos dos a\u00f1os aumentaron los puestos de trabajo, pero el crecimiento se concentr\u00f3 fuera del empleo asalariado registrado.<\/span><\/figcaption><\/figure>\n<\/section>\n<\/div>\n<p class=\"com-paragraph --s\">El <strong>Centro de Estudios del Trabajo y el Desarrollo (Cetyd) de la Unsam<\/strong> lleg\u00f3 por otra v\u00eda a un diagn\u00f3stico similar. En su \u00faltimo informe sostuvo que <strong>\u201cel mercado laboral argentino est\u00e1 saturado\u201d<\/strong>: en la \u00faltima d\u00e9cada, la producci\u00f3n privada aument\u00f3 apenas 7%, mientras las horas trabajadas crecieron 11% y la cantidad de trabajadores, 17%.<\/p>\n<p class=\"com-paragraph --s\">La ca\u00edda de los ingresos empuja a m\u00e1s integrantes de los hogares a buscar empleo y a quienes ya trabajan a sumar otra ocupaci\u00f3n, pero esa mayor oferta encuentra una estructura productiva que no genera oportunidades al mismo ritmo. <strong>El ajuste, entonces, no aparece necesariamente como m\u00e1s desempleo, sino como subocupaci\u00f3n y empleos de menor calidad<\/strong>, entre ellos las llamadas \u201cocupaciones refugio\u201d.<strong> \u201cSe crea trabajo pero precario y con jornadas reducidas. Este es el s\u00edntoma de un mercado laboral saturado\u201d<\/strong>, concluy\u00f3 el centro.<\/p>\n<section class=\"container-center-100 mb-40 border border-bottom border-thin border-neutral-light-700\">\n<hr\/>\n<\/section>\n<\/div>\n<p><script id=\"facebookpixel\" defer=\"\" type=\"text\/javascript\">\n        !function(f,b,e,v,n,t,s)\n        {if(f.fbq)return;n=f.fbq=function(){n.callMethod?\n        n.callMethod.apply(n,arguments):n.queue.push(arguments)};\n        if(!f._fbq)f._fbq=n;n.push=n;n.loaded=!0;n.version='2.0';\n        n.queue=[];t=b.createElement(e);t.async=!0;\n        t.src=v;s=b.getElementsByTagName(e)[0];\n        s.parentNode.insertBefore(t,s)}(window, document,'script',\n        'https:\/\/connect.facebook.net\/en_US\/fbevents.js');\n        fbq('init', '492459597522335');\n        fbq('track', 'PageView');\n    <\/script><\/p>\n","protected":false},"excerpt":{"rendered":"<p>Las consultas de los argentinos en Google reflejan la crisis que atraviesa el empleo formal: en el pa\u00eds caen las b\u00fasquedas de palabras como \u201cpsicot\u00e9cnico\u201d y \u201cpreocupacional\u201d, asociadas con el ingreso a un nuevo trabajo, mientras crecen las consultas por \u201cdespidos\u201d y \u201cfacturar\u201d, esta \u00faltima asociada con el crecimiento del monotributo. El buscador m\u00e1s utilizado [&hellip;]<\/p>\n","protected":false},"author":2,"featured_media":241528,"comment_status":"closed","ping_status":"closed","sticky":false,"template":"","format":"standard","meta":{"footnotes":""},"categories":[28],"tags":[],"class_list":["post-241527","post","type-post","status-publish","format-standard","has-post-thumbnail","hentry","category-economia"],"_links":{"self":[{"href":"https:\/\/radioacuariofm.com.ar\/index.php?rest_route=\/wp\/v2\/posts\/241527","targetHints":{"allow":["GET"]}}],"collection":[{"href":"https:\/\/radioacuariofm.com.ar\/index.php?rest_route=\/wp\/v2\/posts"}],"about":[{"href":"https:\/\/radioacuariofm.com.ar\/index.php?rest_route=\/wp\/v2\/types\/post"}],"author":[{"embeddable":true,"href":"https:\/\/radioacuariofm.com.ar\/index.php?rest_route=\/wp\/v2\/users\/2"}],"replies":[{"embeddable":true,"href":"https:\/\/radioacuariofm.com.ar\/index.php?rest_route=%2Fwp%2Fv2%2Fcomments&post=241527"}],"version-history":[{"count":1,"href":"https:\/\/radioacuariofm.com.ar\/index.php?rest_route=\/wp\/v2\/posts\/241527\/revisions"}],"predecessor-version":[{"id":241529,"href":"https:\/\/radioacuariofm.com.ar\/index.php?rest_route=\/wp\/v2\/posts\/241527\/revisions\/241529"}],"wp:featuredmedia":[{"embeddable":true,"href":"https:\/\/radioacuariofm.com.ar\/index.php?rest_route=\/wp\/v2\/media\/241528"}],"wp:attachment":[{"href":"https:\/\/radioacuariofm.com.ar\/index.php?rest_route=%2Fwp%2Fv2%2Fmedia&parent=241527"}],"wp:term":[{"taxonomy":"category","embeddable":true,"href":"https:\/\/radioacuariofm.com.ar\/index.php?rest_route=%2Fwp%2Fv2%2Fcategories&post=241527"},{"taxonomy":"post_tag","embeddable":true,"href":"https:\/\/radioacuariofm.com.ar\/index.php?rest_route=%2Fwp%2Fv2%2Ftags&post=241527"}],"curies":[{"name":"wp","href":"https:\/\/api.w.org\/{rel}","templated":true}]}}