{"id":241518,"date":"2026-09-01T00:58:48","date_gmt":"2026-09-01T03:58:48","guid":{"rendered":"https:\/\/radioacuariofm.com.ar\/?p=241518"},"modified":"2026-09-01T00:58:50","modified_gmt":"2026-09-01T03:58:50","slug":"el-gobierno-otorgara-mas-subsidios-que-los-previstos-para-contener-la-suba-de-las-facturas-de-luz-y-gas-en-septiembre","status":"publish","type":"post","link":"https:\/\/radioacuariofm.com.ar\/?p=241518","title":{"rendered":"El Gobierno otorgar\u00e1 m\u00e1s subsidios que los previstos para contener la suba de las facturas de luz y gas en septiembre"},"content":{"rendered":"<p><\/p>\n<div>\n<p class=\"com-paragraph --capital --s\">El Gobierno oficializar\u00e1 este martes cambios en el esquema de subsidios a las<strong> tarifas de luz y gas<\/strong> para amortiguar el traslado del encarecimiento internacional de la energ\u00eda a las <strong>facturas <\/strong>de los hogares de menores ingresos y contener su impacto sobre la inflaci\u00f3n. <\/p>\n<p class=\"com-paragraph --s\">La decisi\u00f3n implica conceder beneficios m\u00e1s amplios que los contemplados en el cronograma original para septiembre y <a href=\"https:\/\/www.lanacion.com.ar\/economia\/las-medidas-con-las-que-el-gobierno-busca-reactivar-la-economia-en-la-previa-de-la-carrera-electoral-nid30082026\/\" target=\"_self\" title=\"https:\/\/www.lanacion.com.ar\/economia\/las-medidas-con-las-que-el-gobierno-busca-reactivar-la-economia-en-la-previa-de-la-carrera-electoral-nid30082026\/\" class=\"com-link break-word\" data-mrf-recirculation=\"n_link_parrafo\">va en l\u00ednea con la intenci\u00f3n oficial de mostrar mayor iniciativa para aliviar la situaci\u00f3n econ\u00f3mica.<\/a><\/p>\n<p class=\"com-paragraph --s\">Las medidas se instrumentar\u00e1n mediante resoluciones que se publicar\u00e1n en el Bolet\u00edn Oficial. Seg\u00fan confirm\u00f3 la Secretar\u00eda de Energ\u00eda a <strong>LA NACION<\/strong>, el incremento promedio de las facturas ser\u00e1 de 1,75% para la electricidad y de 1,40% para el gas natural, por debajo del 2,1% de inflaci\u00f3n registrado en julio. El primer ajuste alcanza a los usuarios de <strong>Edenor<\/strong> y <strong>Edesur<\/strong> en el <strong>\u00c1rea Metropolitana de Buenos Aires (AMBA)<\/strong>; el segundo regir\u00e1 en todo el pa\u00eds.<\/p>\n<p class=\"com-paragraph --s\"><strong>\u201cCon esta medida, el Gobierno Nacional refuerza su compromiso de proteger a los m\u00e1s vulnerables sin resignar el proceso de normalizaci\u00f3n tarifaria ni las metas fiscales\u201d<\/strong>, se\u00f1al\u00f3 Energ\u00eda.<\/p>\n<p class=\"com-paragraph --s\">El principal cambio ser\u00e1 el l\u00edmite mensual de consumo el\u00e9ctrico alcanzado por la bonificaci\u00f3n. <strong>El cronograma establec\u00eda que bajara desde los 300 kilovatios hora (kWh) vigentes hasta agosto a 150 kWh en septiembre, pero finalmente quedar\u00e1 en 200 kWh<\/strong>. Ser\u00e1 inferior al del mes anterior, aunque 50 kWh mayor que el programado. El consumo que supere ese tope pagar\u00e1 el precio sin descuento por el excedente.<\/p>\n<p class=\"com-paragraph --s\">Adem\u00e1s, <strong>la bonificaci\u00f3n extraordinaria de la electricidad subir\u00e1 de 16,59% a 25%<\/strong> y, sumada al beneficio base del 50%, llegar\u00e1 al 75% dentro del bloque subsidiado. <strong>En gas natural, el adicional ser\u00e1 de 24,5% \u2014frente al 25% de agosto\u2014 y el descuento total alcanzar\u00e1 el 74,5%<\/strong>. Por eso, el refuerzo se verifica contra el esquema previsto originalmente para septiembre y no representa una ampliaci\u00f3n lineal frente al mes anterior.<\/p>\n<p class=\"com-paragraph --s\">El r\u00e9gimen de <strong>Subsidios Energ\u00e9ticos Focalizados (SEF) <\/strong>comprende a los hogares cuyos ingresos netos totales sean inferiores a tres Canastas B\u00e1sicas Totales (BCT) para un hogar tipo 2, seg\u00fan el Indec ($4.694.148 en julio). Para determinar el umbral, se consideran en conjunto los ingresos de todos los integrantes del hogar.<\/p>\n<div class=\"content-media\">\n<section role=\"button\" class=\"mod-media   \">\n<figure role=\"button\" tabindex=\"0\" class=\"mod-figure \"><figcaption class=\"mod-figcaption\"><span class=\"com-text --caption --twoxs\">El gasto de la canasta de servicios p\u00fablicos aument\u00f3 944% desde diciembre de 2023, frente a un avance estimado del 249% del IPC. En lo que va de 2026 acumul\u00f3 una suba del 57,9%, contra una inflaci\u00f3n estimada del 21,7%. Las variaciones contemplan consumos de referencia y estacionalidad y no equivalen directamente a aumentos tarifarios.<\/span><\/figcaption><\/figure>\n<\/section>\n<\/div>\n<p class=\"com-paragraph --s\">Tambi\u00e9n podr\u00e1n quedar incluidos, siempre que no re\u00fanan las condiciones para integrar el segmento de mayores ingresos, los hogares con un integrante que tenga un Certificado de Vivienda expedido por el ReNaBaP, perciba una Pensi\u00f3n Vitalicia para Veteranos de Guerra del Atl\u00e1ntico Sur, o cuente con un Certificado \u00danico de Discapacidad (CUD).<\/p>\n<p class=\"com-paragraph --s\">El subsidio no se aplica sobre el total de la factura, sino \u00fanicamente sobre el<strong> costo de la energ\u00eda<\/strong> \u2014electricidad o gas\u2014. El resto de los cargos corresponde al transporte, la distribuci\u00f3n y los impuestos.<\/p>\n<p class=\"com-paragraph --s\">Los aumentos de 1,75% y 1,40% son impactos promedio estimados sobre las facturas, <strong>no una variaci\u00f3n id\u00e9ntica para cada usuario o componente tarifario. <\/strong>El monto particular depender\u00e1 de la distribuidora, la categor\u00eda, el consumo, el acceso al beneficio y los impuestos.<\/p>\n<p class=\"com-paragraph --s\">El nuevo ajuste se suma a una recomposici\u00f3n de los servicios p\u00fablicos que avanz\u00f3 muy por encima de la inflaci\u00f3n. Seg\u00fan el <strong>Observatorio de Tarifas y Subsidios del IIEP (UBA-Conicet)<\/strong>, un hogar promedio del AMBA necesit\u00f3 en agosto $289.622 para cubrir electricidad, gas, agua y transporte, considerando tarifas energ\u00e9ticas sin subsidios: aunque la canasta cay\u00f3 2,1% frente a julio por el menor consumo estacional de luz y gas, qued\u00f3 54% por encima de agosto de 2025, contra un IPC estimado del 34%. En los primeros ocho meses de 2026 acumul\u00f3 un aumento del 57,9%, frente a una inflaci\u00f3n del 21,7%, y desde diciembre de 2023, cuando asumi\u00f3 Javier Milei, se encareci\u00f3 944%, mientras que el nivel general de precios avanz\u00f3 249%.<\/p>\n<p class=\"com-paragraph --s\">Dentro de esa recomposici\u00f3n, <strong>el gasto estimado en gas fue el que m\u00e1s aument\u00f3 desde diciembre de 2023: 2071%<\/strong>, seguido por el transporte, con 1442%; el agua, con 544%; y la electricidad, con 501%. Solo durante 2026, hasta agosto, el gasto en gas acumul\u00f3 una suba del 168,2% y el de electricidad, del 36,8%. <\/p>\n<p class=\"com-paragraph --s\"><strong>Estas variaciones no representan directamente el aumento de las tarifas o de una factura individual<\/strong>, sino la evoluci\u00f3n del gasto calculado por el IIEP para un hogar representativo, sobre la base de consumos de referencia y contemplando la estacionalidad.<\/p>\n<p class=\"com-paragraph --s\">Pese al avance de las tarifas, <strong>los usuarios todav\u00eda no cubren la totalidad del costo de los servicios<\/strong>. En promedio, los hogares del AMBA afrontan mediante sus facturas el 55% de los costos y el Estado absorbe el 45% restante. En electricidad, el usuario residencial cubre en promedio el 63% del costo tomando como referencia los precios fijados para la demanda, mientras que en gas paga alrededor del 60% del costo de abastecimiento.<\/p>\n<div class=\"content-media\">\n<section role=\"button\" class=\"mod-media   \">\n<figure role=\"button\" tabindex=\"0\" class=\"mod-figure \"><figcaption class=\"mod-figcaption\"><span class=\"com-text --caption --twoxs\">La canasta de servicios p\u00fablicos del AMBA represent\u00f3 en agosto el 14,5% de un salario registrado promedio. Un a\u00f1o atr\u00e1s, con un salario pod\u00edan comprarse 8,1 canastas; actualmente alcanza para 6,9.<\/span><\/figcaption><\/figure>\n<\/section>\n<\/div>\n<p class=\"com-paragraph --s\">La contracara es el peso que adquirieron los servicios sobre los ingresos. <strong>La canasta completa equivale a alrededor del 14,5% de un salario registrado promedio, estimado en $1.993.280<\/strong>. Un a\u00f1o atr\u00e1s, con un salario pod\u00edan comprarse 8,1 canastas de servicios p\u00fablicos, mientras que ahora alcanza para 6,9. Si se consideran \u00fanicamente la luz y el gas, las facturas representan <strong>el 5,1% del salario promedio para un hogar sin subsidios y el 3,7% para uno subsidiado<\/strong>, de acuerdo con los consumos de referencia del informe.<\/p>\n<p class=\"com-paragraph --s\">El proceso estuvo acompa\u00f1ado por una fuerte reducci\u00f3n de las transferencias estatales respecto del comienzo de la gesti\u00f3n: <strong>los subsidios acumulados en los \u00faltimos doce meses son 59% menores en t\u00e9rminos reales que en diciembre de 2023<\/strong>. Sin embargo, esa tendencia no fue lineal. En lo que va de 2026, hasta mediados de agosto, los subsidios destinados a energ\u00eda aumentaron 21% real interanual y las transferencias a Cammesa crecieron 46%, impulsadas, entre otros factores, por el mayor costo de la energ\u00eda durante el invierno en el marco del impacto de la guerra en Medio Oriente.<\/p>\n<section class=\"container-center-100 mb-40 border border-bottom border-thin border-neutral-light-700\">\n<hr\/>\n<\/section>\n<\/div>\n<p><script id=\"facebookpixel\" defer=\"\" type=\"text\/javascript\">\n        !function(f,b,e,v,n,t,s)\n        {if(f.fbq)return;n=f.fbq=function(){n.callMethod?\n        n.callMethod.apply(n,arguments):n.queue.push(arguments)};\n        if(!f._fbq)f._fbq=n;n.push=n;n.loaded=!0;n.version='2.0';\n        n.queue=[];t=b.createElement(e);t.async=!0;\n        t.src=v;s=b.getElementsByTagName(e)[0];\n        s.parentNode.insertBefore(t,s)}(window, document,'script',\n        'https:\/\/connect.facebook.net\/en_US\/fbevents.js');\n        fbq('init', '492459597522335');\n        fbq('track', 'PageView');\n    <\/script><\/p>\n","protected":false},"excerpt":{"rendered":"<p>El Gobierno oficializar\u00e1 este martes cambios en el esquema de subsidios a las tarifas de luz y gas para amortiguar el traslado del encarecimiento internacional de la energ\u00eda a las facturas de los hogares de menores ingresos y contener su impacto sobre la inflaci\u00f3n. La decisi\u00f3n implica conceder beneficios m\u00e1s amplios que los contemplados en [&hellip;]<\/p>\n","protected":false},"author":2,"featured_media":241519,"comment_status":"closed","ping_status":"closed","sticky":false,"template":"","format":"standard","meta":{"footnotes":""},"categories":[28],"tags":[],"class_list":["post-241518","post","type-post","status-publish","format-standard","has-post-thumbnail","hentry","category-economia"],"_links":{"self":[{"href":"https:\/\/radioacuariofm.com.ar\/index.php?rest_route=\/wp\/v2\/posts\/241518","targetHints":{"allow":["GET"]}}],"collection":[{"href":"https:\/\/radioacuariofm.com.ar\/index.php?rest_route=\/wp\/v2\/posts"}],"about":[{"href":"https:\/\/radioacuariofm.com.ar\/index.php?rest_route=\/wp\/v2\/types\/post"}],"author":[{"embeddable":true,"href":"https:\/\/radioacuariofm.com.ar\/index.php?rest_route=\/wp\/v2\/users\/2"}],"replies":[{"embeddable":true,"href":"https:\/\/radioacuariofm.com.ar\/index.php?rest_route=%2Fwp%2Fv2%2Fcomments&post=241518"}],"version-history":[{"count":1,"href":"https:\/\/radioacuariofm.com.ar\/index.php?rest_route=\/wp\/v2\/posts\/241518\/revisions"}],"predecessor-version":[{"id":241520,"href":"https:\/\/radioacuariofm.com.ar\/index.php?rest_route=\/wp\/v2\/posts\/241518\/revisions\/241520"}],"wp:featuredmedia":[{"embeddable":true,"href":"https:\/\/radioacuariofm.com.ar\/index.php?rest_route=\/wp\/v2\/media\/241519"}],"wp:attachment":[{"href":"https:\/\/radioacuariofm.com.ar\/index.php?rest_route=%2Fwp%2Fv2%2Fmedia&parent=241518"}],"wp:term":[{"taxonomy":"category","embeddable":true,"href":"https:\/\/radioacuariofm.com.ar\/index.php?rest_route=%2Fwp%2Fv2%2Fcategories&post=241518"},{"taxonomy":"post_tag","embeddable":true,"href":"https:\/\/radioacuariofm.com.ar\/index.php?rest_route=%2Fwp%2Fv2%2Ftags&post=241518"}],"curies":[{"name":"wp","href":"https:\/\/api.w.org\/{rel}","templated":true}]}}