{"id":241503,"date":"2026-08-31T15:22:49","date_gmt":"2026-08-31T18:22:49","guid":{"rendered":"https:\/\/radioacuariofm.com.ar\/?p=241503"},"modified":"2026-08-31T15:22:50","modified_gmt":"2026-08-31T18:22:50","slug":"san-juan-logro-seis-medallas-en-boccia-adaptada","status":"publish","type":"post","link":"https:\/\/radioacuariofm.com.ar\/?p=241503","title":{"rendered":"San Juan logr\u00f3 seis medallas en boccia adaptada"},"content":{"rendered":"<p><\/p>\n<div>\n<p>Con el acompa\u00f1amiento del <strong>Gobierno de San Juan, <\/strong>a trav\u00e9s del Ministerio de Turismo, Cultura y Deporte y la Secretar\u00eda de Deporte, una delegaci\u00f3n de 22 personas represent\u00f3 a la provincia en el <strong>Encuentro Regional de Boccia Adaptada<\/strong>, realizado el 28 y 29 de agosto en el <strong>Polideportivo Municipal de General Alvear, Mendoza<\/strong>. La disciplina forma parte del Programa de Deporte Adaptado, dependiente de la Direcci\u00f3n de Pol\u00edticas Educativas e Inclusivas.<\/p>\n<p>Los representantes sanjuaninos tuvieron una destacada actuaci\u00f3n y regresaron con <strong>seis medallas<\/strong>. En categor\u00eda BC1, <strong>Luciano Castro<\/strong> obtuvo el oro y <strong>Noralli Benaventos<\/strong>, el bronce. En BC2, <strong>Lorena Fern\u00e1ndez<\/strong> se consagr\u00f3 con la medalla dorada.<\/p>\n<p>En BC3, San Juan tambi\u00e9n tuvo una gran cosecha: <strong>\u00c1ngela Rojas<\/strong> consigui\u00f3 el oro, <strong>Mar\u00eda M. Quiroga<\/strong> obtuvo la plata y <strong>Maira Fuentes<\/strong> complet\u00f3 el podio con la medalla de bronce. De esta manera, la provincia cerr\u00f3 su participaci\u00f3n con <strong>tres oros, una plata y dos bronces<\/strong>.<\/p>\n<p>La participaci\u00f3n en encuentros regionales permite que los deportistas contin\u00faen sumando competencia y experiencias, fortaleciendo el crecimiento del deporte adaptado provincial. Generar oportunidades y acompa\u00f1ar el desarrollo de cada atleta tambi\u00e9n forma parte de <strong>construir el San Juan del futuro<\/strong>.<\/p>\n<\/p><\/div>\n<p><script async defer crossorigin=\"anonymous\" src=\"https:\/\/connect.facebook.net\/es_ES\/sdk.js#xfbml=1&#038;version=v3.3\"><\/script><\/p>\n","protected":false},"excerpt":{"rendered":"<p>Con el acompa\u00f1amiento del Gobierno de San Juan, a trav\u00e9s del Ministerio de Turismo, Cultura y Deporte y la Secretar\u00eda de Deporte, una delegaci\u00f3n de 22 personas represent\u00f3 a la provincia en el Encuentro Regional de Boccia Adaptada, realizado el 28 y 29 de agosto en el Polideportivo Municipal de General Alvear, Mendoza. La disciplina [&hellip;]<\/p>\n","protected":false},"author":2,"featured_media":241504,"comment_status":"closed","ping_status":"closed","sticky":false,"template":"","format":"standard","meta":{"footnotes":""},"categories":[27],"tags":[],"class_list":["post-241503","post","type-post","status-publish","format-standard","has-post-thumbnail","hentry","category-san-juan"],"_links":{"self":[{"href":"https:\/\/radioacuariofm.com.ar\/index.php?rest_route=\/wp\/v2\/posts\/241503","targetHints":{"allow":["GET"]}}],"collection":[{"href":"https:\/\/radioacuariofm.com.ar\/index.php?rest_route=\/wp\/v2\/posts"}],"about":[{"href":"https:\/\/radioacuariofm.com.ar\/index.php?rest_route=\/wp\/v2\/types\/post"}],"author":[{"embeddable":true,"href":"https:\/\/radioacuariofm.com.ar\/index.php?rest_route=\/wp\/v2\/users\/2"}],"replies":[{"embeddable":true,"href":"https:\/\/radioacuariofm.com.ar\/index.php?rest_route=%2Fwp%2Fv2%2Fcomments&post=241503"}],"version-history":[{"count":1,"href":"https:\/\/radioacuariofm.com.ar\/index.php?rest_route=\/wp\/v2\/posts\/241503\/revisions"}],"predecessor-version":[{"id":241505,"href":"https:\/\/radioacuariofm.com.ar\/index.php?rest_route=\/wp\/v2\/posts\/241503\/revisions\/241505"}],"wp:featuredmedia":[{"embeddable":true,"href":"https:\/\/radioacuariofm.com.ar\/index.php?rest_route=\/wp\/v2\/media\/241504"}],"wp:attachment":[{"href":"https:\/\/radioacuariofm.com.ar\/index.php?rest_route=%2Fwp%2Fv2%2Fmedia&parent=241503"}],"wp:term":[{"taxonomy":"category","embeddable":true,"href":"https:\/\/radioacuariofm.com.ar\/index.php?rest_route=%2Fwp%2Fv2%2Fcategories&post=241503"},{"taxonomy":"post_tag","embeddable":true,"href":"https:\/\/radioacuariofm.com.ar\/index.php?rest_route=%2Fwp%2Fv2%2Ftags&post=241503"}],"curies":[{"name":"wp","href":"https:\/\/api.w.org\/{rel}","templated":true}]}}